{"id":611,"date":"2016-02-16T15:01:04","date_gmt":"2023-12-01T14:53:00","guid":{"rendered":""},"modified":"2023-07-21T16:23:42","modified_gmt":"2023-12-01T14:53:00","slug":"invitacion-x-congreso-nacional-xi-seminario-internacional","status":"publish","type":"post","link":"https:\/\/vicerrectorias.utp.edu.co\/viie\/invitacion-x-congreso-nacional-xi-seminario-internacional\/","title":{"rendered":"Invitaci\u00f3n X congreso Nacional XI Seminario Internacional"},"content":{"rendered":"\n<p><span class=\"post-content__span\"> <span>El Grupo de Fisiolog\u00eda Celular y Aplicada&nbsp;<\/span><span>de la Facultad de Ciencias de la Salud de la Universidad Tecnol\u00f3gica de Pereira&nbsp;<\/span><span>los invita a participar activamente de este evento, el m\u00e1s importante de las neurociencias experimentales en Colombia, que ser\u00e1 realizado en la UTP el pr\u00f3ximo mes de mayo.&nbsp;<\/span><\/p>\n\n\n\n<figure class=\"wp-block-image is-resized\"><img loading=\"lazy\" decoding=\"async\" src=\"https:\/\/vicerrectorias.utp.edu.co\/viie\/wp-content\/uploads\/sites\/3\/X%20Congreso.jpg\" alt=\"\" width=\"709\" height=\"992\"\/><\/figure>\n","protected":false},"excerpt":{"rendered":"<p>El Grupo de Fisiolog\u00eda Celular y Aplicada&nbsp;de la Facultad de Ciencias de la Salud de la Universidad Tecnol\u00f3gica de Pereira&nbsp;los invita a participar activamente de este evento, el m\u00e1s importante [&#8230;]<\/p>\n","protected":false},"author":0,"featured_media":10098,"comment_status":"closed","ping_status":"closed","sticky":false,"template":"","format":"standard","meta":{"footnotes":""},"categories":[1],"tags":[],"class_list":["post-611","post","type-post","status-publish","format-standard","has-post-thumbnail","hentry","category-sin-categoria"],"_links":{"self":[{"href":"https:\/\/vicerrectorias.utp.edu.co\/viie\/wp-json\/wp\/v2\/posts\/611","targetHints":{"allow":["GET"]}}],"collection":[{"href":"https:\/\/vicerrectorias.utp.edu.co\/viie\/wp-json\/wp\/v2\/posts"}],"about":[{"href":"https:\/\/vicerrectorias.utp.edu.co\/viie\/wp-json\/wp\/v2\/types\/post"}],"replies":[{"embeddable":true,"href":"https:\/\/vicerrectorias.utp.edu.co\/viie\/wp-json\/wp\/v2\/comments?post=611"}],"version-history":[{"count":2,"href":"https:\/\/vicerrectorias.utp.edu.co\/viie\/wp-json\/wp\/v2\/posts\/611\/revisions"}],"predecessor-version":[{"id":10849,"href":"https:\/\/vicerrectorias.utp.edu.co\/viie\/wp-json\/wp\/v2\/posts\/611\/revisions\/10849"}],"wp:featuredmedia":[{"embeddable":true,"href":"https:\/\/vicerrectorias.utp.edu.co\/viie\/wp-json\/wp\/v2\/media\/10098"}],"wp:attachment":[{"href":"https:\/\/vicerrectorias.utp.edu.co\/viie\/wp-json\/wp\/v2\/media?parent=611"}],"wp:term":[{"taxonomy":"category","embeddable":true,"href":"https:\/\/vicerrectorias.utp.edu.co\/viie\/wp-json\/wp\/v2\/categories?post=611"},{"taxonomy":"post_tag","embeddable":true,"href":"https:\/\/vicerrectorias.utp.edu.co\/viie\/wp-json\/wp\/v2\/tags?post=611"}],"curies":[{"name":"wp","href":"https:\/\/api.w.org\/{rel}","templated":true}]}}