{"id":5791,"date":"2023-06-30T09:12:01","date_gmt":"2023-06-30T07:12:01","guid":{"rendered":""},"modified":"2026-02-04T15:54:39","modified_gmt":"2026-02-04T14:54:39","slug":"plan-de-convocatorias-publicas-abiertas-y-competitivas-de-la-asignacion-para-la-ciencia-tecnologia-e-innovacion-del-sistema-general-de-regalias-2023","status":"publish","type":"post","link":"https:\/\/vicerrectorias.utp.edu.co\/viie\/plan-de-convocatorias-publicas-abiertas-y-competitivas-de-la-asignacion-para-la-ciencia-tecnologia-e-innovacion-del-sistema-general-de-regalias-2023\/","title":{"rendered":"PLAN DE CONVOCATORIAS P\u00daBLICAS, ABIERTAS Y COMPETITIVAS DE LA ASIGNACI\u00d3N PARA LA CIENCIA, TECNOLOG\u00cdA E INNOVACI\u00d3N DEL SISTEMA GENERAL DE REGAL\u00cdAS 2023"},"content":{"rendered":"\n<h3 class=\"wp-block-heading\"><strong>PLAN DE CONVOCATORIAS P\u00daBLICAS, ABIERTAS Y COMPETITIVAS DE LA ASIGNACI\u00d3N PARA LA CIENCIA, TECNOLOG\u00cdA E INNOVACI\u00d3N DEL SISTEMA GENERAL DE REGAL\u00cdAS 2023 &#8211; 2024<\/strong><\/h3>\n\n\n\n<p><span class=\"post-content__span\"> El Ministerio de Ciencia, Tecnolog\u00eda e Innovaci\u00f3n &#8211; MINCIENCIAS, como entidad encargada de ejercer la Secretar\u00eda T\u00e9cnica del \u00d3rgano Colegiado de Administraci\u00f3n y Decisi\u00f3n (OCAD) de la Ciencia, Tecnolog\u00eda e Innovaci\u00f3n (CTeI) del Sistema General de Regal\u00edas (SGR) en coordinaci\u00f3n con el Departamento Nacional de Planeaci\u00f3n (DNP) y el Ministerio de Ambiente y Desarrollo Sostenible (MINAMBIENTE), sobre la base de la informaci\u00f3n remitida por las 33 entidades territoriales incluyendo Bogot\u00e1 D.C, elabor\u00f3 el Plan de Convocatorias p\u00fablicas, abiertas y competitivas correspondiente al bienio 2023 &#8211; 2024, que contiene los aspectos relacionados con la planeaci\u00f3n de las convocatorias. Para el desarrollo de los ejercicios de planeaci\u00f3n se implement\u00f3 la \u201cMetodolog\u00eda para la formulaci\u00f3n de demandas territoriales con enfoque de pol\u00edticas orientadas por misiones (POM)\u201d en los territorios, que permitieron orientar las inversiones de la Asignaci\u00f3n para la Ciencia, Tecnolog\u00eda e Innovaci\u00f3n y de la Asignaci\u00f3n para la Ciencia, Tecnolog\u00eda e Innovaci\u00f3n Ambiental del Sistema General de Regal\u00edas. En la construcci\u00f3n de las demandas territoriales, se tuvieron en cuenta, las bases del Plan Nacional de Desarrollo 2022-2026, \u201cColombia potencia, mundial de la vida\u201d y se cont\u00f3 con la participaci\u00f3n de los gobiernos territoriales y los actores estrat\u00e9gicos del sector en cada territorio, as\u00ed como las recomendaciones dadas por la Misi\u00f3n Internacional de Sabios de 2019; y con ellos se establecieron los seis grandes retos, a saber:<\/p>\n\n\n\n<ul class=\"wp-block-list\">\n<li>Reto 1. Aprovechar el conocimiento, conservaci\u00f3n y&nbsp;uso sostenible de la biodiversidad, bienes y servicios ecosist\u00e9micos.<\/li>\n\n\n\n<li>Reto 2. Garantizar la soberan\u00eda alimentaria y el derecho a la alimentaci\u00f3n.<\/li>\n\n\n\n<li>Reto 3. Asegurar la generaci\u00f3n, acceso y uso de energ\u00edas sostenibles para todos.<\/li>\n\n\n\n<li>Reto 4. Garantizar la seguridad sanitaria, la salud y el bienestar de la poblaci\u00f3n en el territorio nacional.<\/li>\n\n\n\n<li>Reto 5. Poner fin a todas las formas de violencia en Colombia.<\/li>\n\n\n\n<li>Reto 6. Asegurar la convergencia regional y el ordenamiento del territorio.<\/li>\n<\/ul>\n\n\n<div class=\"wp-block-image\">\n<figure class=\"aligncenter size-large is-resized\"><img decoding=\"async\" src=\"https:\/\/media2.utp.edu.co\/imagenes\/infografia_Plan_Bienal_page-0001%281%29.jpg\" alt=\"\" style=\"width:521px;height:1573px\"\/><\/figure>\n<\/div>\n\n\n<h3 class=\"wp-block-heading\"><strong>Presupuesto asignaci\u00f3n para la Ciencia, Tecnolog\u00eda e Innovaci\u00f3n del Sistema General de Regal\u00edas para el bienio 2023-2024.<\/strong><\/h3>\n\n\n\n<p><span class=\"post-content__span\"> Mediante la Ley 2279 de 21 de diciembre de 2022 \u201cPor la cual se decreta el presupuesto del Sistema General de Regal\u00edas para el bienio del 1 de enero de 2023 al 31 de diciembre de 2024\u201d, se establece en el art\u00edculo 4 \u2013 Presupuesto destinado a la inversi\u00f3n del Sistema General de Regal\u00edas, la Asignaci\u00f3n para la Ciencia, Tecnolog\u00eda e Innovaci\u00f3n por valor de DOS BILLONES NOVECIENTOS NOVENTA MIL SETECIENTOS TREINTA Y NUEVE MILLONES SETECIENTOS SETENTA Y UN MIL SEISCIENTOS CINCUENTA Y DOS PESOS MCTE. ($2.990.739.771.652), distribuidos as\u00ed:&nbsp;<\/p>\n\n\n\n<figure class=\"wp-block-table is-style-stripes\"><table class=\"has-fixed-layout\"><thead><tr><th scope=\"col\">Asignaci\u00f3n CTel Bienio 2023-2024 (Ley 2279 de 2022)<\/th><th scope=\"col\">Valor<\/th><\/tr><\/thead><tbody><tr><td>Asignaci\u00f3n para la ciencia, Tecnolog\u00eda e innovaci\u00f3n- Convocatorias<\/td><td>\n<p><span class=\"post-content__span\"> 2.392.591.817.322&nbsp;<\/p>\n<\/td><\/tr><tr><td>Asignaci\u00f3n para la Ciencia, Tecnolog\u00eda e innovaci\u00f3n Ambiental &#8211; Convocatorias de ambiente y desarrollo sostenible&nbsp;<\/td><td>598.147.954.330<\/td><\/tr><tr><td><strong>ASIGNACI\u00d3N CTel<\/strong><\/td><td>$2.990.739.771.652<\/td><\/tr><\/tbody><\/table><\/figure>\n\n\n\n<p><span class=\"post-content__span\"> Ahora bien, sobre el valor de la asignaci\u00f3n contenida en la Ley 2279 de 2022, aplica la restricci\u00f3n indicada en el art\u00edculo 12 &#8211; L\u00edmites para la aprobaci\u00f3n de proyectos en la vigencia presupuestal 2023-2024, en la cual se pueden aprobar proyectos de inversi\u00f3n hasta por el 60% de la apropiaci\u00f3n de ingresos corrientes asignada, durante el a\u00f1o 2023 y para el a\u00f1o 2024, se mantendr\u00e1 el 80% hasta el pronunciamiento de la Comisi\u00f3n Rectora en el tercer semestre del bienio. La restricci\u00f3n del 80% para comprometer los recursos asignados, es importante dado que el presupuesto del Sistema General de Regal\u00edas es un presupuesto de caja, tal como lo dispone el par\u00e1grafo del art\u00edculo 154 de la Ley 2056 de 2020 &#8211; Disponibilidad de Recursos, \u201cEl presupuesto del Sistema General de Regal\u00edas es de caja, por lo tanto, la planeaci\u00f3n de la inversi\u00f3n, adem\u00e1s de la apropiaci\u00f3n vigente, tendr\u00e1 en cuenta el recaudo efectivo generado por la explotaci\u00f3n de recursos naturales no renovables, el plan bienal de caja, y para el caso de asignaciones directas y asignaci\u00f3n para la inversi\u00f3n local, los recursos que hayan sido girados contra presupuestos de bienios anteriores a la entrada en vigencia de la presente Ley, con cargo a los cuales no se hayan aprobado proyectos de inversi\u00f3n o la financiaci\u00f3n de compromisos.\u201d Por ello, los recursos planeados para la inversi\u00f3n en las convocatorias p\u00fablicas, abiertas y competitivas, son susceptibles de ajustes, si no se cumple el recaudo de las regal\u00edas con la proyecci\u00f3n de recursos establecida en la Ley 2279 de 2022.<\/p>\n\n\n\n<h3 class=\"wp-block-heading\"><strong>Convocatorias incluidas en el plan&nbsp;Bienal 2023-2024<\/strong><\/h3>\n\n\n<div class=\"wp-block-image\">\n<figure class=\"aligncenter size-large\"><img decoding=\"async\" src=\"https:\/\/vicerrectorias.utp.edu.co\/viie\/wp-content\/uploads\/sites\/3\/ConvocatoriasPublicas.png\" alt=\"\"\/><\/figure>\n<\/div>\n\n<div class=\"wp-block-image\">\n<figure class=\"aligncenter size-large is-resized\"><img decoding=\"async\" src=\"https:\/\/media2.utp.edu.co\/imagenes\/Captura%286%29.PNG\" alt=\"\" style=\"width:666px;height:754px\"\/><\/figure>\n<\/div>\n\n<div class=\"wp-block-image\">\n<figure class=\"aligncenter size-large is-resized\"><img decoding=\"async\" src=\"https:\/\/media2.utp.edu.co\/imagenes\/66.PNG\" alt=\"\" style=\"width:666px;height:643px\"\/><\/figure>\n<\/div>\n\n\n<p><span class=\"post-content__span\"> Notas:<\/p>\n\n\n\n<p><span class=\"post-content__span\"> \u25cf Los montos indicativos de las convocatorias podr\u00e1n ser sujetos a modificaciones en caso de variaci\u00f3n respecto al recaudo proyectado para el bienio, lo anterior, si existe un pronunciamiento por parte de la Comisi\u00f3n Rectora del Sistema General de Regal\u00edas en concordancia con el art\u00edculo 12 &#8211; L\u00edmites para la aprobaci\u00f3n de proyectos en la vigencia presupuestal 2023-2024, y las cuales quedar\u00e1n sujetas a aprobaci\u00f3n del OCAD de CTeI.<\/p>\n\n\n\n<p><span class=\"post-content__span\"> \u25cf Para la definici\u00f3n de las convocatorias, los territorios de influencia, su alcance tem\u00e1tico y la estimaci\u00f3n de los montos indicativos, se tuvo en cuenta, entre otros, lo establecido en: i) El Plan Nacional de Desarrollo 2022-2026 \u201cColombia Potencia Mundial de la Vida\u201d, ii) La Misi\u00f3n Internacional de Sabios 2019, iii) El CONPES 4069 \u201cPol\u00edtica Nacional de Ciencia, Tecnolog\u00eda e Innovaci\u00f3n 2022-2031\u201d, iv) La priorizaci\u00f3n de necesidades y oportunidades expresadas por los territorios y el Sistema Nacional ambiental, as\u00ed como lo establecido en el decreto 591 de 1991, el Manual de Clasificaci\u00f3n Program\u00e1tica del Gasto P\u00fablico del DNP y la normatividad del SGR.&nbsp;<\/p>\n\n\n\n<p><span class=\"post-content__span\"> \u25cf El monto indicativo de la asignaci\u00f3n CTeI Ambiental para el primer a\u00f1o, corresponde a la restricci\u00f3n del recurso contenida en la Ley 2279 de 2022, art\u00edculo 12 &#8211; L\u00edmites para la aprobaci\u00f3n de proyectos en la vigencia presupuestal 2023-2024, en la cual se pueden aprobar proyectos de inversi\u00f3n hasta por el 60% de la apropiaci\u00f3n de ingresos corrientes asignada, durante el a\u00f1o 2023.<\/p>\n\n\n\n<p><span class=\"post-content__span\"> \u25cf Es menester indicar que los montos indicativos podr\u00e1n ser susceptibles de modificaciones en caso de que se susciten aprobaciones de ajustes por parte del OCAD.<\/p>\n\n\n\n<h3 class=\"wp-block-heading\"><strong>Cronograma de apertura<\/strong><\/h3>\n\n\n\n<figure class=\"wp-block-table is-style-stripes\"><table class=\"has-fixed-layout\"><thead><tr><th class=\"has-text-align-center\" data-align=\"center\" scope=\"col\">No.<\/th><th class=\"has-text-align-center\" data-align=\"center\" scope=\"col\">Convocatoria&nbsp;<\/th><th class=\"has-text-align-center\" data-align=\"center\" scope=\"col\">Fecha Estimada de apertura<\/th><\/tr><\/thead><tbody><tr><td class=\"has-text-align-center\" data-align=\"center\">33<\/td><td class=\"has-text-align-center\" data-align=\"center\">\n<p><span class=\"post-content__span\"> Convocatoria de Vocaciones Tempranas<\/p>\n<\/td><td class=\"has-text-align-center\" data-align=\"center\">\n<p><span class=\"post-content__span\"> Tercer trimestre 2023 (Tercera Semana de Julio)<\/p>\n<\/td><\/tr><tr><td class=\"has-text-align-center\" data-align=\"center\">34<\/td><td class=\"has-text-align-center\" data-align=\"center\">\n<p><span class=\"post-content__span\"> Convocatoria Asignaci\u00f3n CTeI Ambiental&nbsp;<\/p>\n<\/td><td class=\"has-text-align-center\" data-align=\"center\">\n<p><span class=\"post-content__span\"> Tercer trimestre 2023 (Tercera Semana de Julio)<\/p>\n<\/td><\/tr><tr><td class=\"has-text-align-center\" data-align=\"center\">35<\/td><td class=\"has-text-align-center\" data-align=\"center\">\n<p><span class=\"post-content__span\"> Convocatoria de Formaci\u00f3n de Alto Nivel<\/p>\n<\/td><td class=\"has-text-align-center\" data-align=\"center\">\n<p><span class=\"post-content__span\"> Tercer trimestre 2023 (Segunda Semana de Agosto)<\/p>\n<\/td><\/tr><tr><td class=\"has-text-align-center\" data-align=\"center\">36<\/td><td class=\"has-text-align-center\" data-align=\"center\">\n<p><span class=\"post-content__span\"> Convocatoria Ciencias B\u00e1sicas.<\/p>\n<\/td><td class=\"has-text-align-center\" data-align=\"center\">Cuarto trimestre 2023 (Primera Semana de Septiembre)&nbsp;<\/td><\/tr><tr><td class=\"has-text-align-center\" data-align=\"center\">37<\/td><td class=\"has-text-align-center\" data-align=\"center\">Macroproyectos Nacionales De CTeI.<\/td><td class=\"has-text-align-center\" data-align=\"center\">\n<p><span class=\"post-content__span\"> Cuarto trimestre 2023 (Primera Semana de Noviembre)<\/p>\n<\/td><\/tr><tr><td class=\"has-text-align-center\" data-align=\"center\">38<\/td><td class=\"has-text-align-center\" data-align=\"center\">\n<p><span class=\"post-content__span\"> Convocatoria para la seguridad sanitaria, la salud y el bienestar de la poblaci\u00f3n en el territorio nacional.<\/p>\n<\/td><td class=\"has-text-align-center\" data-align=\"center\">\n<p><span class=\"post-content__span\"> Cuarto trimestre 2023 (Segunda Semana de Diciembre)<\/p>\n<\/td><\/tr><tr><td class=\"has-text-align-center\" data-align=\"center\">39<\/td><td class=\"has-text-align-center\" data-align=\"center\">\n<p><span class=\"post-content__span\"> Convocatoria para poner fin a todas las formas de violencia en Colombia.<\/p>\n<\/td><td class=\"has-text-align-center\" data-align=\"center\">\n<p><span class=\"post-content__span\"> Cuarto trimestre 2023 (Segunda Semana de Diciembre)<\/p>\n<\/td><\/tr><tr><td class=\"has-text-align-center\" data-align=\"center\">40<\/td><td class=\"has-text-align-center\" data-align=\"center\">\n<p><span class=\"post-content__span\"> Convocatoria para la generaci\u00f3n, acceso y uso de energ\u00edas sostenibles para todos.&nbsp;<\/p>\n<\/td><td class=\"has-text-align-center\" data-align=\"center\">\n<p><span class=\"post-content__span\"> Primer trimestre 2024 (Segunda Semana de Febrero)<\/p>\n<\/td><\/tr><tr><td class=\"has-text-align-center\" data-align=\"center\">41<\/td><td class=\"has-text-align-center\" data-align=\"center\">\n<p><span class=\"post-content__span\"> Convocatoria para la soberan\u00eda alimentaria y el derecho a la alimentaci\u00f3n.<\/p>\n<\/td><td class=\"has-text-align-center\" data-align=\"center\">\n<p><span class=\"post-content__span\"> Primer trimestre 2024 (Segunda Semana de Febrero)<\/p>\n<\/td><\/tr><tr><td class=\"has-text-align-center\" data-align=\"center\">42<\/td><td class=\"has-text-align-center\" data-align=\"center\">\n<p><span class=\"post-content__span\"> Convocatoria para la convergencia regional y el ordenamiento del territorio.&nbsp;<\/p>\n<\/td><td class=\"has-text-align-center\" data-align=\"center\">\n<p><span class=\"post-content__span\"> Primer trimestre 2024 (Segunda Semana de Marzo)<\/p>\n<\/td><\/tr><tr><td class=\"has-text-align-center\" data-align=\"center\">43<\/td><td class=\"has-text-align-center\" data-align=\"center\">\n<p><span class=\"post-content__span\"> Convocatoria para el conocimiento, conservaci\u00f3n y uso sostenible de la biodiversidad, bienes y servicios ecosist\u00e9micos.<\/p>\n<\/td><td class=\"has-text-align-center\" data-align=\"center\">\n<p><span class=\"post-content__span\"> Primer trimestre 2024 (Segunda Semana de Marzo)&nbsp;<\/p>\n<\/td><\/tr><\/tbody><\/table><\/figure>\n\n\n\n<h3 class=\"wp-block-heading has-text-align-center\"><strong>Documentos de apoyo<\/strong><\/h3>\n\n\n\n<div class=\"wp-block-columns is-layout-flex wp-container-core-columns-is-layout-9d6595d7 wp-block-columns-is-layout-flex\">\n<div class=\"wp-block-column is-layout-flow wp-block-column-is-layout-flow\" style=\"flex-basis:66.66%\"><div class=\"wp-block-image\">\n<figure class=\"aligncenter size-large is-resized\"><a href=\"http:\/\/www.minciencias.gov.co\/sites\/default\/files\/upload\/paginas\/plan_bienal_de_convocatorias_asctei_2023-2024.pdf\"><img decoding=\"async\" src=\"https:\/\/media2.utp.edu.co\/imagenes\/PDF_file_icon.svg.png\" alt=\"\" style=\"width:208px;height:256px\"\/><\/a><\/figure>\n<\/div><\/div>\n\n\n\n<div class=\"wp-block-column is-vertically-aligned-center is-layout-flow wp-block-column-is-layout-flow\" style=\"flex-basis:33.33%\">\n<p><span class=\"post-content__span\"> <a href=\"https:\/\/www.minciencias.gov.co\/sites\/default\/files\/upload\/paginas\/plan_bienal_de_convocatorias_asctei_2023-2024.pdf\">PLAN DE CONVOCATORIAS P\u00daBLICAS, ABIERTAS Y COMPETITIVAS DE LA ASIGNACI\u00d3N PARA LA CIENCIA, TECNOLOG\u00cdA E INNOVACI\u00d3N DEL SISTEMA GENERAL DE REGAL\u00cdAS 2023 &#8211; 2024<\/a>&nbsp;<\/p>\n<\/div>\n<\/div>\n\n\n\n<p class=\"has-text-align-center\"><span class=\"post-content__span\"> <a href=\"https:\/\/vicerrectorias.utp.edu.co\/viie\/wp-content\/uploads\/sites\/3\/Plan%20Bienal.pdf\">PRESENTACI\u00d3N PLAN BIENAL CONVOCATORIAS 2023 &#8211; 2024<\/a><\/p>\n\n\n\n<figure class=\"wp-block-image size-large\"><a href=\"https:\/\/media2.utp.edu.co\/archivos\/Plan Bienal(1).pdf\"><img decoding=\"async\" src=\"https:\/\/media2.utp.edu.co\/imagenes\/PLAN%281%29.PNG\" alt=\"\"\/><\/a><\/figure>\n\n\n\n<p><span class=\"post-content__span\"> <strong>Socializaci\u00f3n Virtual Plan Bienal de Convocatorias 2023-2024<\/strong><\/p>\n\n\n\n<p><span class=\"post-content__span\"> <iframe loading=\"lazy\" allow=\"accelerometer; autoplay; clipboard-write; encrypted-media; gyroscope; picture-in-picture; web-share\" allowfullscreen=\"\" src=\"https:\/\/www.youtube.com\/embed\/iPdy9MR9rr8\" title=\"YouTube video player\" width=\"560\" height=\"315\" frameborder=\"0\"><\/p><\/iframe><\/p>\n\n\n\n<p><span class=\"post-content__span\"> <strong>Socializaci\u00f3n del Plan Bienal de Convocatorias a la Asignaci\u00f3n de CTel del SGR<\/strong><\/p>\n\n\n\n<figure class=\"wp-block-embed is-type-video is-provider-youtube wp-block-embed-youtube wp-embed-aspect-16-9 wp-has-aspect-ratio\"><div class=\"wp-block-embed__wrapper\">\n<iframe loading=\"lazy\" title=\"Socializaci\u00f3n del Plan Bienal de Convocatorias de la Asignaci\u00f3n de la CTeI del SGR\" width=\"500\" height=\"281\" src=\"https:\/\/www.youtube.com\/embed\/42axgaFYSP4?feature=oembed\" frameborder=\"0\" allow=\"accelerometer; autoplay; clipboard-write; encrypted-media; gyroscope; picture-in-picture; web-share\" referrerpolicy=\"strict-origin-when-cross-origin\" allowfullscreen><\/iframe>\n<\/div><\/figure>\n\n\n\n<p><span class=\"post-content__span\"> Cualquier duda o inquietud al respecto con gusto ser\u00e1 resuelta por la funcionaria <strong>Juliana Villegas Arias<\/strong><\/p>\n\n\n\n<p><span class=\"post-content__span\"> (<a rel=\"noreferrer noopener\" href=\"mailto:innovacionutp@utp.edu.co\" target=\"_blank\">innovacionutp@utp.edu.co<\/a>, 3137309 Ext. 7693)<\/p>\n","protected":false},"excerpt":{"rendered":"<p>PLAN DE CONVOCATORIAS P\u00daBLICAS, ABIERTAS Y COMPETITIVAS DE LA ASIGNACI\u00d3N PARA LA CIENCIA, TECNOLOG\u00cdA E INNOVACI\u00d3N DEL SISTEMA GENERAL DE REGAL\u00cdAS 2023 &#8211; 2024 El Ministerio de Ciencia, Tecnolog\u00eda e [&#8230;]<\/p>\n","protected":false},"author":0,"featured_media":0,"comment_status":"closed","ping_status":"closed","sticky":false,"template":"","format":"standard","meta":{"footnotes":""},"categories":[1],"tags":[],"class_list":["post-5791","post","type-post","status-publish","format-standard","hentry","category-sin-categoria"],"_links":{"self":[{"href":"https:\/\/vicerrectorias.utp.edu.co\/viie\/wp-json\/wp\/v2\/posts\/5791","targetHints":{"allow":["GET"]}}],"collection":[{"href":"https:\/\/vicerrectorias.utp.edu.co\/viie\/wp-json\/wp\/v2\/posts"}],"about":[{"href":"https:\/\/vicerrectorias.utp.edu.co\/viie\/wp-json\/wp\/v2\/types\/post"}],"replies":[{"embeddable":true,"href":"https:\/\/vicerrectorias.utp.edu.co\/viie\/wp-json\/wp\/v2\/comments?post=5791"}],"version-history":[{"count":8,"href":"https:\/\/vicerrectorias.utp.edu.co\/viie\/wp-json\/wp\/v2\/posts\/5791\/revisions"}],"predecessor-version":[{"id":22824,"href":"https:\/\/vicerrectorias.utp.edu.co\/viie\/wp-json\/wp\/v2\/posts\/5791\/revisions\/22824"}],"wp:attachment":[{"href":"https:\/\/vicerrectorias.utp.edu.co\/viie\/wp-json\/wp\/v2\/media?parent=5791"}],"wp:term":[{"taxonomy":"category","embeddable":true,"href":"https:\/\/vicerrectorias.utp.edu.co\/viie\/wp-json\/wp\/v2\/categories?post=5791"},{"taxonomy":"post_tag","embeddable":true,"href":"https:\/\/vicerrectorias.utp.edu.co\/viie\/wp-json\/wp\/v2\/tags?post=5791"}],"curies":[{"name":"wp","href":"https:\/\/api.w.org\/{rel}","templated":true}]}}