{"id":5741,"date":"2023-06-23T08:58:02","date_gmt":"2023-12-01T14:53:00","guid":{"rendered":""},"modified":"2023-07-13T15:12:14","modified_gmt":"2023-12-01T14:53:00","slug":"capacitacion-formulacion-de-proyectos-del-sistema-general-de-regalias","status":"publish","type":"post","link":"https:\/\/vicerrectorias.utp.edu.co\/viie\/capacitacion-formulacion-de-proyectos-del-sistema-general-de-regalias\/","title":{"rendered":"Capacitaci\u00f3n Formulaci\u00f3n de Proyectos del Sistema General de Regal\u00edas"},"content":{"rendered":"\n<p><span class=\"post-content__span\"> La Vicerrector\u00eda de Investigaciones, Innovaci\u00f3n y Extensi\u00f3n tiene el gusto de invitarlo a la&nbsp;Capacitaci\u00f3n Formulaci\u00f3n de Proyectos del Sistema General de Regal\u00edas.<\/p>\n\n\n\n<figure class=\"wp-block-image is-resized\"><img loading=\"lazy\" decoding=\"async\" src=\"https:\/\/media2.utp.edu.co\/imagenes\/formulaci%C3%B3n.jpg\" alt=\"\" width=\"540\" height=\"677\"\/><\/figure>\n\n\n\n<figure class=\"wp-block-image is-resized\"><img loading=\"lazy\" decoding=\"async\" src=\"https:\/\/media2.utp.edu.co\/imagenes\/formulaci%C3%B3n1.jpeg\" alt=\"\" width=\"540\" height=\"677\"\/><\/figure>\n\n\n\n<h3 class=\"wp-block-heading\"><strong>IMPORTANTE:<\/strong><\/h3>\n\n\n\n<p><span class=\"post-content__span\"> 1.&nbsp;&nbsp;El Taller ser\u00e1 orientado a integrantes de grupos de investigaci\u00f3n.<\/p>\n\n\n\n<p><span class=\"post-content__span\"> 2. Para que la inscripci\u00f3n sea v\u00e1lida, el Grupo de Investigaci\u00f3n deber\u00e1 estar a paz y salvo con la Vicerrector\u00eda de Investigaciones, Innovaci\u00f3n y Extensi\u00f3n.&nbsp;<\/p>\n\n\n\n<p><span class=\"post-content__span\"> 3.&nbsp;Los cupos para el Taller son limitados. Por tal motivo, solamente se tendr\u00e1n en cuenta las inscripciones de las primeras 20 personas que cumplan con los requisitos mencionados anteriormente.<\/p>\n\n\n\n<p><span class=\"post-content__span\"> <strong><a href=\"https:\/\/docs.google.com\/forms\/d\/e\/1FAIpQLSfXggC9Hi_C3UJydAEGeV7DdDe7oGr0OKGIAgg4kq3VafabyA\/formResponse\">INSCRIPCIONES AQU\u00cd<\/a><\/strong><\/p>\n\n\n\n<h3 class=\"wp-block-heading\"><strong>M\u00c1S INFORMACI\u00d3N<\/strong><\/h3>\n\n\n\n<p><span class=\"post-content__span\"> Vicerrector\u00eda de Investigaciones, Innovaci\u00f3n y Extensi\u00f3n<\/p>\n\n\n\n<p><span class=\"post-content__span\"> <strong>Lothar Garc\u00eda. EXT:&nbsp;<\/strong>7789<\/p>\n\n\n\n<p><span class=\"post-content__span\"> <strong>Email:<\/strong>&nbsp;<a href=\"mailto:investigaciones@utp.edu.co\">investigaciones@utp.edu.co<\/a><\/p>\n","protected":false},"excerpt":{"rendered":"<p>La Vicerrector\u00eda de Investigaciones, Innovaci\u00f3n y Extensi\u00f3n tiene el gusto de invitarlo a la&nbsp;Capacitaci\u00f3n Formulaci\u00f3n de Proyectos del Sistema General de Regal\u00edas. IMPORTANTE: 1.&nbsp;&nbsp;El Taller ser\u00e1 orientado a integrantes de [&#8230;]<\/p>\n","protected":false},"author":0,"featured_media":10316,"comment_status":"closed","ping_status":"closed","sticky":false,"template":"","format":"standard","meta":{"footnotes":""},"categories":[1],"tags":[],"class_list":["post-5741","post","type-post","status-publish","format-standard","has-post-thumbnail","hentry","category-sin-categoria"],"_links":{"self":[{"href":"https:\/\/vicerrectorias.utp.edu.co\/viie\/wp-json\/wp\/v2\/posts\/5741","targetHints":{"allow":["GET"]}}],"collection":[{"href":"https:\/\/vicerrectorias.utp.edu.co\/viie\/wp-json\/wp\/v2\/posts"}],"about":[{"href":"https:\/\/vicerrectorias.utp.edu.co\/viie\/wp-json\/wp\/v2\/types\/post"}],"replies":[{"embeddable":true,"href":"https:\/\/vicerrectorias.utp.edu.co\/viie\/wp-json\/wp\/v2\/comments?post=5741"}],"version-history":[{"count":2,"href":"https:\/\/vicerrectorias.utp.edu.co\/viie\/wp-json\/wp\/v2\/posts\/5741\/revisions"}],"predecessor-version":[{"id":10425,"href":"https:\/\/vicerrectorias.utp.edu.co\/viie\/wp-json\/wp\/v2\/posts\/5741\/revisions\/10425"}],"wp:featuredmedia":[{"embeddable":true,"href":"https:\/\/vicerrectorias.utp.edu.co\/viie\/wp-json\/wp\/v2\/media\/10316"}],"wp:attachment":[{"href":"https:\/\/vicerrectorias.utp.edu.co\/viie\/wp-json\/wp\/v2\/media?parent=5741"}],"wp:term":[{"taxonomy":"category","embeddable":true,"href":"https:\/\/vicerrectorias.utp.edu.co\/viie\/wp-json\/wp\/v2\/categories?post=5741"},{"taxonomy":"post_tag","embeddable":true,"href":"https:\/\/vicerrectorias.utp.edu.co\/viie\/wp-json\/wp\/v2\/tags?post=5741"}],"curies":[{"name":"wp","href":"https:\/\/api.w.org\/{rel}","templated":true}]}}