{"id":5631,"date":"2023-04-17T10:51:59","date_gmt":"2023-12-01T14:53:00","guid":{"rendered":""},"modified":"2023-08-01T11:37:04","modified_gmt":"2023-12-01T14:53:00","slug":"oportunidad-a-la-vista-becas-recla-para-la-comunidad-utp","status":"publish","type":"post","link":"https:\/\/vicerrectorias.utp.edu.co\/viie\/oportunidad-a-la-vista-becas-recla-para-la-comunidad-utp\/","title":{"rendered":"\u00a1Oportunidad a la vista! Becas RECLA para la comunidad UTP"},"content":{"rendered":"\n<p><span class=\"post-content__span\"> Desde La Vicerrector\u00eda de Investigaciones, Innovaci\u00f3n y Extensi\u00f3n, en&nbsp;el&nbsp;marco&nbsp;de la&nbsp;afiliaci\u00f3n&nbsp;de la Universidad Tecnol\u00f3gica de Pereira a la Red de Educaci\u00f3n Continua de Latinoam\u00e9rica y Europa&nbsp;RECLA, tenemos el&nbsp;gusto de invitarlo a participar en el&nbsp;<strong>programa de&nbsp;<\/strong><strong>becas<\/strong>&nbsp;<strong>RECLA<\/strong><strong>,<\/strong>&nbsp;que &nbsp;tiene como prop\u00f3sito auspiciar un espacio de cooperaci\u00f3n en el que universidades socias de la Red contribuyen con&nbsp;becas&nbsp;de sus programas de educaci\u00f3n continua y las hacen extensivas a&nbsp;<strong>docentes, funcionarios administrativos, egresados y&nbsp;estudiantes&nbsp;<\/strong>de otras universidades que tambi\u00e9n forman parte de&nbsp;RECLA.<\/p>\n\n\n<div class=\"wp-block-image\">\n<figure class=\"aligncenter is-resized\"><img loading=\"lazy\" decoding=\"async\" src=\"https:\/\/media2.utp.edu.co\/imagenes\/BECAS%20RECLA_Mesa%20de%20trabajo%201(1).png\" alt=\"\" width=\"540\" height=\"540\"\/><\/figure>\n<\/div>\n\n<div class=\"wp-block-image\">\n<figure class=\"aligncenter\"><a href=\"https:\/\/www.youtube.com\/watch?v=zD-ebVewDlI&amp;t=43s\"><img decoding=\"async\" src=\"https:\/\/media2.utp.edu.co\/imagenes\/c%C3%B3mo%20acceder%20bot%2Bon.PNG\" alt=\"\"\/><\/a><\/figure>\n<\/div>\n\n\n<p><span class=\"post-content__span\"> Para conocer la oferta disponible y m\u00e1s informaci\u00f3n sobre el programa de Becas RECLA, visita:&nbsp;<a href=\"https:\/\/track.mdrctr.com\/track\/link\/key\/92787-1133-1360-133-3104-219363\/signature\/07402e9882a248d8f84ab3e213bce05b\/contactInfo\/Y29uSWQ9MzEwNH5%2BZW1haWw9anVhbmpvc2UudmFyZ2FzMUB1dHAuZWR1LmNvfn5lbXBJZD05Mjc4N35%2BbW92aWw9LX5%2Bc3ViSWQ9MTEzM35%2BZW52SWQ9MzYyfn5saXN0SWQ9MTMzfn5zbmFwSWQ9MjE5MzYzfn5tZFBhcnRzPTF%2Bfm1kRENTdWJqZWN0PX5%2BbWRFbWFpbE1ENT05MjFkZWM4YmE2MGJmZjhmZGY2ODcxYmJmNjRlODBkMH5%2BbWRFbWFpbFNIQTI1Nj1iZjVjOWMxZGUxZTUwMDlkYjc1MjdlNmVkMTcwOTM2MjJlNmNkOTU3ZWI2M2UwMWRhMjAwZmRhMTgzODMwZTRmfn5yZWdpc3RlckRhdGU9MjAyMy0wMy0xNSAyMTowNTo0M35%2BbWREZWxpdmVyeURhdGU9MjAyMy0wNC0xMiAxNTowNTowMH5%2BY29uX21kNT01OWVmNzQyM2Y1MDc2YTMzYzA1OTViM2ViNzQ2ODA2Mw%3D%3D\/userid\/921dec8ba60bff8fdf6871bbf64e80d0\" target=\"_blank\" rel=\"noopener noreferrer\">https:\/\/becas.recla.org\/<\/a><\/p>\n","protected":false},"excerpt":{"rendered":"<p>Desde La Vicerrector\u00eda de Investigaciones, Innovaci\u00f3n y Extensi\u00f3n, en&nbsp;el&nbsp;marco&nbsp;de la&nbsp;afiliaci\u00f3n&nbsp;de la Universidad Tecnol\u00f3gica de Pereira a la Red de Educaci\u00f3n Continua de Latinoam\u00e9rica y Europa&nbsp;RECLA, tenemos el&nbsp;gusto de invitarlo a [&#8230;]<\/p>\n","protected":false},"author":0,"featured_media":10312,"comment_status":"closed","ping_status":"closed","sticky":false,"template":"","format":"standard","meta":{"footnotes":""},"categories":[1],"tags":[],"class_list":["post-5631","post","type-post","status-publish","format-standard","has-post-thumbnail","hentry","category-sin-categoria"],"_links":{"self":[{"href":"https:\/\/vicerrectorias.utp.edu.co\/viie\/wp-json\/wp\/v2\/posts\/5631","targetHints":{"allow":["GET"]}}],"collection":[{"href":"https:\/\/vicerrectorias.utp.edu.co\/viie\/wp-json\/wp\/v2\/posts"}],"about":[{"href":"https:\/\/vicerrectorias.utp.edu.co\/viie\/wp-json\/wp\/v2\/types\/post"}],"replies":[{"embeddable":true,"href":"https:\/\/vicerrectorias.utp.edu.co\/viie\/wp-json\/wp\/v2\/comments?post=5631"}],"version-history":[{"count":2,"href":"https:\/\/vicerrectorias.utp.edu.co\/viie\/wp-json\/wp\/v2\/posts\/5631\/revisions"}],"predecessor-version":[{"id":11133,"href":"https:\/\/vicerrectorias.utp.edu.co\/viie\/wp-json\/wp\/v2\/posts\/5631\/revisions\/11133"}],"wp:featuredmedia":[{"embeddable":true,"href":"https:\/\/vicerrectorias.utp.edu.co\/viie\/wp-json\/wp\/v2\/media\/10312"}],"wp:attachment":[{"href":"https:\/\/vicerrectorias.utp.edu.co\/viie\/wp-json\/wp\/v2\/media?parent=5631"}],"wp:term":[{"taxonomy":"category","embeddable":true,"href":"https:\/\/vicerrectorias.utp.edu.co\/viie\/wp-json\/wp\/v2\/categories?post=5631"},{"taxonomy":"post_tag","embeddable":true,"href":"https:\/\/vicerrectorias.utp.edu.co\/viie\/wp-json\/wp\/v2\/tags?post=5631"}],"curies":[{"name":"wp","href":"https:\/\/api.w.org\/{rel}","templated":true}]}}