{"id":5601,"date":"2023-04-21T09:00:22","date_gmt":"2023-12-01T14:53:00","guid":{"rendered":""},"modified":"2023-07-17T09:16:05","modified_gmt":"2023-12-01T14:53:00","slug":"convocatoria-936-ecosistemas-en-bioeconomia-ecosistemas-naturales-territorios-sostenibles","status":"publish","type":"post","link":"https:\/\/vicerrectorias.utp.edu.co\/viie\/convocatoria-936-ecosistemas-en-bioeconomia-ecosistemas-naturales-territorios-sostenibles\/","title":{"rendered":"Convocatoria 936 \u00abEcosistemas en Bioeconom\u00eda, ecosistemas naturales, territorios sostenibles\u00bb"},"content":{"rendered":"\n<h3 class=\"wp-block-heading\"><strong>Convocatoria 936 \u00abEcosistemas en bioeconom\u00eda, ecosistemas naturales, territorios sostenibles\u00bb<\/strong><\/h3>\n\n\n\n<h3 class=\"wp-block-heading\"><strong>Procedimiento interno para la priorizaci\u00f3n de propuestas a presentar por parte de la Universidad Tecnol\u00f3gica de Pereira como proponente en la Convocatoria 936 de 2023 Convocatoria \u00abEcosistemas en bioeconom\u00eda, ecosistemas naturales, territorios sostenibles\u00bb<\/strong><\/h3>\n\n\n\n<p><span class=\"post-content__span\"> La Vicerrector\u00eda de Investigaciones, Innovaci\u00f3n y Extensi\u00f3n informa a los grupos de investigaci\u00f3n interesados en participar como proponentes en<strong>&nbsp;la Convocatoria 936&nbsp;de 2023 &#8211;&nbsp;Convocatoria Ecosistemas en bioeconom\u00eda, ecosistemas naturales, territorios sostenibles\u00bb&nbsp;<\/strong>que debido a la inhabilidad establecida en el numeral<strong>&nbsp;10.2&nbsp;<\/strong>&nbsp;de los t\u00e9rminos de referencia&nbsp;<strong><em>\u00abLa entidad ejecutora podr\u00e1 presentar un m\u00e1ximo de hasta tres&nbsp;(3) proyectos de Ecosistemas en bioeconom\u00eda, ecosistemas naturales, territorios sostenibles\u200b<\/em><\/strong>, se deber\u00e1 priorizar las cuatro propuestas a presentar en calidad de proponente&nbsp; por parte de la Universidad Tecnol\u00f3gica de Pereira, para lo cual se estableci\u00f3 el siguiente procedimiento:&nbsp;<\/p>\n\n\n\n<p><span class=\"post-content__span\"> 1. Los interesados en participar en la convocatoria, deber\u00e1n diligenciar el formulario:&nbsp;<a rel=\"noreferrer noopener\" href=\"https:\/\/forms.gle\/TbZ3jy2Gf55L9c3K9\" target=\"_blank\">VER<\/a>&nbsp;antes del viernes 28 de abril de 2023.&nbsp;<\/p>\n\n\n\n<p><span class=\"post-content__span\"> 2. El Comit\u00e9 Central de Investigaciones revisar\u00e1 las propuestas y la pertinencia y experiencia del grupo de investigaci\u00f3n en la tem\u00e1tica planteada y realizar\u00e1 la priorizaci\u00f3n correspondiente, en una reuni\u00f3n extraordinaria el viernes 5 de mayo de 2023.&nbsp;<\/p>\n\n\n\n<p><span class=\"post-content__span\"> Con relaci\u00f3n al Comit\u00e9 de Bio\u00e9tica las propuestas priorizadas deber\u00e1n hacer la solicitud antes del 01 de junio&nbsp;de 2023.<\/p>\n\n\n\n<p><span class=\"post-content__span\"> Por otra parte, en caso de presentarse como entidad aliada en una propuesta presentada por parte de otra instituci\u00f3n, se deber\u00e1 solicitar el aval respectivo antes del jueves 01 de junio de 2023 al correo&nbsp;<a rel=\"noreferrer noopener\" href=\"mailto:innovacionutp@utp.edu.co\" target=\"_blank\">innovacionutp@utp.edu.co<\/a>, teniendo en cuenta el procedimiento dise\u00f1ado para tal fin:&nbsp;<a rel=\"noreferrer noopener\" href=\"https:\/\/www2.utp.edu.co\/vicerrectoria\/investigaciones\/solicitud-aval-institucional-para-la-participacion-en-convocatorias-externas-de-investigacion.html\" target=\"_blank\">VER&nbsp;<\/a><\/p>\n\n\n\n<p><span class=\"post-content__span\"> Cualquier duda o inquietud al respecto con gusto ser\u00e1 resuelta por la funcionaria Juliana Villegas Arias<\/p>\n\n\n\n<p><span class=\"post-content__span\"> (<a rel=\"noreferrer noopener\" href=\"mailto:innovacionutp@utp.edu.co\" target=\"_blank\">innovacionutp@utp.edu.co<\/a>, 3137309 Ext. 7693)<\/p>\n\n\n\n<h3 class=\"wp-block-heading\"><strong>Objetivo general:<\/strong><\/h3>\n\n\n\n<p><span class=\"post-content__span\"> \nConformar un banco de propuestas elegibles de Programas de I+D+i tipo Ecosistema de Investigaci\u00f3n e Innovaci\u00f3n dirigidos a desarrollar soluciones a problem\u00e1ticas en tem\u00e1ticas de bioeconom\u00eda, que permita validar productos y procesos de alto valor agregado en el mercado, basados en la gesti\u00f3n eficiente de la biomasa y el aprovechamiento sostenible de la biodiversidad y sus servicios ecosist\u00e9micos, y con esto aportar al desarrollo socioecon\u00f3mico sostenible del Pa\u00eds, desde y para las regiones.<\/p>\n\n\n\n<h3 class=\"wp-block-heading\">\n<strong>Objetivos espec\u00edficos:<\/strong><\/h3>\n\n\n\n<ol class=\"wp-block-list\">\n<li>Impulsar el desarrollo de productos y procesos de alto valor agregado y las cadenas de valor asociadas, a partir del uso del conocimiento y el aprovechamiento sostenible de la biomasa y la biodiversidad y sus bienes y servicios ecosist\u00e9micos.<\/li>\n\n\n\n<li><span style=\"font-size: revert; color: initial;\">Fomentar actividades de CTeI para impactar positivamente en las comunidades locales y mejorar su calidad de vida a mediano y largo plazo.<\/span> <\/li>\n\n\n\n<li><span style=\"font-size: revert; color: initial;\">Promover y\/o generar alianzas entre actores p\u00fablicos, privados, nacionales e internacionales y reconocidos del SNCTI, para la ejecuci\u00f3n de programas de I+D+i que conduzcan al desarrollo de productos y procesos de alto valor agregado, logrando dinamizaci\u00f3n y habilitadores organizacionales en las cadenas de valor en Bioeconom\u00eda.<\/span> <\/li>\n\n\n\n<li><span style=\"font-size: revert; color: initial;\">Contribuir al cumplimiento de las bases del Plan Nacional de Desarrollo 2022-2026 en lo referente a la Econom\u00eda productiva a trav\u00e9s de la reindustrializaci\u00f3n y la bioeconom\u00eda, y las Pol\u00edticas Orientadas por Misiones para la soluci\u00f3n de grandes desaf\u00edos del Pa\u00eds.<\/span> <\/li>\n<\/ol>\n\n\n\n<h3 class=\"wp-block-heading\">\u200b<strong>Dirigida a:<\/strong><\/h3>\n\n\n\n<p><span class=\"post-content__span\"> Las propuestas deber\u00e1n ser presentadas a trav\u00e9s de una Alianza estrat\u00e9gica conformadas por m\u00ednimo:<br>\n\u2022 Una Instituci\u00f3n de Educaci\u00f3n Superior (IES) nacional con acreditaci\u00f3n institucional vigente de alta calidad a la fecha de cierre de la convocatoria; o un Centro o Instituto de Investigaci\u00f3n (aut\u00f3nomos) p\u00fablico, privado o mixto reconocido o en proceso de renovaci\u00f3n del reconocimiento por parte del Ministerio a la fecha del cierre de la convocatoria.<br>\n\u2022 Un Centro o Instituto de Investigaci\u00f3n (aut\u00f3nomos) p\u00fablico, privado o mixto; o un Centro de Desarrollo Tecnol\u00f3gico (aut\u00f3nomos) p\u00fablico, privado o mixto; o Centro de Innovaci\u00f3n y Productividad; con reconocimiento vigente por el Ministerio o estar en proceso de renovaci\u00f3n del reconocimiento a la fecha de cierre de la convocatoria.<br>\n\u2022 Una empresa nacional o internacional con presencia en el Pa\u00eds, que desarrolle proyectos de I+D+i enfocados en los ejes tem\u00e1ticos de la presente convocatoria.<br>\nUna vez se cumpla con el m\u00ednimo de la alianza, podr\u00e1n participar otros actores en calidad de coejecutores y\/o colaboradores.<br>\nEn una misma propuesta, las entidades participantes de la alianza no podr\u00e1n ostentar m\u00e1s de un rol.<br>\n&nbsp;<\/p>\n\n\n\n<p><span class=\"post-content__span\"> <strong>ENTIDAD EJECUTORA<\/strong><br>\nLa Entidad Ejecutora de la Alianza del Programa de I+D+i ser\u00e1 la encargada de presentar la propuesta, administrar los recursos financieros y garantizar su correcta ejecuci\u00f3n, coordinar las acciones entre los integrantes de la Alianza en funci\u00f3n de su modelo de gobernanza, y presentar informes t\u00e9cnicos y financieros de avance y final. Adem\u00e1s, ser\u00e1 la interlocutora con&nbsp;el Ministerio. La Entidad Ejecutora debe acreditar experiencia verificable en el eje tem\u00e1tico al que se presenta en la convocatoria y en la gesti\u00f3n de proyectos de I+D+i de magnitudes similares a las que se plantean en la convocatoria.<br>\nEn este sentido, las entidades que pueden actuar en calidad de Ejecutoras de esta convocatoria son las siguientes:<\/p>\n\n\n\n<p><span class=\"post-content__span\"> \n<strong>Instituciones de Educaci\u00f3n Superior (IES) acreditadas:<\/strong> Instituciones de Educaci\u00f3n Superior colombianas, con acreditaci\u00f3n institucional de alta calidad vigente expedida por el Ministerio de Educaci\u00f3n Nacional de acuerdo con el concepto favorable del Consejo Nacional de Acreditaci\u00f3n-CNA&nbsp;a la fecha de cierre de la convocatoria.<br>\n<strong>Centros o Institutos de Investigaci\u00f3n reconocidos:<\/strong> Organizaciones p\u00fablicas o privadas dedicadas a la generaci\u00f3n de conocimiento fundamental para el Pa\u00eds mediante proyectos de investigaci\u00f3n cient\u00edfica b\u00e1sica y\/o aplicada en l\u00edneas de investigaci\u00f3n espec\u00edficas. Un centro de investigaci\u00f3n puede prestar servicios t\u00e9cnicos y de gesti\u00f3n a sus posibles beneficiarios, puede estar orientado a la generaci\u00f3n de bienes p\u00fablicos de conocimiento para el Pa\u00eds, as\u00ed como tener una orientaci\u00f3n a la generaci\u00f3n de conocimiento y su aplicaci\u00f3n mediante procesos de desarrollo tecnol\u00f3gico. Estas entidades deben tener reconocimiento vigente por el Ministerio o en proceso de renovaci\u00f3n a la fecha de cierre de la convocatoria.<br>\n<strong>Centros de Desarrollo Tecnol\u00f3gico reconocidos:<\/strong> Organizaciones p\u00fablicas o privadas, dedicadas al desarrollo de proyectos de investigaci\u00f3n aplicada, el desarrollo de tecnolog\u00eda propia y actividades de transferencia que responden a necesidades y\/o oportunidades de desarrollo social y econ\u00f3mico del Pa\u00eds, sus regiones y\/o ciudades. Estas entidades deben tener reconocimiento vigente por el Ministerio o en proceso de renovaci\u00f3n a la fecha de cierre de la convocatoria.<br>\n<strong>Empresas Altamente Innovadoras (EAI) reconocidas:<\/strong> Empresas privadas que realizan de manera sistem\u00e1tica, actividades conducentes a la innovaci\u00f3n mediante procesos claramente establecidos, recursos asignados y resultados verificables, reconocidas o en proceso de renovaci\u00f3n por el Ministerio como Empresas Altamente Innovadoras a la fecha de cierre de la convocatoria.<\/p>\n\n\n\n<p><span class=\"post-content__span\"> \n<strong>ENTIDADES COEJECUTORAS<\/strong><br>\nEntidades que conforman la alianza y aportan contrapartida (en dinero y\/o en especie). Estas entidades tambi\u00e9n asumen responsabilidades frente a los objetivos, compromisos y entregables del Programa de I+D+i.<br>\nAdem\u00e1s de los integrantes de la alianza m\u00ednima que participan en calidad de Entidades Coejecutoras, podr\u00e1n participar otros actores del SNCTI definidos en el art\u00edculo 5 del Decreto 1666 de 2021, en calidad de Coejecutores.<\/p>\n\n\n\n<p><span class=\"post-content__span\"> \n<strong>ENTIDADES COLABORADORAS<\/strong><br>\nPodr\u00e1n participar como Entidades Colaboradoras del Programa de I+D+i aquellas Entidades colombianas o extranjeras, Centros de investigaci\u00f3n o Desarrollo tecnol\u00f3gico no reconocidos por el Ministerio y otros actores del SNCTI, quienes no recibir\u00e1n recursos de financiaci\u00f3n de esta convocatoria, ni realizar\u00e1n aportes de contrapartida, pero est\u00e1n en capacidad de aportar al logro de los objetivos del Programa o de sus proyectos. En este caso, dicha participaci\u00f3n deber\u00e1 ser avalada por el representante legal de la Entidad Ejecutora, justificando la pertinencia y el aporte de la participaci\u00f3n en la carta unificada de aval, compromiso institucional y modelo de gobernanza (ver anexo 4).<\/p>\n\n\n\n<p><span class=\"post-content__span\"> Adicionalmente, pueden participar como entidades colaboradoras:<\/p>\n\n\n\n<ul class=\"wp-block-list\">\n<li>Consejos comunitarios de comunidades negras: Persona jur\u00eddica que ejerce la m\u00e1xima autoridad de administraci\u00f3n interna dentro de las tierras de las comunidades negras, de acuerdo con los mandatos constitucionales y legales que lo rigen y los dem\u00e1s que le asigne el sistema de derecho propio de cada comunidad. Est\u00e1 conformado por una Asamblea General y una Junta<\/li>\n\n\n\n<li>Autoridades tradicionales de Resguardos ind\u00edgenas: Las autoridades tradicionales son los miembros de una comunidad ind\u00edgena que ejercen, dentro de la estructura propia de la respectiva cultura, un poder de organizaci\u00f3n, gobierno, gesti\u00f3n o control social.<\/li>\n\n\n\n<li>Poblaciones afectadas por el conflicto, registradas en el registro \u00fanico de v\u00edctimas o sus organizaciones comunitarias, as\u00ed como desmovilizados en Espacios Territoriales de Capacitaci\u00f3n y Reincorporaci\u00f3n o en condici\u00f3n de legalidad que tengan avances en emprendimientos basados en soluciones a los desaf\u00edos planteados en la convocatoria.<\/li>\n\n\n\n<li>Instituciones Extranjeras sin representaci\u00f3n legal en Colombia.<\/li>\n<\/ul>\n\n\n\n<p><span class=\"post-content__span\"> Notas:<br>\na. En la conformaci\u00f3n de la alianza se debe reflejar el car\u00e1cter interinstitucional e interdisciplinario, el compromiso y la participaci\u00f3n en t\u00e9rminos presupuestales, t\u00e9cnicos y operativos. El modelo de gobernanza de la alianza deber\u00e1 presentarse debidamente diligenciado en la carta unificada de aval, compromiso institucional y modelo de gobernanza (Anexo 4).<br>\nb. La informaci\u00f3n relacionada con la experiencia y trayectoria de las instituciones participantes de la alianza ser\u00e1 considerada en la etapa de evaluaci\u00f3n de las propuestas que se presenten a la convocatoria, a partir de la informaci\u00f3n registrada en el Sistema Integrado de Gesti\u00f3n de Proyectos-SIGP.<br>\nc. La informaci\u00f3n sobre las IES acreditadas puede ser consultada en el CNA o en el Sistema Nacional de Informaci\u00f3n de Educaci\u00f3n Superior (SNIES).<br>\nd. En una misma propuesta, las entidades participantes de la alianza no podr\u00e1n ostentar m\u00e1s de un rol.<\/p>\n\n\n\n<h3 class=\"wp-block-heading\"><strong>Ejes tem\u00e1ticos:<\/strong><\/h3>\n\n\n\n<ul class=\"wp-block-list\">\n<li><span style=\"font-size: revert; color: initial;\">Bioproductos<\/span> <\/li>\n\n\n\n<li><span style=\"font-size: revert; color: initial;\">Biorremediaci\u00f3n&nbsp;<\/span> <\/li>\n\n\n\n<li><span style=\"font-size: revert; color: initial;\">Biorrefiner\u00edas<\/span> <\/li>\n\n\n\n<li><span style=\"font-size: revert; color: initial;\">Datos biol\u00f3gicos<\/span> <\/li>\n\n\n\n<li><span style=\"font-size: revert; color: initial;\">Biom\u00edmesis<\/span> <\/li>\n\n\n\n<li><span style=\"font-size: revert; color: initial;\">Sistemas Agroforestales<\/span> <\/li>\n<\/ul>\n\n\n\n<h3 class=\"wp-block-heading\"><span><strong>Requisitos&nbsp;<a href=\"https:\/\/minciencias.gov.co\/sites\/default\/files\/upload\/convocatoria\/trminos_de_referencia_ecosistema_bioeconoma_vf.pdf\">(Ver t\u00e9rminos de referencia)<\/a><\/strong><\/span><\/h3>\n\n\n\n<p><span class=\"post-content__span\"> Requisitos de participaci\u00f3n de la alianza:<\/p>\n\n\n\n<ol class=\"wp-block-list\">\n<li>Cumplir con lo establecido en el numeral 3. \u201cDIRIGIDO A\u201d de los presentes t\u00e9rminos de referencia.<\/li>\n\n\n\n<li>Inscribir la propuesta completa del Programa de I+D+i en el Sistema Integrado de Gesti\u00f3n de Proyectos-SIGP teniendo en cuenta las fechas establecidas en el cronograma de la convocatoria, en alguno de los Ejes tem\u00e1ticos definidos en el numeral 4. \u201cEJES TEM\u00c1TICOS\u201d de los presentes T\u00e9rminos de Referencia. El formulario del Programa de I+D+i y sus proyectos diligenciados en el SIGP, deber\u00e1n contener la informaci\u00f3n requerida en el Anexo 2.<\/li>\n\n\n\n<li>Adjuntar la carta unificada de aval, compromiso institucional y modelo de gobernanza (Anexo 4), debidamente diligenciada y firmada por los representantes legales de las entidades que hagan parte de la alianza, o quienes hagan sus veces, siempre y cuando se adjunte el documento que lo faculte.<br>\n\tA su vez, el modelo de gobernanza de la alianza deber\u00e1 presentarse debidamente diligenciado en la carta de aval. Las entidades que hagan parte de la Alianza deber\u00e1n comprometer conjuntamente una contrapartida en dinero y\/o especie por un monto m\u00ednimo del 30% del valor solicitado al Ministerio para financiar el Programa de I+D+i (ver numeral 11.1) sin tener en cuenta los rubros para el apoyo econ\u00f3mico a J\u00f3venes Investigadores e Innovadores y el Apoyo al Doctor de la estancia posdoctoral). Todas las entidades nacionales que hagan parte de la Alianza deber\u00e1n realizar un aporte para soportar su participaci\u00f3n, exceptuando las entidades que participen como colaboradoras.<br>\n\tLos aportes de contrapartida de las empresas que participen en el programa de I+D+i -a excepci\u00f3n de las microempresas, peque\u00f1as empresas y las Spin-off-, deber\u00e1n tener en cuenta un m\u00ednimo de contrapartida en dinero; esta contrapartida deber\u00e1 estar dentro del rango entre el 10% y el 40% del valor total de contrapartida aportado por la empresa, de acuerdo con su tama\u00f1o (Ver cuadro 1, numeral 11. DURACI\u00d3N Y FINANCIACI\u00d3N).<br>\n\tLos Centros aut\u00f3nomos y reconocidos por el Ministerio que hagan parte de la alianza, no est\u00e1n obligados a realizar aportes de contrapartida de conformidad con el numeral 8.2.2 de la Pol\u00edtica de actores del Sistema Nacional de Ciencia, Tecnolog\u00eda e Innovaci\u00f3n- SNCTI adoptada mediante Resoluci\u00f3n No. 1473 de 2016. El porcentaje total deber\u00e1 ser cubierto en tal caso por las dem\u00e1s entidades que conforman la alianza.<\/li>\n\n\n\n<li>Las empresas participantes deben haber sido constituidas como m\u00ednimo hace dos (2) a\u00f1os, lo cual se verificar\u00e1 a trav\u00e9s del registro mercantil o el acto administrativo de creaci\u00f3n. Si alguna entidad tiene constituci\u00f3n fuera del Pa\u00eds, se deber\u00e1 demostrar sucursal con personer\u00eda jur\u00eddica en Colombia. Toda la documentaci\u00f3n que permita verificar el cumplimiento de este requisito deber\u00e1 ser presentada como anexo de la propuesta. Adjuntar certificado que valide el tama\u00f1o de la empresa.<\/li>\n\n\n\n<li>En el SIGP deber\u00e1n registrarse entre tres (3) y hasta cuatro (4) proyectos de Ciencia, tecnolog\u00eda e innovaci\u00f3n articulados al Programa de I+D+i postulado.<\/li>\n\n\n\n<li>Registrar en el SIGP el estado de madurez de la tecnolog\u00eda o producto de acuerdo con la TRL propuesta (Ver Anexo 3) y anexar las respectivas evidencias.<\/li>\n\n\n\n<li>Registrar en el SIGP la \u201cExperiencia en proyectos de I+D+i\u201d seg\u00fan lo describe el Anexo 2 y anexar las respectivas evidencias.<\/li>\n\n\n\n<li>Al momento de inscripci\u00f3n de la propuesta en el SIGP, se debe inscribir el personal correspondiente e identificar el nombre del Director del Programa de I+D+i y de los investigadores principales de los proyectos que conforman el Programa los cuales para fungir con dicho rol, deber\u00e1n cumplir con lo indicado en el numeral 12. CONTENIDOS DEL PROGRAMA DE I+D+i.<\/li>\n\n\n\n<li>Presentar concepto de un comit\u00e9 de \u00e9tica\/bio\u00e9tica, cuando aplique, donde se especifique que el Programa I+D+i de soluci\u00f3n a los desaf\u00edos ha sido revisado y avalado. En caso de que ninguna de las instituciones que conforman la Alianza cuenten con un comit\u00e9 de \u00e9tica, podr\u00e1 solicitar el concepto ante otra entidad que s\u00ed cuente con uno. Debe anexar a este aval, el acto administrativo que soporta la conformaci\u00f3n del Comit\u00e9 de \u00e9tica o de Bio\u00e9tica que lo expide. As\u00ed mismo cuando aplique, se deber\u00e1 presentar las evidencias del tr\u00e1mite o la existencia de permisos y licencias ambientales necesarios para la ejecuci\u00f3n de la propuesta, de acuerdo con la normatividad colombiana vigente.<\/li>\n\n\n\n<li>Las alianzas enfocadas en el desarrollo de Programas de I+D+i en las etapas 6 a 9 de la TRL deber\u00e1n incluir dentro de su conformaci\u00f3n a organizaciones con experiencia en transferencia de resultados de investigaci\u00f3n o incubaci\u00f3n de empresas de base tecnol\u00f3gica, legalmente constituidas en Colombia y verificable en su objeto social o estatutos,&nbsp;con capacidad o visi\u00f3n para explotar comercialmente los productos relacionados con los ejes tem\u00e1ticos definidos en el numeral 4 de la presente convocatoria.<\/li>\n\n\n\n<li>Cuando la alianza vincule organizaciones y\/o comunidades, deber\u00e1 presentar el Anexo 6-Modelo de aval de la organizaci\u00f3n y\/o comunidad \u2013 Debidamente suscrito. <br><strong style=\"font-size: revert; color: initial;\">Requisitos de participaci\u00f3n del Doctor que realizar\u00e1 la estancia posdoctoral<\/strong><br><\/li>\n\n\n\n<li>En el registro del Programa de I+D+i en el SIGP, deber\u00e1n quedar registrados en los proyectos el perfil, funciones y presupuesto destinado para la vinculaci\u00f3n de cada uno de los diez (10) J\u00f3venes Investigadores e Innovadores (m\u00ednimo 10 J\u00f3venes). Ser\u00e1n cupos, por lo tanto, para el registro de la propuesta postulada no se exigir\u00e1 la identificaci\u00f3n del(la) Joven Investigador e Innovador, con la salvedad de que su identificaci\u00f3n ser\u00e1 exigida para su vinculaci\u00f3n durante la ejecuci\u00f3n del Programa, seg\u00fan las consideraciones se\u00f1aladas en el Numeral 7-VINCULACI\u00d3N DE J\u00d3VENES INVESTIGADORES E INNOVADORES de los presentes t\u00e9rminos de referencia. <br><strong>Requisitos del Joven Investigador e Innovador:<\/strong><br><\/li>\n\n\n\n<li>En el registro del Programa de I+D+i en el SIGP, deber\u00e1n quedar registrados en los proyectos el perfil, funciones y presupuesto destinado para la vinculaci\u00f3n de cada uno de los diez (10) J\u00f3venes Investigadores e Innovadores (m\u00ednimo 10 J\u00f3venes). Ser\u00e1n cupos, por lo tanto, para el registro de la propuesta postulada no se exigir\u00e1 la identificaci\u00f3n del(la) Joven Investigador e Innovador, con la salvedad de que su identificaci\u00f3n ser\u00e1 exigida para su vinculaci\u00f3n durante la ejecuci\u00f3n del Programa, seg\u00fan las consideraciones se\u00f1aladas en el Numeral 7-VINCULACI\u00d3N DE J\u00d3VENES INVESTIGADORES E INNOVADORES de los presentes t\u00e9rminos de referencia.<br><strong style=\"font-size: revert; color: initial;\">Requisito opcional, no inhabilitante:<\/strong><br><\/li>\n\n\n\n<li>Los integrantes del equipo investigador del Programa de I+D+i que sean miembros de: poblaci\u00f3n negra, afrocolombiana, raizal, palenquera o ROM, deber\u00e1n anexar el Certificado de Auto Reconocimiento expedido por el Ministerio del Interior. Los integrantes que sean miembros de una comunidad ind\u00edgena deber\u00e1n anexar el Certificado del Registro de la Autoridad o Cabildo de las Comunidades y\/o Resguardos Ind\u00edgenas expedido por el Ministerio del Interior. Los integrantes que sean v\u00edctimas del conflicto armado deber\u00e1n anexar el Certificado expedido por la Unidad para la Atenci\u00f3n y Reparaci\u00f3n Integral para las V\u00edctimas. Los integrantes en condici\u00f3n de discapacidad: Adjuntar certificado de discapacidad expedido por las Instituciones Prestadoras de Servicios de Salud (IPS) autorizadas por las secretar\u00edas de salud de orden distrital y municipal para realizar el procedimiento de certificaci\u00f3n. Este requisito es opcional y no es de car\u00e1cter inhabilitante.<\/li>\n\n\n\n<li>En caso de que exista el inter\u00e9s de acceder a los beneficios tributarios que establece la ley para fomentar la inversi\u00f3n en I+D+i y promover la competitividad en las empresas y el desarrollo de investigaciones de alto impacto para el Pa\u00eds (Ver Anexo 8), se deber\u00e1 diligenciar en el SIGP la informaci\u00f3n respectiva. Para acceder al beneficio tributario, el Programa de I+D+i deber\u00e1 ser elegido y financiado. Este requisito es opcional y no es de car\u00e1cter inhabilitante.<\/li>\n<\/ol>\n\n\n\n<p><span class=\"post-content__span\"> <strong>Notas<\/strong>:<br>\na. El proponente deber\u00e1 tener en cuenta que con el incumplimiento de alguno de los requisitos no podr\u00e1 pasar a la etapa de evaluaci\u00f3n de la convocatoria.<\/p>\n\n\n\n<p><span class=\"post-content__span\"> b. La informaci\u00f3n relacionada con la experiencia y trayectoria de las instituciones participantes de la alianza ser\u00e1 considerada en la etapa de evaluaci\u00f3n de las propuestas que se presenten a la convocatoria, a partir de la informaci\u00f3n registrada en el Sistema Integrado de Gesti\u00f3n de Proyectos-SIGP.<\/p>\n\n\n\n<h3 class=\"wp-block-heading\"><strong>Condiciones Inhabilitantes<\/strong><\/h3>\n\n\n\n<p><span class=\"post-content__span\"> Son todas aquellas condiciones de modo, tiempo y lugar, objetivas o subjetivas, antecedentes o concomitantes, predicables del aspirante inscrito en la Convocatoria o del programa sometido a consideraci\u00f3n del Ministerio de Ciencia, Tecnolog\u00eda e Innovaci\u00f3n que impiden la continuidad de su participaci\u00f3n en el proceso de selecci\u00f3n, o que, habiendo obtenido el beneficio de que se trate, le hacen imposible disfrutarlo.<\/p>\n\n\n\n<p><span class=\"post-content__span\"> <strong>De los investigadores:<\/strong><br>\na. En calidad de Director del Programa, el investigador s\u00f3lo podr\u00e1 participar en una (1) propuesta de Programa.<br>\nb. En calidad de Investigador principal del proyecto, un investigador podr\u00e1 participar en m\u00e1ximo dos (2) propuestas de proyectos del mismo programa.<\/p>\n\n\n\n<p><span class=\"post-content__span\"> <strong>De las entidades de la alianza<\/strong><br>\na. La entidad que se presente en calidad de Ejecutora s\u00f3lo podr\u00e1 presentar hasta tres (3) programas a esta convocatoria con este rol (ejecutora), siempre que sean enfocados en ejes tem\u00e1ticos diferentes. Si se presenta m\u00e1s de una propuesta en respuesta a un mismo eje tem\u00e1tico, s\u00f3lo se tendr\u00e1 en cuenta la primera registrada. Si se presentan m\u00e1s de tres propuestas en respuesta a ejes tem\u00e1ticos diferentes, solo se tendr\u00e1n en cuenta las tres primeras registradas en respuesta a esos ejes. Esta inhabilidad tambi\u00e9n aplica para las instituciones que tienen m\u00e1s de una sede.<br>\nb. La propuesta presentada no podr\u00e1 ser financiada simult\u00e1neamente con recursos de otra convocatoria del Ministerio.<br>\nc. No cumplir con los requisitos legales para la suscripci\u00f3n del contrato de financiamiento de recuperaci\u00f3n contingente, en caso de ser beneficiado por la presente convocatoria<br>\nd. Estar incurso en alguna de las causales de inhabilidad e incompatibilidad y que no se encuentre apto para contratar de acuerdo con lo establecido en la Constituci\u00f3n, en la Ley y Reglamentos en cualquier etapa del proceso: pre-contractual, contractual o post contractual.<br>\nLas inhabilidades son de orden Constitucional y legal, el art\u00edculo 126 de la Constituci\u00f3n Nacional establece inhabilidades para los grados de parentesco y en la ley encontramos las inhabilidades contempladas en el Art\u00edculo 8 (Inhabilidades e incompatibilidades para contratar) de la Ley 80 de 1993. Disposiciones especiales como los art\u00edculos 5 y 90 de la Ley 1474 de 2011 y el art\u00edculo 71 de la Ley 1952 de 2019 el C\u00f3digo General Disciplinario contempla otras causales de inhabilidad, entre otras normas. Las inhabilidades e incompatibilidades est\u00e1n establecidas para asegurar los intereses p\u00fablicos y proteger la transparencia, objetividad e imparcialidad en las relaciones entre el Estado y los particulares.<br>\ne. Alterar alguno de los documentos solicitados en la secci\u00f3n de requisitos.<\/p>\n\n\n\n<h3 class=\"wp-block-heading\"><strong>Cronograma<\/strong><\/h3>\n\n\n\n<figure class=\"wp-block-table\"><table><thead><tr><th scope=\"col\">ACTIVIDAD<\/th><th scope=\"col\">FECHA LIMITE<\/th><\/tr><\/thead><tbody><tr><td>Apertura de la convocatoria<\/td><td>30 de marzo de 2023<\/td><\/tr><tr><td>Cierre de la convocatoria<\/td><td>29 de junio de 2023 a las 4:00 pm (hora Colombia)<\/td><\/tr><tr><td>Periodo de revisi\u00f3n de requisitos<\/td><td>Del 30 de junio al 11 de julio de 2023<\/td><\/tr><tr><td>Per\u00edodo de subsanaci\u00f3n de requisitos<\/td><td>Del 12 al 14 de julio de 2023 hasta las 4:00 pm (hora Colombia)<\/td><\/tr><tr><td>Publicaci\u00f3n del banco preliminar de elegibles<\/td><td>6 de septiembre de 2023<\/td><\/tr><tr><td>Per\u00edodo de solicitud de aclaraciones del banco preliminar de elegibles<\/td><td>Del 17 al 18 de agosto de 2023 hasta las 4:00 pm (hora Colombia)<\/td><\/tr><tr><td>Respuesta a solicitud de aclaraciones<\/td><td>Del 11 al 15 de septiembre de 2023<\/td><\/tr><tr><td>Publicaci\u00f3n del banco definitivo de elegibles<\/td><td>5 octubre de 2023<\/td><\/tr><\/tbody><\/table><\/figure>\n\n\n\n<h3 class=\"wp-block-heading\"><strong><span>Documentos de la convocatoria<\/span><\/strong><\/h3>\n\n\n\n<ul class=\"wp-block-list\">\n<li><a href=\"https:\/\/minciencias.gov.co\/sites\/default\/files\/upload\/convocatoria\/trminos_de_referencia_ecosistema_bioeconoma_vf.pdf\">T\u00e9rminos de referencia.<\/a><\/li>\n\n\n\n<li><a href=\"https:\/\/minciencias.gov.co\/sites\/default\/files\/upload\/convocatoria\/1-anexo_1-definiciones_y_conceptos.pdf\">Anexo 1: Definiciones y conceptos.&nbsp;<\/a><\/li>\n\n\n\n<li><a href=\"https:\/\/minciencias.gov.co\/sites\/default\/files\/upload\/convocatoria\/2-anexo_2-descripcion_de_los_contenidos_de_la_propuesta.pdf\">Anexo 2: Descripci\u00f3n de los contenidos del Programa de I+D+i.&nbsp;<\/a><\/li>\n\n\n\n<li><a href=\"https:\/\/minciencias.gov.co\/sites\/default\/files\/upload\/convocatoria\/3-anexo_3-_niveles_de_madurez_tecnologica_-_trl.pdf\">Anexo 3: Niveles de Madurez Tecnol\u00f3gica (TRL).&nbsp;<\/a><\/li>\n\n\n\n<li><a href=\"https:\/\/media2.utp.edu.co\/archivos\/4-anexo_4-carta_unificada_de_aval_y_compromiso_institucional_alianza_1.docx\">Anexo 4: Carta Unificada de Aval, Compromiso Institucional y Modelo de Gobernanza.&nbsp;<\/a><\/li>\n\n\n\n<li><a href=\"https:\/\/minciencias.gov.co\/sites\/default\/files\/upload\/convocatoria\/5-anexo_5-_descripcion_de_productos_esperados.pdf\">Anexo 5: Descripci\u00f3n de los productos esperados.<\/a><\/li>\n\n\n\n<li><a href=\"https:\/\/media2.utp.edu.co\/archivos\/6._anexo_6_modelo_de_aval_de_la_organizacion_o_comunidad.docx\">Anexo 6: Modelo de aval de la Organizaci\u00f3n y\/o Comunidad.&nbsp;<\/a><\/li>\n\n\n\n<li><a href=\"https:\/\/minciencias.gov.co\/sites\/default\/files\/upload\/convocatoria\/7._anexo_7_-_experiencia_proyectos_de_idi.pdf\">Anexo 7: Experiencia Proyectos de I+D+i.&nbsp;<\/a><\/li>\n\n\n\n<li><a href=\"https:\/\/minciencias.gov.co\/sites\/default\/files\/upload\/convocatoria\/8-anexo_8-_beneficios_tributarios.pdf\">Anexo 8: Beneficios Tributarios.<\/a><\/li>\n<\/ul>\n","protected":false},"excerpt":{"rendered":"<p>Convocatoria 936 \u00abEcosistemas en bioeconom\u00eda, ecosistemas naturales, territorios sostenibles\u00bb Procedimiento interno para la priorizaci\u00f3n de propuestas a presentar por parte de la Universidad Tecnol\u00f3gica de Pereira como proponente en la [&#8230;]<\/p>\n","protected":false},"author":0,"featured_media":0,"comment_status":"closed","ping_status":"closed","sticky":false,"template":"","format":"standard","meta":{"footnotes":""},"categories":[7],"tags":[],"class_list":["post-5601","post","type-post","status-publish","format-standard","hentry","category-convocatorias"],"_links":{"self":[{"href":"https:\/\/vicerrectorias.utp.edu.co\/viie\/wp-json\/wp\/v2\/posts\/5601","targetHints":{"allow":["GET"]}}],"collection":[{"href":"https:\/\/vicerrectorias.utp.edu.co\/viie\/wp-json\/wp\/v2\/posts"}],"about":[{"href":"https:\/\/vicerrectorias.utp.edu.co\/viie\/wp-json\/wp\/v2\/types\/post"}],"replies":[{"embeddable":true,"href":"https:\/\/vicerrectorias.utp.edu.co\/viie\/wp-json\/wp\/v2\/comments?post=5601"}],"version-history":[{"count":7,"href":"https:\/\/vicerrectorias.utp.edu.co\/viie\/wp-json\/wp\/v2\/posts\/5601\/revisions"}],"predecessor-version":[{"id":10577,"href":"https:\/\/vicerrectorias.utp.edu.co\/viie\/wp-json\/wp\/v2\/posts\/5601\/revisions\/10577"}],"wp:attachment":[{"href":"https:\/\/vicerrectorias.utp.edu.co\/viie\/wp-json\/wp\/v2\/media?parent=5601"}],"wp:term":[{"taxonomy":"category","embeddable":true,"href":"https:\/\/vicerrectorias.utp.edu.co\/viie\/wp-json\/wp\/v2\/categories?post=5601"},{"taxonomy":"post_tag","embeddable":true,"href":"https:\/\/vicerrectorias.utp.edu.co\/viie\/wp-json\/wp\/v2\/tags?post=5601"}],"curies":[{"name":"wp","href":"https:\/\/api.w.org\/{rel}","templated":true}]}}