{"id":5591,"date":"2023-04-20T07:59:38","date_gmt":"2023-04-20T05:59:38","guid":{"rendered":""},"modified":"2024-02-08T21:05:49","modified_gmt":"2024-02-08T20:05:49","slug":"convocatoria-937-investigacion-fundamental","status":"publish","type":"post","link":"https:\/\/vicerrectorias.utp.edu.co\/viie\/convocatoria-937-investigacion-fundamental\/","title":{"rendered":"CONVOCATORIA 937 \u201cINVESTIGACI\u00d3N FUNDAMENTAL\u201d"},"content":{"rendered":"\n<h3 class=\"wp-block-heading\"><strong>CONVOCATORIA 937 \u201cINVESTIGACI\u00d3N FUNDAMENTAL\u201d<\/strong><\/h3>\n\n\n\n<h3 class=\"wp-block-heading\"><strong>Objetivo general:<\/strong><\/h3>\n\n\n\n<p><span class=\"post-content__span\"> Conformar un banco de proyectos elegibles en Investigaci\u00f3n Fundamental, orientados a la generaci\u00f3n de nuevo conocimiento, en diferentes \u00e1reas del conocimiento.<\/p>\n\n\n\n<h3 class=\"wp-block-heading\">\n<strong>Objetivos espec\u00edficos:<\/strong><\/h3>\n\n\n\n<ol class=\"wp-block-list\">\n<li>Fomentar la generaci\u00f3n de nuevo conocimiento, sin condicionar una aplicaci\u00f3n previsible en el corto o mediano plazo, y que permita mover la frontera del conocimiento.<\/li>\n\n\n\n<li>Fortalecer las capacidades del Pa\u00eds en Investigaci\u00f3n Fundamental.<\/li>\n\n\n\n<li>Incentivar la producci\u00f3n cient\u00edfica de calidad en Investigaci\u00f3n Fundamental.<\/li>\n<\/ol>\n\n\n\n<h3 class=\"wp-block-heading\"><strong>Dirigida a:<\/strong><\/h3>\n\n\n\n<p><span class=\"post-content__span\"> Instituciones de Educaci\u00f3n Superior (IES) colombianas con reconocimiento vigente&nbsp;por el Ministerio de Educaci\u00f3n Nacional o Centros o Institutos de investigaci\u00f3n aut\u00f3nomos, independientes o dependientes reconocidos por el Ministerio de Ciencia, Tecnolog\u00eda e Innovaci\u00f3n a la fecha de cierre de la convocatoria.<br>\nNota: La entidad ejecutora&nbsp;podr\u00e1 conformar alianzas de acuerdo con las necesidades del proyecto.<\/p>\n\n\n\n<h3 class=\"wp-block-heading\"><span><strong>Requisitos&nbsp;<a href=\"https:\/\/media2.utp.edu.co\/archivos\/terminos_de_referencia_convocatoria_investigacion_fundamental.pdf\">(Ver t\u00e9rminos de referencia)<\/a><\/strong><\/span><\/h3>\n\n\n\n<ol class=\"wp-block-list\">\n<li>Inscribir la propuesta completa en el Sistema Integrado de Gesti\u00f3n de Proyectos &#8211; SIGP, antes de la fecha l\u00edmite establecida para tal fin, asoci\u00e1ndose a un \u00e1rea de conocimiento definida en el numeral 4. \u201c\u00c1REAS DEL CONOCIMIENTO\u201d.<\/li>\n\n\n\n<li>El investigador principal del proyecto debe estar adscrito a la Instituci\u00f3n proponente, quien ser\u00e1 la entidad ejecutora. Adem\u00e1s, debe ser investigador reconocido en las categor\u00edas Em\u00e9rito, Senior, Asociado o Junior.<\/li>\n\n\n\n<li>Anexar carta de aval unificada y compromiso institucional, debidamente diligenciada (Anexo 1A o 1B para el caso que aplique). La carta debe estar firmada por los Representantes Legales de las entidades participantes o quien haga sus veces, siempre y cuando se anexe el documento que los faculte.<\/li>\n\n\n\n<li>Cumplir con lo establecido en el numeral 3. \u201cDIRIGIDO A\u201d de los presentes t\u00e9rminos de referencia.<\/li>\n\n\n\n<li>Aval del Comit\u00e9 de \u00c9tica de la Investigaci\u00f3n o de Bio\u00e9tica de la instituci\u00f3n que presenta el proyecto, donde especifique claramente que el proyecto ha sido revisado y avalado por este Comit\u00e9. En caso de que la instituci\u00f3n&nbsp;que presenta el proyecto no cuente con un Comit\u00e9 de \u00e9tica, podr\u00e1 solicitar este aval ante otra entidad que cuente con uno de estos Comit\u00e9s. Debe anexar a este aval, el acto administrativo que soporta la conformaci\u00f3n del Comit\u00e9 de \u00e9tica o de Bio\u00e9tica que lo expide (Si aplica).<\/li>\n\n\n\n<li>Los integrantes del equipo investigador del Programa de I+D+i que sean miembros de: poblaci\u00f3n negra, afrocolombiana, raizal, palenquera o ROM, deber\u00e1n anexar el Certificado de Auto Reconocimiento expedido por el Ministerio del Interior. Los integrantes que sean miembros de una comunidad ind\u00edgena deber\u00e1n anexar el Certificado del Registro de la Autoridad o Cabildo de las Comunidades y\/o Resguardos Ind\u00edgenas expedido por el Ministerio del Interior. Los integrantes que sean v\u00edctimas del conflicto armado deber\u00e1n anexar el Certificado expedido por la Unidad para la Atenci\u00f3n y Reparaci\u00f3n Integral para las V\u00edctimas. Los integrantes en condici\u00f3n de discapacidad: Adjuntar certificado de discapacidad expedido por las Instituciones Prestadoras de Servicios de Salud (IPS) autorizadas por las secretar\u00edas de salud de orden distrital y municipal para realizar el procedimiento de certificaci\u00f3n. Este requisito es opcional y no es de car\u00e1cter inhabilitante.<\/li>\n<\/ol>\n\n\n\n<p><span class=\"post-content__span\"> <strong>Nota 1:<\/strong> El Ministerio, dando cumplimiento a lo indicado en el numeral 5 del art\u00edculo 4 de la Ley 1286 de 2009, garantizando los principios del m\u00e9rito y la calidad, establece el Periodo de ajuste de requisitos en el SIGP, que se realizar\u00e1 en la actividad se\u00f1alada en el numeral 16. CRONOGRAMA.<br>\n<strong>Nota 2:<\/strong> El Ministerio podr\u00e1 solicitar en cualquier momento informaci\u00f3n y documentaci\u00f3n adicional, complementaria o aclaraciones de los documentos entregados.<\/p>\n\n\n\n<h3 class=\"wp-block-heading\"><strong>Condiciones Inhabilitantes<\/strong><\/h3>\n\n\n\n<p><span class=\"post-content__span\"> Son todas aquellas condiciones de modo, tiempo y lugar, objetivas o subjetivas, antecedentes o concomitantes, predicables del aspirante inscrito en la Convocatoria o del proyecto sometido a consideraci\u00f3n del Ministerio de Ciencia, Tecnolog\u00eda e Innovaci\u00f3n que impiden la continuidad de su participaci\u00f3n en el proceso de selecci\u00f3n, o que, habiendo obtenido el beneficio de que se trate, le hacen imposible disfrutarlo.<\/p>\n\n\n\n<ol class=\"wp-block-list\">\n<li>No cumplir con los requisitos y lineamientos establecidos en los t\u00e9rminos de referencia de la convocatoria o que estos no se subsanen dentro de los plazos establecidos.<\/li>\n\n\n\n<li>No cumplir con los requisitos legales para la suscripci\u00f3n del contrato de financiamiento de recuperaci\u00f3n contingente, en caso de ser beneficiado por la presente convocatoria.<\/li>\n\n\n\n<li>Que el Investigador Principal presente m\u00e1s de una propuesta en esta convocatoria bajo el mismo rol. El Ministerio verificar\u00e1 si el Investigador Principal presenta m\u00e1s de una propuesta bajo el mismo rol; si eso ocurre solo se tendr\u00e1 en cuenta la primera propuesta inscrita.<\/li>\n\n\n\n<li>Que el proyecto presentado est\u00e9 financiado por otra convocatoria o con recursos del Ministerio u otras entidades del Estado.<\/li>\n\n\n\n<li>Estar incurso en alguna de las causales de inhabilidad e incompatibilidad de acuerdo con lo establecido en la Constituci\u00f3n, en Ley y Reglamentos en cualquier etapa del proceso: pre-contractual, contractual o post contractual.\n<p><span class=\"post-content__span\"> \tLas inhabilidades son de orden Constitucional y legal, el art\u00edculo 126 de la Constituci\u00f3n Nacional establece inhabilidades para los grados de parentesco y en la ley encontramos las inhabilidades contempladas en el Art\u00edculo 8 (Inhabilidades e incompatibilidades para contratar) de la Ley 80 de 1993. Disposiciones especiales como los art\u00edculos&nbsp;5 y 90 de la Ley 1474 de 2011 y el art\u00edculo 71 de la Ley 1952 de 2019 el C\u00f3digo General Disciplinario contempla otras causales de inhabilidad, entre otras normas. Las inhabilidades e incompatibilidades est\u00e1n establecidas para asegurar los intereses p\u00fablicos y proteger la transparencia, objetividad e imparcialidad en las relaciones entre el Estado y los particulares<\/p><\/li>\n\n\n\n<li>Que la Entidad Ejecutora haya sido declarada en incumplimiento en cualquiera de los mecanismos operados por el Ministerio en los \u00faltimos 5 a\u00f1os.<\/li>\n\n\n\n<li>Alterar alguno de los documentos solicitados en la secci\u00f3n de requisitos.<\/li>\n\n\n\n<li>La entidad ejecutora podr\u00e1 presentar un m\u00e1ximo de hasta cuatro (4) proyectos de Investigaci\u00f3n Fundamental. En el caso de entidades ejecutoras que tengan m\u00e1s de una sede, podr\u00e1n presentarse hasta cuatro (4) proyectos por sede. \u00danicamente se tendr\u00e1n en cuenta los primeros cuatro (4) proyectos inscritos en la plataforma Sistema Integrado de Gesti\u00f3n de Proyectos (SIGP).<\/li>\n<\/ol>\n\n\n\n<h3 class=\"wp-block-heading\"><strong>CRONOGRAMA<\/strong><\/h3>\n\n\n\n<figure class=\"wp-block-table table\"><table><thead><tr><th>ACTIVIDAD<\/th><th>FECHA LIMITE<\/th><\/tr><\/thead><tbody><tr><td>Apertura de la convocatoria<\/td><td>30 de marzo de 2023<\/td><\/tr><tr><td>Cierre de la convocatoria<\/td><td>8 de junio de 2023 a las 4:00 pm (hora Colombia)<\/td><\/tr><tr><td>Periodo de revisi\u00f3n de requisitos<\/td><td>Del 9 al 16 de junio de 2023<\/td><\/tr><tr><td>Per\u00edodo de subsanaci\u00f3n de requisitos<\/td><td>Del 20 al 21 de junio de 2023 hasta las 4:00 pm (hora Colombia)<\/td><\/tr><tr><td>Fecha revisi\u00f3n subsanaci\u00f3n<\/td><td>Del 22 al 26 de junio de 2023<\/td><\/tr><tr><td>Publicaci\u00f3n del banco preliminar de elegibles<\/td><td>16 de agosto de 2023<\/td><\/tr><tr><td>Per\u00edodo de solicitud de aclaraciones del banco preliminar de elegibles<\/td><td>Del 17 al 18 de agosto de 2023 hasta las 4:00 pm (hora Colombia)<\/td><\/tr><tr><td>Respuesta a solicitud de aclaraciones<\/td><td>Del 22 al 25 de agosto de 2023<\/td><\/tr><tr><td>Publicaci\u00f3n del banco definitivo de elegibles<\/td><td>7 de septiembre de 2023<\/td><\/tr><\/tbody><\/table><\/figure>\n\n\n\n<h3 class=\"wp-block-heading\"><strong>PROCEDIMIENTO INTERNO PARA PRIORIZACI\u00d3N DE PROPUESTAS A PRESENTAR POR PARTE DE LA UNIVERSIDAD TECNOL\u00d3GICA DE PEREIRA COMO PROPONENTE&nbsp; EN LA CONVOCATORIA 937 DE 2023&nbsp;Convocatoria \u201cInvestigaci\u00f3n Fundamental\u201d<\/strong><\/h3>\n\n\n\n<p><span class=\"post-content__span\"> La Vicerrector\u00eda de Investigaciones, Innovaci\u00f3n y Extensi\u00f3n informa a los grupos de investigaci\u00f3n interesados en participar como proponentes en<strong>&nbsp;la Convocatoria 937 de 2023 &#8211;&nbsp;Convocatoria \u201cInvestigaci\u00f3n Fundamental\u201d&nbsp;<\/strong>que debido a la inhabilidad establecida en el numeral7.8&nbsp; de los t\u00e9rminos de referencia&nbsp;<strong><em>\u00abLa entidad ejecutora podr\u00e1 presentar un m\u00e1ximo de hasta cuatro (4) proyectos de Investigaci\u00f3n Fundamental.\u00bb<\/em><\/strong>, se deber\u00e1 priorizar las cuatro propuestas a presentar en calidad de proponente&nbsp; por parte de la Universidad Tecnol\u00f3gica de Pereira, para lo cual se estableci\u00f3 el siguiente procedimiento:&nbsp;<\/p>\n\n\n\n<p><span class=\"post-content__span\"> 1. Los interesados en participar en la convocatoria, deber\u00e1n diligenciar el formulario:&nbsp;<a rel=\"noreferrer noopener\" href=\"https:\/\/forms.gle\/K5xrrE8w91Jq8n9e8\" target=\"_blank\">VER<\/a>&nbsp;antes del viernes 28 de abril de 2023.&nbsp;<\/p>\n\n\n\n<p><span class=\"post-content__span\"> 2. El Comit\u00e9 Central de Investigaciones revisar\u00e1 las propuestas y la pertinencia y experiencia del grupo de investigaci\u00f3n en la tem\u00e1tica planteada y realizar\u00e1 la priorizaci\u00f3n correspondiente, en una reuni\u00f3n extraordinaria el viernes 5 de mayo de 2023.&nbsp;<\/p>\n\n\n\n<p><span class=\"post-content__span\"> Con relaci\u00f3n al Comit\u00e9 de Bio\u00e9tica las propuestas priorizadas deber\u00e1n hacer la solicitud antes del 25 de mayo de 2023.<\/p>\n\n\n\n<p><span class=\"post-content__span\"> Por otra parte, en caso de presentarse como entidad aliada en una propuesta presentada por parte de otra instituci\u00f3n, se deber\u00e1 solicitar el aval respectivo antes del jueves 01 de junio de 2023 al correo&nbsp;<a rel=\"noreferrer noopener\" href=\"mailto:investigaciones@utp.edu.co\" target=\"_blank\">investigaciones@utp.edu.co<\/a>, teniendo en cuenta el procedimiento dise\u00f1ado para tal fin:&nbsp;<a href=\"https:\/\/vicerrectorias.utp.edu.co\/viie\/sin-categoria\/solicitud-aval-institucional-para-la-participacion-en-convocatorias-externas-de-investigacion\/\" target=\"_blank\" rel=\"noreferrer noopener\">VER&nbsp;<\/a><\/p>\n\n\n\n<p><span class=\"post-content__span\"> <strong>NOTA: Solo podr\u00e1 ser registrada como contrapartida, lo relacionado en especie:&nbsp;<\/strong><\/p>\n\n\n\n<p><span class=\"post-content__span\"> <strong><br>&#8211; Tiempo de dedicaci\u00f3n del director del grupo de investigaci\u00f3n UTP.&nbsp;<br>&#8211; Uso de Equipos: Se calcula el 10% del valor del equipo en inventario, por lo que deber\u00e1n anexar los soportes correspondientes al reporte de inventario.&nbsp;<br>&#8211; Uso de Espacios: Con base en la certificaci\u00f3n generada por la oficina de planeaci\u00f3n. Deben solicitar la certificaci\u00f3n de espacio a Juli\u00e1n Andr\u00e9s C\u00e1rdenas Morales (<\/strong><a href=\"mailto:j.cardenas1@utp.edu.co\">j.cardenas1@utp.edu.co<\/a><strong>)<\/strong><\/p>\n\n\n\n<p><span class=\"post-content__span\"> Cualquier duda o inquietud al respecto con gusto ser\u00e1 resuelta por la funcionaria Yesica Marcela Rojas Orozco (<a rel=\"noreferrer noopener\" href=\"mailto:investigaciones@utp.edu.co\" target=\"_blank\">investigaciones@utp.edu.co<\/a>, 3137309)<\/p>\n\n\n\n<h3 class=\"wp-block-heading\"><strong><span>Documentos de la convocatoria<\/span><\/strong><\/h3>\n\n\n\n<ul class=\"wp-block-list\">\n<li><strong style=\"font-size: revert; color: initial;\"><a href=\"https:\/\/media2.utp.edu.co\/archivos\/terminos_de_referencia_convocatoria_investigacion_fundamental.pdf\">TERMINOS DE REFERENCIA<\/a><\/strong> <\/li>\n\n\n\n<li><span style=\"font-size: revert; color: initial;\"><strong>ANEXO 2:&nbsp;<\/strong><\/span><a title=\"Archivo Anexo 1a. Carta unificada de aval y compromiso institucional (sin alianza)\" type=\"application\/pdf; length=76439\" style=\"font-size: revert;\" href=\"https:\/\/www.minciencias.gov.co\/sites\/default\/files\/upload\/convocatoria\/anexo_1a._carta_unificada_de_aval_y_compromiso_institucional_sin_alianza.pdf\">Carta unificada de aval y compromiso institucional (sin alianza) PDF<\/a> <\/li>\n\n\n\n<li><span style=\"font-size: revert; color: initial;\"><strong>ANEXO 3:&nbsp;<\/strong><\/span><a title=\"Archivo Anexo 1a. Carta unificada de aval y compromiso institucional (sin alianza)\" type=\"application\/pdf; length=76439\" style=\"font-size: revert;\" href=\"https:\/\/www.minciencias.gov.co\/sites\/default\/files\/upload\/convocatoria\/anexo_1a._carta_unificada_de_aval_y_compromiso_institucional_sin_alianza.doc\">Carta unificada de aval y compromiso institucional (sin alianza)<\/a><a title=\"Archivo Anexo 1a. Carta unificada de aval y compromiso institucional (sin alianza)\" type=\"application\/pdf; length=76439\" style=\"font-size: revert;\" href=\"https:\/\/www.minciencias.gov.co\/sites\/default\/files\/upload\/convocatoria\/anexo_1a._carta_unificada_de_aval_y_compromiso_institucional_sin_alianza.doc\"> Editable<\/a> <\/li>\n\n\n\n<li><span style=\"font-size: revert; color: initial;\"><strong>ANEXO 4:&nbsp;<\/strong><\/span><a title=\"Archivo Anexo 1b Carta unificada de aval y compromiso institucional (con alianza)\" type=\"application\/pdf; length=76439\" style=\"font-size: revert;\" href=\"https:\/\/www.minciencias.gov.co\/sites\/default\/files\/upload\/convocatoria\/anexo_1b_carta_unificada_de_aval_y_compromiso_institucional_con_alianza.pdf\">Carta unificada de aval y compromiso institucional (con alianza) PDF<\/a> <\/li>\n\n\n\n<li><span style=\"font-size: revert; color: initial;\"><strong>ANEXO 5:&nbsp;<\/strong><\/span><a title=\"Archivo Anexo 1b Carta unificada de aval y compromiso institucional (con alianza) - (Editable)\" type=\"application\/pdf; length=76439\" style=\"font-size: revert;\" href=\"https:\/\/www.minciencias.gov.co\/sites\/default\/files\/upload\/convocatoria\/anexo_1b_carta_unificada_de_aval_y_compromiso_institucional_con_alianza.doc\">Carta unificada de aval y compromiso institucional (con alianza) &#8211; (Editable)<\/a> <\/li>\n\n\n\n<li><strong style=\"font-size: revert; color: initial;\">ANEXO 6:&nbsp;<a href=\"https:\/\/media2.utp.edu.co\/archivos\/0%20certificado%20base%20.docx\">CERTIFICADO DE ESPACIOS<\/a><\/strong> <\/li>\n\n\n\n<li><strong style=\"font-size: revert; color: initial;\">ANEXO 7:&nbsp;<a href=\"https:\/\/media2.utp.edu.co\/archivos\/1.%20contrapartida%20infraestructura%20UTP%20suelos%20sanos.pdf\">CERTIFICADO EXPEDIDO.&nbsp;GUIA PARA DILIGENCIAR ANEXO 6<\/a><\/strong> <\/li>\n<\/ul>\n","protected":false},"excerpt":{"rendered":"<p>CONVOCATORIA 937 \u201cINVESTIGACI\u00d3N FUNDAMENTAL\u201d Objetivo general: Conformar un banco de proyectos elegibles en Investigaci\u00f3n Fundamental, orientados a la generaci\u00f3n de nuevo conocimiento, en diferentes \u00e1reas del conocimiento. Objetivos espec\u00edficos: Dirigida [&#8230;]<\/p>\n","protected":false},"author":0,"featured_media":0,"comment_status":"closed","ping_status":"closed","sticky":false,"template":"","format":"standard","meta":{"footnotes":""},"categories":[7],"tags":[],"class_list":["post-5591","post","type-post","status-publish","format-standard","hentry","category-convocatorias"],"_links":{"self":[{"href":"https:\/\/vicerrectorias.utp.edu.co\/viie\/wp-json\/wp\/v2\/posts\/5591","targetHints":{"allow":["GET"]}}],"collection":[{"href":"https:\/\/vicerrectorias.utp.edu.co\/viie\/wp-json\/wp\/v2\/posts"}],"about":[{"href":"https:\/\/vicerrectorias.utp.edu.co\/viie\/wp-json\/wp\/v2\/types\/post"}],"replies":[{"embeddable":true,"href":"https:\/\/vicerrectorias.utp.edu.co\/viie\/wp-json\/wp\/v2\/comments?post=5591"}],"version-history":[{"count":4,"href":"https:\/\/vicerrectorias.utp.edu.co\/viie\/wp-json\/wp\/v2\/posts\/5591\/revisions"}],"predecessor-version":[{"id":11850,"href":"https:\/\/vicerrectorias.utp.edu.co\/viie\/wp-json\/wp\/v2\/posts\/5591\/revisions\/11850"}],"wp:attachment":[{"href":"https:\/\/vicerrectorias.utp.edu.co\/viie\/wp-json\/wp\/v2\/media?parent=5591"}],"wp:term":[{"taxonomy":"category","embeddable":true,"href":"https:\/\/vicerrectorias.utp.edu.co\/viie\/wp-json\/wp\/v2\/categories?post=5591"},{"taxonomy":"post_tag","embeddable":true,"href":"https:\/\/vicerrectorias.utp.edu.co\/viie\/wp-json\/wp\/v2\/tags?post=5591"}],"curies":[{"name":"wp","href":"https:\/\/api.w.org\/{rel}","templated":true}]}}