{"id":5581,"date":"2023-05-10T11:35:39","date_gmt":"2023-12-01T14:53:00","guid":{"rendered":""},"modified":"2024-02-08T20:59:23","modified_gmt":"2024-02-08T19:59:23","slug":"convocatoria-935-programa-orquideas-mujeres-en-la-ciencia-agentes-para-la-paz","status":"publish","type":"post","link":"https:\/\/vicerrectorias.utp.edu.co\/viie\/convocatoria-935-programa-orquideas-mujeres-en-la-ciencia-agentes-para-la-paz\/","title":{"rendered":"CONVOCATORIA 935 PROGRAMA ORQU\u00cdDEAS, MUJERES EN LA CIENCIA: AGENTES PARA LA PAZ"},"content":{"rendered":"\n<h3 class=\"wp-block-heading\"><strong>CONVOCATORIA 935 PROGRAMA ORQU\u00cdDEAS, MUJERES EN LA CIENCIA: AGENTES PARA LA PAZ<\/strong><\/h3>\n\n\n\n<p><span class=\"post-content__span\"> <strong>Objetivo:<\/strong><\/p>\n\n\n\n<p><span class=\"post-content__span\"> Conformar un banco de propuestas elegibles en las cuales se contemple la realizaci\u00f3n de proyectos de investigaci\u00f3n, desarrollo tecnol\u00f3gico y\/o innovaci\u00f3n (I+D+i), que vinculen Doctoras para llevar a cabo estancias posdoctorales y J\u00f3venes Investigadoras e Innovadoras colombianas, con el fin de intervenir al menos una de las tem\u00e1ticas establecidas en el reto \u201cPoner fin a todas las formas de violencia en Colombia\u201d en el marco de la Misi\u00f3n \u00abCiencia para la Paz\u00bb, e incrementar el nivel de desarrollo de vocaciones y capacidades investigativas, cient\u00edficas, tecnol\u00f3gicas y de innovaci\u00f3n de las mujeres en las diferentes regiones de Colombia.<\/p>\n\n\n\n<p><span class=\"post-content__span\"> Las propuestas para el desarrollo de las Estancias de Investigaci\u00f3n, Desarrollo Tecnol\u00f3gico y\/o Innovaci\u00f3n deber\u00e1n estar relacionadas con al menos uno de las siguientes tem\u00e1ticas establecidas en el reto \u201cPoner fin a todas las formas de violencia en Colombia\u201d de la misi\u00f3n \u201cCiencia para la Paz\u201d:<\/p>\n\n\n\n<ol class=\"wp-block-list\">\n<li>Causas de los conflictos y las consecuencias para el bienestar de los colombianos.<\/li>\n\n\n\n<li>Reconocimiento de las experiencias y los procesos de paz.<\/li>\n\n\n\n<li>Comprensi\u00f3n de las diversas formas, escalas y niveles de conflicto (local, regional, nacional, internacional).<\/li>\n\n\n\n<li>Construcci\u00f3n de soluciones socio-t\u00e9cnicas que fomenten y fortalezcan la convivencia pac\u00edfica en condiciones de equidad y justicia social.<\/li>\n\n\n\n<li>Investigaci\u00f3n, desarrollos tecnol\u00f3gicos o innovaciones que permitan atender problem\u00e1ticas asociadas a las diversas formas de violencia en Colombia.<\/li>\n<\/ol>\n\n\n\n<p><span class=\"post-content__span\"> <strong>Dirigida a:<\/strong><\/p>\n\n\n\n<p><span class=\"post-content__span\"> Alianza entre una entidad del Sistema Nacional de Ciencia, Tecnolog\u00eda e Innovaci\u00f3n y una profesional colombiana que cuente con el t\u00edtulo de doctorado o que certifique que su tesis de doctorado ha sido sustentada y aprobada al cierre de la convocatoria, con el fin de apoyar el desarrollo de proyectos de investigaci\u00f3n, desarrollo tecnol\u00f3gico e innovaci\u00f3n en tem\u00e1ticas orientadas a la misi\u00f3n \u201cCiencia para la Paz\u201d.<\/p>\n\n\n\n<h3 class=\"wp-block-heading\"><strong>Requisitos <a href=\"https:\/\/media2.utp.edu.co\/archivos\/terminos_de_referencia_programa_orquideas_firmado.pdf\">(Ver t\u00e9rminos de referencia)<\/a><\/strong><\/h3>\n\n\n\n<p><span class=\"post-content__span\"> <strong>Condiciones de participaci\u00f3n de la Entidad Receptora<\/strong><\/p>\n\n\n\n<ul class=\"wp-block-list\">\n<li>Cumplir con el \u201cDirigido a\u201d<\/li>\n\n\n\n<li>Inscribir la propuesta en el Sistema Integrado de Gesti\u00f3n de Proyectos SIGP (Ver Numeral 12. Procedimiento de Inscripci\u00f3n), el cual se debe ajustar al objetivo de la convocatoria. La propuesta deber\u00e1 contener la informaci\u00f3n requerida en el numeral 11. Contenidos de la propuesta.<\/li>\n\n\n\n<li>Adjuntar \u201cCarta de aval y compromiso institucional unificada\u201d debidamente diligenciada y suscrita tanto por el representante legal y\/o delegado de la Entidad Receptora, como por la Doctora que realizar\u00e1 la estancia posdoctoral de investigaci\u00f3n, desarrollo tecnol\u00f3gico y\/o innovaci\u00f3n (Anexo 1). En el caso de apoderado(s), anexar el documento que lo faculte.<\/li>\n\n\n\n<li>La Entidad Receptora deber\u00e1 estar legalmente constituida en Colombia con al menos doce (12) meses previos de la fecha de apertura de la convocatoria, informaci\u00f3n que se verificar\u00e1 con el Registro \u00danico Empresarial (RUES) y\/o documento equivalente. Las entidades que no cuenten con el RUES, deber\u00e1n adjuntar: certificado de existencia y representaci\u00f3n legal expedido por las C\u00e1maras de Comercio o por el Ministerio de Educaci\u00f3n Superior, con fecha de expedici\u00f3n, no mayor a 90 d\u00edas h\u00e1biles al momento de la postulaci\u00f3n.<\/li>\n<\/ul>\n\n\n\n<p><span class=\"post-content__span\"> <strong>Condiciones de la Joven Investigadora e Innovadora:<\/strong><\/p>\n\n\n\n<ul class=\"wp-block-list\">\n<li>Edad: Tener m\u00e1ximo 28 a\u00f1os al 31 de diciembre de 2023. Para acreditar este requisito adjuntar copia legible de la c\u00e9dula de ciudadan\u00eda por ambas caras.<\/li>\n\n\n\n<li>Estado Acad\u00e9mico: Las J\u00f3venes Investigadoras e Innovadoras en calidad de estudiantes deben haber cursado m\u00ednimo el 70% de los cr\u00e9ditos acad\u00e9micos. Para acreditar este requisito adjuntar certificado expedido por la Instituci\u00f3n de formaci\u00f3n a la que se encuentra vinculada, en el que se indiquen los cr\u00e9ditos acad\u00e9micos cursados al momento de su postulaci\u00f3n y el total de estos en el programa de formaci\u00f3n en el que se encuentra vinculada. Se aceptar\u00e1n los documentos electr\u00f3nicos expedidos y descargados a trav\u00e9s de los sistemas de informaci\u00f3n de las Instituciones de formaci\u00f3n para la aplicaci\u00f3n, sin embargo, se exigir\u00e1n los oficiales al momento de la contrataci\u00f3n en caso de resultar beneficiaria.<\/li>\n\n\n\n<li><strong>Las J\u00f3venes Investigadoras e Innovadoras en calidad de reci\u00e9n graduadas<\/strong> de programas t\u00e9cnicos, tecnol\u00f3gicos o profesionales (pregrado), deben haber obtenido su t\u00edtulo de grado m\u00e1ximo 3 a\u00f1os previos a la apertura de la convocatoria o estar pendiente del diploma o el acta de grado. Para acreditar este requisito, adjuntar uno de los siguientes documentos: (i) copia del diploma o acta de grado, (ii) certificado o documento equivalente de la Instituci\u00f3n de formaci\u00f3n, donde se indique que ha culminado sus estudios y que solo se encuentra pendiente de obtener el t\u00edtulo profesional<\/li>\n<\/ul>\n\n\n\n<p><span class=\"post-content__span\"> <strong>Condiciones de la Doctora:<\/strong><\/p>\n\n\n\n<ul class=\"wp-block-list\">\n<li>Ser ciudadana colombiana. Adjuntar copia de la c\u00e9dula de ciudadan\u00eda legible por ambas caras.<\/li>\n\n\n\n<li>Contar con t\u00edtulo de doctorado. Para acreditar este requisito, se requiere adjuntar copia del t\u00edtulo o acta de grado. Para aquellos casos donde a\u00fan no se cuente con el t\u00edtulo o acta, se deber\u00e1 anexar certificaci\u00f3n expedida por la autoridad competente de la universidad, donde conste expresamente que ya ha sido sustentada y aprobada la tesis y que solo falta la ceremonia de grado o la expedici\u00f3n del respectivo t\u00edtulo. No es necesario presentar la convalidaci\u00f3n del t\u00edtulo.<\/li>\n<\/ul>\n\n\n\n<p><span class=\"post-content__span\"> <strong>Requisito opcional, no inhabilitante:<\/strong><\/p>\n\n\n\n<ul class=\"wp-block-list\">\n<li>Para aquellas Doctoras y\/o J\u00f3venes Investigadoras e Innovadoras que sean miembros de poblaci\u00f3n negra, afrocolombiana, raizal, palenquera o ROM, deber\u00e1n anexar el Certificado de Auto Reconocimiento expedido por el Ministerio del Interior. Las Doctoras y\/o J\u00f3venes Investigadoras e Innovadoras que sean miembros de una comunidad ind\u00edgena deber\u00e1n anexar el Certificado del Registro de la Autoridad o Cabildo de las Comunidades y\/o Resguardos Ind\u00edgenas expedido por el Ministerio del Interior. Las Doctoras y\/o J\u00f3venes Investigadoras e Innovadoras v\u00edctimas del conflicto armado deber\u00e1n anexar el Certificado expedido por la Unidad para la Atenci\u00f3n y Reparaci\u00f3n Integral para las V\u00edctimas. Este requisito es opcional y no es de car\u00e1cter inhabilitante.<\/li>\n<\/ul>\n\n\n\n<p><span class=\"post-content__span\"> <strong>Notas:<\/strong><\/p>\n\n\n\n<p><span class=\"post-content__span\"> a. Si alguno de los documentos mencionados previamente est\u00e1 en un idioma diferente al espa\u00f1ol, es obligatorio adjuntar la traducci\u00f3n oficial al espa\u00f1ol. Se deber\u00e1n anexar los dos documentos (original y traducido).<\/p>\n\n\n\n<p><span class=\"post-content__span\"> b. El Ministerio podr\u00e1 solicitar en cualquier momento informaci\u00f3n y documentaci\u00f3n adicional, complementaria o aclaraciones de los documentos entregados.&nbsp;<\/p>\n\n\n\n<h3 class=\"wp-block-heading\"><strong>Condiciones Inhabilitantes&nbsp;<\/strong><\/h3>\n\n\n\n<p><span class=\"post-content__span\"> Son todas aquellas condiciones de modo, tiempo y lugar, objetivas o subjetivas, antecedentes o concomitantes, predicables del aspirante inscrito en la Convocatoria o de la propuesta sometida a consideraci\u00f3n del Ministerio de Ciencia, Tecnolog\u00eda e Innovaci\u00f3n que impiden la continuidad de su participaci\u00f3n en el proceso de selecci\u00f3n, o que, habiendo obtenido el beneficio de que se trate, le hacen imposible disfrutarlo.<\/p>\n\n\n\n<p><span class=\"post-content__span\"> <strong>De la Entidad Receptora:<\/strong><\/p>\n\n\n\n<ul class=\"wp-block-list\">\n<li>No cumplir con los requisitos y lineamientos establecidos en los t\u00e9rminos de referencia de la convocatoria o que estos no se subsanen dentro de los plazos establecidos.<\/li>\n\n\n\n<li>No cumplir con los requisitos legales para la suscripci\u00f3n del contrato de financiamiento de recuperaci\u00f3n contingente, en caso de ser beneficiado por la presente convocatoria.<\/li>\n\n\n\n<li>Alterar alguno de los documentos solicitados en la secci\u00f3n de requisitos.<\/li>\n\n\n\n<li>Estar incurso en alguna de las causales de inhabilidad e incompatibilidad y que no se encuentre apto para contratar de acuerdo con lo establecido en la Constituci\u00f3n, en la Ley y Reglamentos en cualquier etapa del proceso: pre contractual, contractual o post contractual.<br>Las inhabilidades son de orden Constitucional y legal, el art\u00edculo 126 de la Constituci\u00f3n Nacional establece inhabilidades para los grados de parentesco y en la ley encontramos las inhabilidades contempladas en el Art\u00edculo 8 (Inhabilidades e incompatibilidades para contratar) de la Ley 80 de 1993. Disposiciones especiales como los art\u00edculos 5 y 90 de la Ley 1474 de 2011 y el art\u00edculo 71 de la Ley 1952 de 2019 el C\u00f3digo General Disciplinario contempla otras causales de inhabilidad, entre otras normas. Las inhabilidades e incompatibilidades est\u00e1n establecidas para asegurar los intereses p\u00fablicos y proteger la transparencia, objetividad e imparcialidad en las relaciones entre el Estado y los particulares.<\/li>\n<\/ul>\n\n\n\n<p><span class=\"post-content__span\"> <strong>De la Doctora:<\/strong><\/p>\n\n\n\n<ul class=\"wp-block-list\">\n<li>Ser beneficiaria de manera simult\u00e1nea de convocatorias financiadas o cofinanciadas por el Ministerio, en su participaci\u00f3n como Investigadora, Doctora o estancia postdoctoral.<\/li>\n\n\n\n<li>Participar de manera simult\u00e1nea en dos o m\u00e1s propuestas de la presente convocatoria. En caso de presentarse en dos o m\u00e1s propuestas se tendr\u00e1 en cuenta la primera propuesta registrada con base en la fecha y hora de inscripci\u00f3n en la plataforma.<\/li>\n\n\n\n<li>Tener v\u00ednculo contractual con la Entidad Receptora a la fecha de apertura de la convocatoria. Se permitir\u00e1 la participaci\u00f3n de doctoras vinculadas como profesores de hora c\u00e1tedra y ocasionales.<\/li>\n\n\n\n<li>Ser representante legal de la Entidad Receptora.<\/li>\n\n\n\n<li>Haber sido declarada en incumplimiento en cualquiera de los mecanismos operados por el Ministerio en los \u00faltimos 5 a\u00f1os.<\/li>\n\n\n\n<li>Estar incurso en alguna de las causales de inhabilidad e incompatibilidad y que no se encuentre apto para contratar de acuerdo con lo establecido en la Constituci\u00f3n, en la Ley y Reglamentos en cualquier etapa del proceso: pre contractual, contractual o post contractual.<br>Las inhabilidades son de orden Constitucional y legal, el art\u00edculo 126 de la Constituci\u00f3n Nacional establece inhabilidades para los grados de parentesco y en la ley encontramos las inhabilidades contempladas en el Art\u00edculo 8 (Inhabilidades e incompatibilidades para contratar) de la Ley 80 de 1993. Disposiciones especiales como los&nbsp;art\u00edculos 5 y 90 de la Ley 1474 de 2011 y el art\u00edculo 71 de la Ley 1952 de 2019 el C\u00f3digo General Disciplinario contempla otras causales de inhabilidad, entre otras normas. Las inhabilidades e incompatibilidades est\u00e1n establecidas para asegurar los intereses p\u00fablicos y proteger la transparencia, objetividad e imparcialidad en las relaciones entre el Estado y los particulares.<\/li>\n<\/ul>\n\n\n\n<p><span class=\"post-content__span\"> <strong>De la Joven Investigadora e Innovadora<\/strong>:<\/p>\n\n\n\n<ul class=\"wp-block-list\">\n<li>Ser beneficiaria de manera simult\u00e1nea de convocatorias financiadas o cofinanciadas por el Ministerio, en su participaci\u00f3n como Joven Investigadora e Innovadora.<\/li>\n\n\n\n<li>No podr\u00e1 presentarse de manera simult\u00e1nea en dos o m\u00e1s propuestas de la presente convocatoria. En caso de presentarse en dos o m\u00e1s propuestas se tendr\u00e1 en cuenta \u00fanicamente la primera propuesta registrada con base en la fecha y hora de inscripci\u00f3n en la plataforma.<\/li>\n\n\n\n<li>Haber recibido financiaci\u00f3n del Programa J\u00f3venes Investigadores e Innovadores por dos o m\u00e1s becas pasant\u00edas o pasant\u00edas de investigaci\u00f3n.<\/li>\n\n\n\n<li>Estar incurso en alguna de las causales de inhabilidad e incompatibilidad y que no se encuentre apto para contratar de acuerdo con lo establecido en la Constituci\u00f3n, en la Ley y Reglamentos en cualquier etapa del proceso: pre contractual, contractual o post contractual.<br>Las inhabilidades son de orden Constitucional y legal, el art\u00edculo 126 de la Constituci\u00f3n Nacional establece inhabilidades para los grados de parentesco y en la ley encontramos las inhabilidades contempladas en el Art\u00edculo 8 (Inhabilidades e incompatibilidades para contratar) de la Ley 80 de 1993. Disposiciones especiales como los art\u00edculos 5 y 90 de la Ley 1474 de 2011 y el art\u00edculo 71 de la Ley 1952 de 2019 el C\u00f3digo General Disciplinario contempla otras causales de inhabilidad, entre otras normas. Las inhabilidades e incompatibilidades est\u00e1n establecidas para asegurar los intereses p\u00fablicos y proteger la transparencia, objetividad e imparcialidad en las relaciones entre el Estado y los particulares.<\/li>\n<\/ul>\n\n\n\n<h3 class=\"wp-block-heading\"><strong>CRONOGRAMA<\/strong><\/h3>\n\n\n\n<figure class=\"wp-block-table table\"><table><thead><tr><th>ACTIVIDAD<\/th><th>FECHA LIMITE<\/th><\/tr><\/thead><tbody><tr><td>Apertura de la convocatoria<\/td><td>30 de marzo de 2023<\/td><\/tr><tr><td>Cierre de la convocatoria<\/td><td>23 de mayo de 2023 a las 4:00 pm (hora Colombia)<\/td><\/tr><tr><td>Periodo de revisi\u00f3n de requisitos<\/td><td>Del 24 al 30 de mayo de 2023<\/td><\/tr><tr><td>Per\u00edodo de subsanaci\u00f3n de requisitos<\/td><td>Del 31 de mayo al 2 de junio de 2023 a las 4:00 pm (hora Colombia)<\/td><\/tr><tr><td>Publicaci\u00f3n del banco preliminar de elegibles<\/td><td>26 de julio de 2023<\/td><\/tr><tr><td>Per\u00edodo de solicitud de aclaraciones del banco preliminar de elegibles<\/td><td>27 al 28 de julio de 2023 a las 4:00 p.m. (hora Colombia)<\/td><\/tr><tr><td>Respuesta a solicitud de aclaraciones<\/td><td>31 de julio al 4 de agosto de 2023<\/td><\/tr><tr><td>Publicaci\u00f3n del banco definitivo de elegibles<\/td><td>17 de agosto de 2023<\/td><\/tr><\/tbody><\/table><\/figure>\n\n\n\n<h3 class=\"wp-block-heading\"><strong>Procedimiento interno para postulaci\u00f3n<\/strong><\/h3>\n\n\n\n<p><span class=\"post-content__span\"> El director del grupo de investigaci\u00f3n que postular\u00e1 la doctora y la joven investigadora deber\u00e1 enviar la solicitud de carta de aval al correo&nbsp;<a href=\"mailto:investigaciones@utp.edu.co\" target=\"_blank\" rel=\"noreferrer noopener\">investigaciones@utp.edu.co<\/a>&nbsp;antes del lunes 15 de mayo de 2023, anexando los siguientes documentos:&nbsp;<\/p>\n\n\n\n<p><span class=\"post-content__span\"> 1. Reporte de registro del proyecto en el SIGP.<\/p>\n\n\n\n<p><span class=\"post-content__span\"> <strong>2. Documentaci\u00f3n joven investigadora:&nbsp;<\/strong><\/p>\n\n\n\n<p><span class=\"post-content__span\"> &#8211; Copia legible de la c\u00e9dula de ciudadan\u00eda por ambas caras.<\/p>\n\n\n\n<p><span class=\"post-content__span\"> &#8211; Certificado expedido por la Instituci\u00f3n de formaci\u00f3n a la que se encuentra vinculada, en el que se indiquen los cr\u00e9ditos acad\u00e9micos cursados al momento de su postulaci\u00f3n y el total de estos en el programa de formaci\u00f3n en el que se encuentra vinculada. Se aceptar\u00e1n los documentos electr\u00f3nicos expedidos y descargados a trav\u00e9s de los sistemas de informaci\u00f3n de las Instituciones de formaci\u00f3n para la aplicaci\u00f3n, sin embargo, se exigir\u00e1n los oficiales al momento de la contrataci\u00f3n en caso de resultar beneficiaria.<\/p>\n\n\n\n<p><span class=\"post-content__span\"> &#8211; Copia del diploma o acta de grado, certificado o documento equivalente de la Instituci\u00f3n de formaci\u00f3n, donde se indique que ha culminado sus estudios y que solo se encuentra pendiente de obtener el t\u00edtulo profesional<\/p>\n\n\n\n<p><span class=\"post-content__span\"> <strong>3. Documentos doctora:&nbsp;<\/strong><\/p>\n\n\n\n<p><span class=\"post-content__span\"> &#8211; Copia de la c\u00e9dula de ciudadan\u00eda legible por ambas caras.<\/p>\n\n\n\n<p><span class=\"post-content__span\"> &#8211; Copia del t\u00edtulo o acta de grado. Para aquellos casos donde a\u00fan no se cuente con el t\u00edtulo o acta, se deber\u00e1 anexar certificaci\u00f3n expedida por la autoridad competente de la universidad, donde conste expresamente que ya ha sido sustentada y aprobada la tesis y que solo falta la ceremonia de grado o la expedici\u00f3n del respectivo t\u00edtulo. No es necesario presentar la convalidaci\u00f3n del t\u00edtulo.<\/p>\n\n\n\n<p><span class=\"post-content__span\"> 4. Carta de aval previamente diligenciada.&nbsp;<\/p>\n\n\n\n<p><span class=\"post-content__span\"> 5. Tener en cuenta la siguiente informaci\u00f3n para el c\u00e1lculo de contrapartida en especie:&nbsp;Solo podr\u00e1 ser registrada como contrapartida, lo relacionado en especie:&nbsp;<\/p>\n\n\n\n<p><span class=\"post-content__span\"> &#8211; Tiempo de dedicaci\u00f3n del director del grupo de investigaci\u00f3n UTP.&nbsp; (Valor de la hora: Sueldo b\u00e1sico *1,52\/160)&nbsp;<br>&#8211; Uso de Equipos: Se calcula el 10% del valor del equipo en inventario, por lo que deber\u00e1n anexar los soportes correspondientes al reporte de inventario.&nbsp;<br>&#8211; Uso de Espacios: Con base en la certificaci\u00f3n generada por la oficina de planeaci\u00f3n. Deben solicitar la certificaci\u00f3n de espacio a Juli\u00e1n Andr\u00e9s C\u00e1rdenas Morales (<a href=\"mailto:j.cardenas1@utp.edu.co\" target=\"_blank\" rel=\"noreferrer noopener\">j.cardenas1@utp.edu.co<\/a>) (Ver anexos)<\/p>\n\n\n\n<p><span class=\"post-content__span\"> 6. Si la propuesta requiere de aval del comit\u00e9 de bio\u00e9tica, deber\u00e1 realizar la solicitud antes del 4 de mayo de 2023, seg\u00fan el procedimiento establecido para dicho fin que se puede consultar en el siguiente link:&nbsp;<a href=\"https:\/\/www2.utp.edu.co\/vicerrectoria\/investigaciones\/comite-de-bioetica.html\" target=\"_blank\" rel=\"noreferrer noopener\">VER&nbsp;<\/a>. Cualquier duda o inquietud podr\u00e1 ser consulta a trav\u00e9s del correo&nbsp;<a href=\"mailto:comitedebioetica@utp.edu.co\" target=\"_blank\" rel=\"noreferrer noopener\">comitedebioetica@utp.edu.co<\/a>&nbsp;o al 3137450)<\/p>\n\n\n\n<p><span class=\"post-content__span\"> <strong>NOTA: Solo podr\u00e1 ser registrada como contrapartida, lo relacionado en especie:&nbsp;<\/strong><\/p>\n\n\n\n<p><span class=\"post-content__span\"> <strong>&nbsp;<br>&#8211; Tiempo de dedicaci\u00f3n del director del grupo de investigaci\u00f3n UTP.&nbsp;<br>&#8211; Uso de Equipos: Se calcula el 10% del valor del equipo en inventario, por lo que deber\u00e1n anexar los soportes correspondientes al reporte de inventario.&nbsp;<br>&#8211; Uso de Espacios: Con base en la certificaci\u00f3n generada por la oficina de planeaci\u00f3n. Deben solicitar la certificaci\u00f3n de espacio a Juli\u00e1n Andr\u00e9s C\u00e1rdenas Morales (<\/strong><a href=\"mailto:j.cardenas1@utp.edu.co\">j.cardenas1@utp.edu.co<\/a><strong>)<\/strong><\/p>\n\n\n\n<p><span class=\"post-content__span\"> Cualquier duda o inquietud al respecto se pueden comunicar con la funcionaria Yesica Marcela Rojas Orozco (<a href=\"mailto:investigaciones@utp.edu.co\" target=\"_blank\" rel=\"noreferrer noopener\">investigaciones@utp.edu.co<\/a>, 3137309)&nbsp;<\/p>\n\n\n\n<h3 class=\"wp-block-heading\"><strong>Documentos de la convocatoria<\/strong><\/h3>\n\n\n\n<ul class=\"wp-block-list\">\n<li><strong><a href=\"https:\/\/media2.utp.edu.co\/archivos\/terminos_de_referencia_programa_orquideas_firmado.pdf\">TERMINOS DE REFERENCIA<\/a><\/strong><\/li>\n\n\n\n<li><a href=\"https:\/\/media2.utp.edu.co\/archivos\/anexo_1._carta_de_aval_de_la_propuesta(1).pdf\"><strong>ANEXO 2:&nbsp;<\/strong><\/a><a href=\"https:\/\/media2.utp.edu.co\/archivos\/anexo_1._carta_de_aval_de_la_propuesta_0.pdf\">CARTA DE AV<\/a><a href=\"https:\/\/minciencias.gov.co\/sites\/default\/files\/upload\/convocatoria\/anexo_1._carta_de_aval_de_la_propuesta_0.pdf\">AL DE LA PROPUESTA PDF<\/a><\/li>\n\n\n\n<li><a href=\"https:\/\/media2.utp.edu.co\/archivos\/anexo_1._carta_de_aval_de_la_propuesta(1).doc\"><strong>ANEXO 3:&nbsp;<\/strong><\/a><a href=\"https:\/\/media2.utp.edu.co\/archivos\/anexo_1._carta_de_aval_de_la_propuesta(1).doc\">CARTA DE AV<\/a><a href=\"https:\/\/media2.utp.edu.co\/archivos\/anexo_1._carta_de_aval_de_la_propuesta.docx\">AL DE LA PROPUESTA&nbsp;<\/a><a href=\"https:\/\/media2.utp.edu.co\/archivos\/anexo_1._carta_de_aval_de_la_propuesta.doc\">EDITABLE<\/a><\/li>\n\n\n\n<li><a href=\"https:\/\/media2.utp.edu.co\/archivos\/0%20certificado%20base%20.docx\"><strong>ANEXO 4:&nbsp;<\/strong><\/a><a href=\"https:\/\/media2.utp.edu.co\/archivos\/anexo_2._descripcion_de_productos_esperados.pdf\">DESCRIPCI\u00d3N DE PRODUCTOS ESPERADOS<\/a><\/li>\n\n\n\n<li><a href=\"https:\/\/media2.utp.edu.co\/archivos\/0%20certificado%20base%20.docx\"><strong>ANEXO 5:&nbsp;<\/strong><\/a><a href=\"https:\/\/media2.utp.edu.co\/archivos\/0%20certificado%20base%20.docx\">CERTIFICADO DE ESPACIOS<\/a><\/li>\n\n\n\n<li><a href=\"https:\/\/media2.utp.edu.co\/archivos\/1.%20contrapartida%20infraestructura%20UTP%20suelos%20sanos.pdf\"><strong>ANEXO 6:&nbsp;<\/strong>CERTIFICADO EXPEDIDO.&nbsp;GUIA PARA DILIGENCIAR ANEXO 5<\/a><\/li>\n<\/ul>\n","protected":false},"excerpt":{"rendered":"<p>CONVOCATORIA 935 PROGRAMA ORQU\u00cdDEAS, MUJERES EN LA CIENCIA: AGENTES PARA LA PAZ Objetivo: Conformar un banco de propuestas elegibles en las cuales se contemple la realizaci\u00f3n de proyectos de investigaci\u00f3n, [&#8230;]<\/p>\n","protected":false},"author":0,"featured_media":0,"comment_status":"closed","ping_status":"closed","sticky":false,"template":"","format":"standard","meta":{"footnotes":""},"categories":[7],"tags":[],"class_list":["post-5581","post","type-post","status-publish","format-standard","hentry","category-convocatorias"],"_links":{"self":[{"href":"https:\/\/vicerrectorias.utp.edu.co\/viie\/wp-json\/wp\/v2\/posts\/5581","targetHints":{"allow":["GET"]}}],"collection":[{"href":"https:\/\/vicerrectorias.utp.edu.co\/viie\/wp-json\/wp\/v2\/posts"}],"about":[{"href":"https:\/\/vicerrectorias.utp.edu.co\/viie\/wp-json\/wp\/v2\/types\/post"}],"replies":[{"embeddable":true,"href":"https:\/\/vicerrectorias.utp.edu.co\/viie\/wp-json\/wp\/v2\/comments?post=5581"}],"version-history":[{"count":4,"href":"https:\/\/vicerrectorias.utp.edu.co\/viie\/wp-json\/wp\/v2\/posts\/5581\/revisions"}],"predecessor-version":[{"id":11842,"href":"https:\/\/vicerrectorias.utp.edu.co\/viie\/wp-json\/wp\/v2\/posts\/5581\/revisions\/11842"}],"wp:attachment":[{"href":"https:\/\/vicerrectorias.utp.edu.co\/viie\/wp-json\/wp\/v2\/media?parent=5581"}],"wp:term":[{"taxonomy":"category","embeddable":true,"href":"https:\/\/vicerrectorias.utp.edu.co\/viie\/wp-json\/wp\/v2\/categories?post=5581"},{"taxonomy":"post_tag","embeddable":true,"href":"https:\/\/vicerrectorias.utp.edu.co\/viie\/wp-json\/wp\/v2\/tags?post=5581"}],"curies":[{"name":"wp","href":"https:\/\/api.w.org\/{rel}","templated":true}]}}