{"id":5571,"date":"2023-05-02T09:01:39","date_gmt":"2023-12-01T14:53:00","guid":{"rendered":""},"modified":"2024-02-08T21:02:33","modified_gmt":"2024-02-08T20:02:33","slug":"convocatoria-939-de-2023-minciencias-para-el-registro-de-propuestas-que-accederan-a-los-beneficios-tributarios-de-ingresos-no-constitutivos-de-renta","status":"publish","type":"post","link":"https:\/\/vicerrectorias.utp.edu.co\/viie\/convocatoria-939-de-2023-minciencias-para-el-registro-de-propuestas-que-accederan-a-los-beneficios-tributarios-de-ingresos-no-constitutivos-de-renta\/","title":{"rendered":"CONVOCATORIA 939 DE 2023 MINCIENCIAS &#8211; PARA EL REGISTRO DE PROPUESTAS QUE ACCEDER\u00c1N A LOS BENEFICIOS TRIBUTARIOS DE INGRESOS NO CONSTITUTIVOS DE RENTA"},"content":{"rendered":"\n<h3 class=\"wp-block-heading\"><strong>Solicitudes recibidas y estado <a href=\"https:\/\/media2.utp.edu.co\/archivos\/Solicitudes%20en%20tr%C3%A1mite%20(Conv.%20939%20de%202023).pdf\">(VER ANEXO)<\/a><\/strong><\/h3>\n\n\n\n<h3 class=\"wp-block-heading\"><strong>CONVOCATORIA 939 DE 2023&nbsp;MINCIENCIAS &#8211;&nbsp;PARA EL REGISTRO DE PROPUESTAS QUE ACCEDER\u00c1N A LOS BENEFICIOS TRIBUTARIOS DE INGRESOS NO CONSTITUTIVOS DE RENTA 2022<\/strong><\/h3>\n\n\n\n<p><span class=\"post-content__span\"> La Vicerrector\u00eda de Investigaciones, Innovaci\u00f3n y Extensi\u00f3n, comparte&nbsp;el procedimiento establecido para llevar a cabo la solicitud de la carta de aval para la participaci\u00f3n en la convocatoria 939 de Minciencias.<\/p>\n\n\n<div class=\"wp-block-image\">\n<figure class=\"aligncenter is-resized\"><img loading=\"lazy\" decoding=\"async\" src=\"https:\/\/media2.utp.edu.co\/imagenes\/ingresos_no.png\" alt=\"\" style=\"width:560px;height:424px\" width=\"560\" height=\"424\"\/><\/figure>\n<\/div>\n\n\n<h3 class=\"wp-block-heading\"><strong>OBJETIVO DE LA CONVOCATORIA:<\/strong><\/h3>\n\n\n\n<p><span class=\"post-content__span\"> Calificar proyectos como de investigaci\u00f3n cient\u00edfica, desarrollo e innovaci\u00f3n para que el personal vinculado, que ejecute actividades directas de I+D+i, acceda al beneficio tributario de Ingresos no Constitutivos de Renta y\/o Ganancia Ocasional, siempre que la remuneraci\u00f3n de este personal provenga de recursos destinados para el proyecto, seg\u00fan los criterios y las condiciones definidas por el Consejo Nacional de Beneficios Tributarios en Ciencia, Tecnolog\u00eda e Innovaci\u00f3n (CNBT) y lo establecido por el art\u00edculo 57-2 del E.T.<\/p>\n\n\n\n<h3 class=\"wp-block-heading\"><strong>REQUISITOS GENERALES<\/strong><\/h3>\n\n\n\n<ol class=\"wp-block-list\">\n<li>Contar con un proyecto en ejecuci\u00f3n en la vigencia 2022 (Sin Financiaci\u00f3n, Financiado Internamente, Financiado Externamente).&nbsp;<\/li>\n\n\n\n<li>M\u00e1ximo se certificar\u00e1 la participaci\u00f3n de&nbsp;<strong><em>26 horas semanales<\/em><\/strong>&nbsp;en el total de proyectos en los cuales participe un docente (<em>planta y transitorio<\/em>) en la vigencia 2022.<\/li>\n<\/ol>\n\n\n\n<p><span class=\"post-content__span\"> <strong>Nota<\/strong>: se recomienda la revisi\u00f3n de los t\u00e9rminos de referencia y verificar los&nbsp;requisitos de participaci\u00f3n y las condiciones inhabilitantes.<\/p>\n\n\n\n<p><span class=\"post-content__span\"> Para mayor informaci\u00f3n de la convocatoria, podr\u00e1 consultar los t\u00e9rminos de referencia en el siguiente link:&nbsp;<strong><a href=\"https:\/\/www.minciencias.gov.co\/convocatorias\/convocatoria-registro-propuestas-que-accederan-los-beneficios-tributarios-ingresos-no\" target=\"_blank\" rel=\"noopener noreferrer\"><em>VER<\/em>&nbsp;<\/a><\/strong><\/p>\n\n\n\n<h3 class=\"wp-block-heading\"><strong>PROCEDIMIENTO DE INSCRIPCI\u00d3N Y SOLICITUD DE CARTA AVAL INSTITUCIONAL<\/strong><\/h3>\n\n\n\n<figure class=\"wp-block-table table\"><table><thead><tr><th>PROCEDIMIENTO<\/th><th>RESPONSABLE<\/th><th>OBSERVACI\u00d3N<\/th><th>FECHA<\/th><\/tr><\/thead><tbody><tr><td>\n<p><span class=\"post-content__span\"> Solicitud Carta de presentaci\u00f3n, aval y aceptaci\u00f3n de compromisos<\/p>\n<p><span class=\"post-content__span\"> &nbsp;<\/p>\n<\/td><td>\n<p><span class=\"post-content__span\"> <strong>Vicerrector\u00eda IIE<\/strong><\/p>\n<\/td><td>\n<p><span class=\"post-content__span\"> El investigador interesado en participar en la convocatoria deber\u00e1 realizar la solicitud de la carta por medio del siguiente formulario &#8211;&nbsp;<a href=\"https:\/\/forms.gle\/y5RJKmUsp4TtZQAb6\" target=\"_blank\" rel=\"noopener noreferrer\"><strong>Link<\/strong><\/a><\/p>\n<p><span class=\"post-content__span\"> <strong>NOTA:<\/strong>&nbsp;El m\u00e1ximo de horas a certificar es de 26 horas semanales.<\/p>\n<\/td><td>\n<p><span class=\"post-content__span\"> <strong>Hasta el 27 de abril de 2023.<\/strong><\/p>\n<p><span class=\"post-content__span\"> <strong>Hora: 6:00 pm<\/strong><\/p>\n<\/td><\/tr><tr><td>\n<p><span class=\"post-content__span\"> Inscripci\u00f3n del proyecto en el Sistema Integrado de Gesti\u00f3n de Proyectos de MINCIENCIAS \u2013 SIGP<\/p>\n<\/td><td>\n<p><span class=\"post-content__span\"> <strong>Investigador<\/strong><\/p>\n<\/td><td>\n<p><span class=\"post-content__span\"> A trav\u00e9s del formulario en l\u00ednea disponible en el portal de MINCIENCIAS, el investigador debe realizar la pre-inscripci\u00f3n del proyecto.<\/p>\n<p><span class=\"post-content__span\"> <a href=\"https:\/\/plataformasigp.minciencias.gov.co:7003\/FormularioEstimulos\/\" target=\"_blank\" rel=\"noopener noreferrer\"><strong>Acceda aqu\u00ed al formulario de inscripci\u00f3n<\/strong><\/a><\/p>\n<\/td><td>\n<p><span class=\"post-content__span\"> <strong>Antes del 17 de mayo de 2023.<\/strong><\/p>\n<p><span class=\"post-content__span\"> <strong>Hora: 5:00 pm<\/strong><\/p>\n<\/td><\/tr><tr><td>\n<p><span class=\"post-content__span\"> Acto administrativo que soporta la conformaci\u00f3n del Comit\u00e9 de \u00e9tica que lo expide Aval de \u00c9tica\/Bio\u00e9tica<\/p>\n<\/td><td>\n<p><span class=\"post-content__span\"> <strong>Investigador<\/strong><\/p>\n<\/td><td>\n<p><span class=\"post-content__span\"> En caso de requerirse se deber\u00e1 solicitar el documento mencionado ante el Comit\u00e9 de \u00e9tica o bio\u00e9tica que avale la propuesta y adicionalmente, los documentos de constituci\u00f3n de dicho comit\u00e9.<\/p>\n<p><span class=\"post-content__span\"> Aquellos proyectos avalados por el CBE-UTP podr\u00e1n solicitar el documento al siguiente correo&nbsp;<a href=\"mailto:comitedebioetica@utp.edu.co\" target=\"_blank\" rel=\"noopener noreferrer\"><em><strong>comitedebioetica@utp.edu.co<\/strong><\/em><\/a><\/p>\n<\/td><td>\n<p><span class=\"post-content__span\"> <strong>Hasta el 27 de abril de 2023.<\/strong><\/p>\n<p><span class=\"post-content__span\"> <strong>Hora: 6:00 pm<\/strong><\/p>\n<\/td><\/tr><tr><td>\n<p><span class=\"post-content__span\"> Subsanaci\u00f3n de requisitos<\/p>\n<\/td><td>\n<p><span class=\"post-content__span\"> <strong>Investigador<\/strong><\/p>\n<\/td><td>\n<p><span class=\"post-content__span\"> El investigador es responsable de revisar las observaciones y realizar la debida subsanaci\u00f3n de requisitos.<\/p>\n<\/td><td>\n<p><span class=\"post-content__span\"> <strong>&nbsp; 01 de junio al 05 de junio de 2023. Hora: 5:00 pm&nbsp;<\/strong>&nbsp;<\/p>\n<\/td><\/tr><tr><td>\n<p><span class=\"post-content__span\"> Ajustes de las cartas de de presentaci\u00f3n, aval y aceptaci\u00f3n de compromisos<\/p>\n<\/td><td>\n<p><span class=\"post-content__span\"> <strong>Vicerrector\u00eda IIE<\/strong><\/p>\n<\/td><td>\n<p><span class=\"post-content__span\"> Los investigadores deber\u00e1n solicitar a la Vicerrector\u00eda IIE, el ajuste de las cartas teniendo en cuenta las observaciones de la convocatoria en caso de presentarse.<\/p>\n<p><span class=\"post-content__span\"> La solicitud deber\u00e1 ser enviada al correo:&nbsp;<a href=\"mailto:investigaciones@utp.edu.co\" target=\"_blank\" rel=\"noopener noreferrer\"><em><strong>investigaciones@utp.edu.co<\/strong><\/em><\/a><\/p>\n<\/td><td>\n<p><span class=\"post-content__span\"> <strong>&nbsp;01 de junio al 02 de junio de 2023.&nbsp;<\/strong><\/p>\n<\/td><\/tr><\/tbody><\/table><\/figure>\n\n\n\n<h3 class=\"wp-block-heading\"><strong>LA CONVOCATORIA SE RIGE BAJO EL SIGUIENTE CRONOGRAMA&nbsp;&nbsp;<\/strong><\/h3>\n\n\n<div class=\"wp-block-image\">\n<figure class=\"aligncenter\"><img decoding=\"async\" src=\"https:\/\/media2.utp.edu.co\/imagenes\/unnamed(12).png\" alt=\"\"\/><\/figure>\n<\/div>\n\n\n<p><span class=\"post-content__span\"> Cualquier duda o inquietud al respecto se pueden comunicar con el funcionario Javier Mauricio Toro &nbsp;(<a rel=\"noreferrer noopener\" href=\"mailto:investigaciones@utp.edu.co\" target=\"_blank\">investigaciones@utp.edu.co<\/a>, 3137450)&nbsp;<\/p>\n\n\n\n<h3 class=\"wp-block-heading\"><strong>Documentos de la convocatoria<\/strong><\/h3>\n\n\n\n<ul class=\"wp-block-list\">\n<li><strong>ANEXO 1:&nbsp;<a href=\"https:\/\/media2.utp.edu.co\/archivos\/tdr_ingresos_no_constitutivos_2022_firmado.pdf\">T\u00c9RMINOS DE REFERENCIA<\/a><\/strong><\/li>\n\n\n\n<li><strong>ANEXO 2:&nbsp;<\/strong><strong><a href=\"https:\/\/media2.utp.edu.co\/archivos\/anexo_4_carta_de_presentacion_aval_y_aceptacion_de_compromisos.docx\">Carta de presentaci\u00f3n, aval y aceptaci\u00f3n de compromisos<\/a><\/strong><\/li>\n<\/ul>\n","protected":false},"excerpt":{"rendered":"<p>Solicitudes recibidas y estado (VER ANEXO) CONVOCATORIA 939 DE 2023&nbsp;MINCIENCIAS &#8211;&nbsp;PARA EL REGISTRO DE PROPUESTAS QUE ACCEDER\u00c1N A LOS BENEFICIOS TRIBUTARIOS DE INGRESOS NO CONSTITUTIVOS DE RENTA 2022 La Vicerrector\u00eda [&#8230;]<\/p>\n","protected":false},"author":0,"featured_media":0,"comment_status":"closed","ping_status":"closed","sticky":false,"template":"","format":"standard","meta":{"footnotes":""},"categories":[7],"tags":[],"class_list":["post-5571","post","type-post","status-publish","format-standard","hentry","category-convocatorias"],"_links":{"self":[{"href":"https:\/\/vicerrectorias.utp.edu.co\/viie\/wp-json\/wp\/v2\/posts\/5571","targetHints":{"allow":["GET"]}}],"collection":[{"href":"https:\/\/vicerrectorias.utp.edu.co\/viie\/wp-json\/wp\/v2\/posts"}],"about":[{"href":"https:\/\/vicerrectorias.utp.edu.co\/viie\/wp-json\/wp\/v2\/types\/post"}],"replies":[{"embeddable":true,"href":"https:\/\/vicerrectorias.utp.edu.co\/viie\/wp-json\/wp\/v2\/comments?post=5571"}],"version-history":[{"count":4,"href":"https:\/\/vicerrectorias.utp.edu.co\/viie\/wp-json\/wp\/v2\/posts\/5571\/revisions"}],"predecessor-version":[{"id":13423,"href":"https:\/\/vicerrectorias.utp.edu.co\/viie\/wp-json\/wp\/v2\/posts\/5571\/revisions\/13423"}],"wp:attachment":[{"href":"https:\/\/vicerrectorias.utp.edu.co\/viie\/wp-json\/wp\/v2\/media?parent=5571"}],"wp:term":[{"taxonomy":"category","embeddable":true,"href":"https:\/\/vicerrectorias.utp.edu.co\/viie\/wp-json\/wp\/v2\/categories?post=5571"},{"taxonomy":"post_tag","embeddable":true,"href":"https:\/\/vicerrectorias.utp.edu.co\/viie\/wp-json\/wp\/v2\/tags?post=5571"}],"curies":[{"name":"wp","href":"https:\/\/api.w.org\/{rel}","templated":true}]}}