{"id":5501,"date":"2023-06-14T09:45:37","date_gmt":"2023-12-01T14:53:00","guid":{"rendered":""},"modified":"2024-02-08T20:43:15","modified_gmt":"2024-02-08T19:43:15","slug":"convocatoria-para-fomentar-la-publicacion-de-capitulos-de-libro-resultado-de-investigacion-ano-2023-grupos-de-investigacion","status":"publish","type":"post","link":"https:\/\/vicerrectorias.utp.edu.co\/viie\/convocatoria-para-fomentar-la-publicacion-de-capitulos-de-libro-resultado-de-investigacion-ano-2023-grupos-de-investigacion\/","title":{"rendered":"CONVOCATORIA PARA FOMENTAR LA PUBLICACI\u00d3N DE CAP\u00cdTULOS DE LIBRO RESULTADO DE INVESTIGACI\u00d3N A\u00d1O 2023 &#8211; GRUPOS DE INVESTIGACI\u00d3N"},"content":{"rendered":"<div class=\"wp-block-image\">\n<figure class=\"aligncenter size-large is-resized\"><img loading=\"lazy\" decoding=\"async\" src=\"https:\/\/media2.utp.edu.co\/imagenes\/acuerdo%2010.jpeg\" alt=\"\" style=\"width:800px;height:800px\" width=\"800\" height=\"800\"\/><\/figure>\n<\/div>\n\n\n<h3 class=\"wp-block-heading\"><strong>PUBLICACI\u00d3N<\/strong><\/h3>\n\n\n\n<p><span class=\"post-content__span\"> <a href=\"https:\/\/media2.utp.edu.co\/archivos\/CONVOCATORIA%20Ensayos%20-obra%20literaria%20requisitos%20minimos%202023.pdf\"><strong>\u200b<\/strong><\/a><a href=\"https:\/\/media2.utp.edu.co\/archivos\/CONVOCATORIA%20cap%C3%ADtulos%20de%20libro%20resultados%20de%20proyectos%20de%20investigaci%C3%B3n%20requisitos%20minimos%202023.pdf\"><strong>[Ver]&nbsp;PROPUESTAS QUE CUMPLIERON CON LOS REQUISITOS M\u00cdNIMOS&nbsp;<\/strong><\/a><\/p>\n\n\n\n<p><span class=\"post-content__span\"> <strong>\u200b\u200b\u200b\u200b\u200b\u200b\u200b\u200bFecha de Publicaci\u00f3n:<\/strong>&nbsp;14&nbsp;de junio de 2023<\/p>\n\n\n\n<h3 class=\"wp-block-heading\"><strong>ACUERDO CONSEJO ACAD\u00c9MICO No. 10<\/strong><\/h3>\n\n\n\n<p><span class=\"post-content__span\"> <a href=\"https:\/\/media2.utp.edu.co\/archivos\/Acuerdo%20No.%2010%20CA%202023.pdf\">POR MEDIO DEL CUAL SE APRUEBA LA&nbsp;CONVOCATORIA INTERNA PARA FOMENTAR LA PUBLICACI\u00d3N DE CAP\u00cdTULOS DE LIBRO RESULTADO DE INVESTIGACI\u00d3N A\u00d1O 2023 &#8211; GRUPOS DE INVESTIGACI\u00d3N<\/a><\/p>\n\n\n\n<h3 class=\"wp-block-heading\"><strong>&nbsp;ACUERDO CONSEJO ACAD\u00c9MICO No. 12<\/strong><\/h3>\n\n\n\n<p><span class=\"post-content__span\"> <span><a href=\"https:\/\/media2.utp.edu.co\/archivos\/Acuerdo%20No.%2012%20Corrige%20error%20de%20digitacion.pdf\">POR MEDIO DEL CUAL SE CORRIGE UN ERROR DE DIGITACI\u00d3N CONTENIDO EN LOS ACUERDOS DEL CONSEJO ACAD\u00c9MICO 07, 08, 09, 10 Y 11 DEL 15 DE FEBRERO DE 2023.&nbsp;<\/a><\/span><\/p>\n\n\n\n<p><span class=\"post-content__span\"> La Vicerrector\u00eda de Investigaciones, Innovaci\u00f3n y Extensi\u00f3n de la Universidad Tecnol\u00f3gica de Pereira, invita a participar en la presente convocatoria para la publicaci\u00f3n de cap\u00edtulos de libro resultados de proyectos de investigaci\u00f3n.<\/p>\n\n\n\n<h3 class=\"wp-block-heading\"><strong>OBJETIVO<\/strong><\/h3>\n\n\n\n<p><span class=\"post-content__span\"> Fomentar la producci\u00f3n intelectual de los grupos de investigaci\u00f3n de la Universidad Tecnol\u00f3gica de Pereira, a trav\u00e9s de la publicaci\u00f3n de trabajos resultado de proyectos de investigaci\u00f3n concluidos entre los a\u00f1os 2018 y 2022.<\/p>\n\n\n\n<h3 class=\"wp-block-heading\"><strong>DIRIGIDO A<\/strong><\/h3>\n\n\n\n<p><span class=\"post-content__span\"> Grupos de Investigaci\u00f3n inscritos en la Vicerrector\u00eda de Investigaciones, Innovaci\u00f3n y Extensi\u00f3n de la Universidad Tecnol\u00f3gica de Pereira y que hayan participado en la Convocatoria nacional para el reconocimiento y medici\u00f3n de grupos de investigaci\u00f3n, desarrollo tecnol\u00f3gico o de innovaci\u00f3n y para el reconocimiento de investigadores del Sistema Nacional de Ciencia, Tecnolog\u00eda e Innovaci\u00f3n &#8211; SNCTI 2021 (No 894 de 2021).<\/p>\n\n\n\n<h3 class=\"wp-block-heading\"><strong>REQUISITOS M\u00cdNIMOS PARA PARTICIPAR<\/strong><\/h3>\n\n\n\n<ol class=\"wp-block-list\">\n<li>Podr\u00e1n participar los grupos de Investigaci\u00f3n inscritos en la Vicerrector\u00eda de Investigaciones, Innovaci\u00f3n y Extensi\u00f3n de la Universidad Tecnol\u00f3gica de Pereira y que hayan participado en la Convocatoria nacional para el reconocimiento y medici\u00f3n de grupos de investigaci\u00f3n, desarrollo tecnol\u00f3gico o de innovaci\u00f3n y para el reconocimiento de investigadores del Sistema Nacional de Ciencia, Tecnolog\u00eda e Innovaci\u00f3n &#8211; SNCTI 2021 (No 894 de 2021).<\/li>\n\n\n\n<li>Se aceptar\u00e1n dos autores por cap\u00edtulo de libro resultado de investigaci\u00f3n, de los cuales como m\u00ednimo uno deber\u00e1 ser docente de planta o transitorio de la Universidad Tecnol\u00f3gica de Pereira. Como coautor se podr\u00e1n vincular docentes catedr\u00e1ticos o externos.<\/li>\n\n\n\n<li>Los autores deber\u00e1n pertenecer al grupo de investigaci\u00f3n que presenta el trabajo, y estar vinculados al proyecto de investigaci\u00f3n del cual es resultado el cap\u00edtulo de libro, antes de la fecha de apertura de la presente convocatoria.&nbsp; <strong>(21 de febrero de 2023).<\/strong><\/li>\n\n\n\n<li>Los autores (docentes UTP) deber\u00e1n registrarse en el Google Scholar, Researchgate y en ORCID.<\/li>\n\n\n\n<li>Se aceptar\u00e1n los cap\u00edtulos de libros resultados de proyectos concluidos entre los a\u00f1os 2018 y 2022, inscritos en la Vicerrector\u00eda de Investigaciones, Innovaci\u00f3n y Extensi\u00f3n.<\/li>\n\n\n\n<li>El autor que se postule a la presente convocatoria deber\u00e1 encontrarse a Paz y Salvo en la Vicerrector\u00eda de Investigaciones, Innovaci\u00f3n y Extensi\u00f3n por todo concepto a la fecha de cierre de la convocatoria. (Informes Proyectos de Extensi\u00f3n, Informes Proyectos de Investigaci\u00f3n y Registros de Productos, Actualizaci\u00f3n del Grupo de Investigaci\u00f3n y Semilleros adscritos y cumplimiento en los programas de formaci\u00f3n).<\/li>\n\n\n\n<li>Los autores podr\u00e1n participar en la convocatoria con un proyecto diferente a los que se presentaron en:<\/li>\n<\/ol>\n\n\n\n<ol class=\"wp-block-list\">\n<li>Cuarta, Quinta y Sexta Jornada de Apropiaci\u00f3n Social del Conocimiento \u201c<strong>INVESTIGACI\u00d3N, INNOVACI\u00d3N Y EXTENSI\u00d3N EN LA UTP<\/strong>\u201d a\u00f1o 2019 al 2021.<\/li>\n\n\n\n<li>Jornadas de Apropiaci\u00f3n Social del Conocimiento realizadas por facultades desde el a\u00f1o 2020 a 2022.<\/li>\n\n\n\n<li>Convocatoria para Fomentar la publicaci\u00f3n de cap\u00edtulos de libro resultado de investigaci\u00f3n a\u00f1o 2019 y al 2022 (Grupos de Investigaci\u00f3n).<\/li>\n\n\n\n<li>Convocatoria para fomentar la publicaci\u00f3n de cap\u00edtulos de libros resultados de investigaci\u00f3n a\u00f1o 2020-2022 catedr\u00e1ticos.<\/li>\n<\/ol>\n\n\n\n<p><span class=\"post-content__span\"> &nbsp; &nbsp; &nbsp; &nbsp; 8. Para la participaci\u00f3n en la convocatoria se deber\u00e1 diligenciar el formulario: <strong><a href=\"https:\/\/forms.gle\/xL2nJR9cBMbDhHSc6\">REGISTRAR FORMULARIO<\/a>&nbsp;<\/strong>&nbsp;y anexar los siguientes documentos:<\/p>\n\n\n\n<p><span class=\"post-content__span\"> 8.1 Carta de intenci\u00f3n <a href=\"https:\/\/media2.utp.edu.co\/archivos\/Anexo%201.%20carta%20de%20intenci%C3%B3n%20convocatoria%202023.docx\"><strong>(Ver anexo 1)<\/strong><\/a> para la participaci\u00f3n en la convocatoria.<\/p>\n\n\n\n<p><span class=\"post-content__span\"> NOTA: La carta de intenci\u00f3n deber\u00e1 radicarse a trav\u00e9s del correo electr\u00f3nico <a href=\"mailto:lazos@utp.edu.co\">lazos@utp.edu.co<\/a> dirigido a la Vicerrector\u00eda de Investigaciones, Innovaci\u00f3n y Extensi\u00f3n, con Asunto: CONVOCATORIA PARA FOMENTAR LA PUBLICACI\u00d3N DE CAP\u00cdTULOS DE LIBRO RESULTADO DE INVESTIGACI\u00d3N A\u00d1O 2023-GRUPOS DE INVESTIGACI\u00d3N.<\/p>\n\n\n\n<p><span class=\"post-content__span\"> 8.2 Formato de Registro de Autores <a href=\"https:\/\/media2.utp.edu.co\/archivos\/Anexo%202.%20Formato%20de%20registro%20de%20datos%20de%20autores-2(12).xlsx\"><strong>(Anexo 2)<\/strong><\/a><\/p>\n\n\n\n<p><span class=\"post-content__span\"> 8.3 Documento digital del cap\u00edtulo de libro a publicar en formato PDF. El documento debe ser in\u00e9dito y cumplir con los requisitos establecidos en el <a href=\"https:\/\/media2.utp.edu.co\/archivos\/Anexo%203%20Formato%20Capitulo.docx\"><strong>anexo 3<\/strong><\/a> y contar con correcci\u00f3n de texto (redacci\u00f3n, ortograf\u00eda y normas) previa por parte del autor y validada en la evaluaci\u00f3n interna realizada por la Facultad.<\/p>\n\n\n\n<p><span class=\"post-content__span\"> 8.4 Aval del Consejo de Facultad y evaluaci\u00f3n interna.<\/p>\n\n\n\n<h3 class=\"wp-block-heading\"><strong>CRITERIOS DE EVALUACI\u00d3N<\/strong><\/h3>\n\n\n\n<p><span class=\"post-content__span\"> <strong>Criterios de Exclusi\u00f3n: <\/strong><\/p>\n\n\n\n<ul class=\"wp-block-list\">\n<li>El Comit\u00e9 Editorial revisar\u00e1 el cumplimiento de requisitos m\u00ednimos y establecer\u00e1 si algunos de los criterios son subsanables.<\/li>\n\n\n\n<li>Se excluir\u00e1n del proceso de la convocatoria los trabajos que no cumplan con el porcentaje definido en el manual de lineamientos y en el reglamento editorial sobre el \u00edndice de coincidencia y similitud. (30%)<\/li>\n\n\n\n<li>Si el proyecto ya se present\u00f3 en algunas de las siguientes jornadas o convocatorias:<\/li>\n<\/ul>\n\n\n\n<ol class=\"wp-block-list\">\n<li>Cuarta, Quinta y Sexta Jornada de Apropiaci\u00f3n Social del Conocimiento \u201c<strong>INVESTIGACI\u00d3N, INNOVACI\u00d3N Y EXTENSI\u00d3N EN LA UTP<\/strong>\u201d a\u00f1o 2019 al 2021.<\/li>\n\n\n\n<li>Jornadas de Apropiaci\u00f3n Social del Conocimiento realizadas por facultades desde el a\u00f1o 2020 a 2022.<\/li>\n\n\n\n<li>Convocatoria para Fomentar la publicaci\u00f3n de cap\u00edtulos de libro resultado de investigaci\u00f3n a\u00f1o 2019 y al 2022 (Grupos de Investigaci\u00f3n).<\/li>\n\n\n\n<li>Convocatoria para fomentar la publicaci\u00f3n de cap\u00edtulos de libros resultados de investigaci\u00f3n a\u00f1o 2020-2022 catedr\u00e1ticos.<\/li>\n<\/ol>\n\n\n\n<p><span class=\"post-content__span\"> <strong>Criterios de evaluaci\u00f3n y Selecci\u00f3n<\/strong><\/p>\n\n\n\n<ul class=\"wp-block-list\">\n<li>Promedio de las evaluaciones externas del cap\u00edtulo del libro.<\/li>\n<\/ul>\n\n\n\n<p><span class=\"post-content__span\"> <strong>Nota 1: <\/strong>La Vicerrector\u00eda de Investigaci\u00f3n, Innovaci\u00f3n y Extensi\u00f3n publicar\u00e1 el banco de elegibles seg\u00fan la revisi\u00f3n realizada. El banco de elegibles tendr\u00e1 vigencia \u00fanicamente de un a\u00f1o, por lo cual, los cap\u00edtulos de libros que no puedan ser publicados durante el 2022 podr\u00e1n participar en futuras convocatorias.<\/p>\n\n\n\n<p><span class=\"post-content__span\"> <strong>Nota 2: <\/strong>La recepci\u00f3n de un trabajo no implica obligatoriedad ni compromiso alguno para la Universidad de publicar.<\/p>\n\n\n\n<h3 class=\"wp-block-heading\"><strong>CRONOGRAMA<\/strong><\/h3>\n\n\n\n<figure class=\"wp-block-table table\"><table><thead><tr><th>ACTIVIDAD<\/th><th>FECHA<\/th><\/tr><\/thead><tbody><tr><td>Aprobaci\u00f3n de criterios de la convocatoria por el Comit\u00e9 Editorial<\/td><td><strong>Febrero 1<\/strong><strong>0 de 2023<\/strong><\/td><\/tr><tr><td>Aprobaci\u00f3n de criterios de la convocatoria por el Consejo Acad\u00e9mico<\/td><td><strong>Febrero 15 de 2023<\/strong><\/td><\/tr><tr><td>Apertura de la Convocatoria<\/td><td><strong>Febrero 21 de 202<\/strong><strong>3<\/strong><\/td><\/tr><tr><td>\n<p><span class=\"post-content__span\"> Fecha m\u00e1xima de solicitud de aval del Consejo de Facultad y evaluaci\u00f3n interna.<\/p>\n<p><span class=\"post-content__span\"> <strong>NOTA: Esta actividad estar\u00e1 liderada por las facultades y podr\u00e1n definir calendarios internos para su cumplimiento.<\/strong><\/p>\n<\/td><td><strong>Abril 11 de 2023<\/strong><\/td><\/tr><tr><td>\n<p><span class=\"post-content__span\"> Cierre de la Convocatoria:<\/p>\n<ol>\n<li>Fecha m\u00e1xima para la radicaci\u00f3n de la carta de presentaci\u00f3n a trav\u00e9s de&nbsp;<a href=\"mailto:lazos@utp.edu.co\">lazos@utp.edu.co<\/a>&nbsp;hasta las 6 p.m.<\/li>\n<li>Fecha m\u00e1xima de registro de propuestas en el formulario del google (con el aval del Consejo de Facultad y la evaluaci\u00f3n interna) hasta las 11:59 p.m.<\/li>\n<\/ol>\n<\/td><td><strong>Mayo 2<\/strong><strong>6 de 2023<\/strong><\/td><\/tr><tr><td>Revisi\u00f3n de cumplimiento de requisitos m\u00ednimos por parte del Comit\u00e9 Editorial.<\/td><td><strong>Junio&nbsp;<\/strong><strong>9 de 2023<\/strong><\/td><\/tr><tr><td>Publicaci\u00f3n de resultados de los trabajos que cumplieron con los requisitos m\u00ednimos.<\/td><td><strong>Junio 1<\/strong><strong>4 de 2023<\/strong><\/td><\/tr><tr><td>Consultas y aclaraci\u00f3n de inquietudes sobre resultados publicados de los trabajos que cumplieron con los requisitos m\u00ednimos \u2013 enviar solicitud&nbsp;&nbsp; al correo electr\u00f3nico (procesoeditorial@utp.edu.co)<\/td><td><strong>Junio 1<\/strong><strong>5 y 16 de 2023<\/strong><\/td><\/tr><tr><td>Evaluaci\u00f3n de las propuestas por pares externos<\/td><td><strong>Junio 15 a Julio 2<\/strong><strong>8 de 2023<\/strong><\/td><\/tr><tr><td>Revisi\u00f3n de resultados de las evaluaciones externas por Comit\u00e9 Editorial.<\/td><td><strong>Agosto&nbsp;<\/strong><strong>9 de 2023<\/strong><\/td><\/tr><tr><td>Publicaci\u00f3n de resultados finales<\/td><td><strong>Agosto 1<\/strong><strong>5 de 2023<\/strong><\/td><\/tr><\/tbody><\/table><\/figure>\n\n\n\n<p><span class=\"post-content__span\"> <strong>NOTA:<\/strong> El Consejo Acad\u00e9mico de la Universidad Tecnol\u00f3gica de Pereira autoriza a la Vicerrector\u00eda de Investigaciones, Innovaci\u00f3n y Extensi\u00f3n, previa recomendaci\u00f3n del Comit\u00e9 Editorial, para modificar el cronograma de la presente convocatoria cuando las circunstancias lo requieran, modificaci\u00f3n que ser\u00e1 publicada a trav\u00e9s de adendas a la presente convocatoria.<\/p>\n\n\n\n<h3 class=\"wp-block-heading\"><strong>ANEXOS<\/strong><\/h3>\n\n\n\n<p><span class=\"post-content__span\"> <a href=\"https:\/\/media2.utp.edu.co\/archivos\/CONVOCATORIA%20CAPITULOS%20LIBRO%20RESULTADO%20DE%20INVESTIGACION%202023%20(1).docx\"><strong>T\u00c9RMINOS DE REFERENCIA: [VER]<\/strong><\/a><\/p>\n\n\n\n<p><span class=\"post-content__span\"> <a href=\"https:\/\/media2.utp.edu.co\/archivos\/Anexo%201.%20carta%20de%20intenci%C3%B3n%20convocatoria%202023.docx\">Anexo 1. Carta de intenci\u00f3n<\/a><\/p>\n\n\n\n<p><span class=\"post-content__span\"> <a href=\"https:\/\/media2.utp.edu.co\/archivos\/Anexo%202.%20Formato%20de%20registro%20de%20datos%20de%20autores-2(12).xlsx\">Anexo 2. Formato de registro de datos de autores<\/a><\/p>\n\n\n\n<p><span class=\"post-content__span\"> <a href=\"https:\/\/media2.utp.edu.co\/archivos\/Anexo%203%20Formato%20Capitulo(1).docx\">Anexo 3. Formato de cap\u00edtulo<\/a><\/p>\n\n\n\n<h3 class=\"wp-block-heading\"><span><strong>INFORMACI\u00d3N<\/strong><\/span><\/h3>\n\n\n\n<p><span class=\"post-content__span\"> Vicerrector\u00eda de Investigaciones, Innovaci\u00f3n y Extensi\u00f3n.<\/p>\n\n\n\n<p><span class=\"post-content__span\"> <strong>Contacto:&nbsp;<\/strong>Luis Miguel Vargas Valencia<\/p>\n\n\n\n<p><span class=\"post-content__span\"> <strong>Email:&nbsp;<\/strong><a href=\"http:\/\/procesoeditorial@utp.edu.co\/\">procesoeditorial@utp.edu.co<\/a><\/p>\n\n\n\n<p><span class=\"post-content__span\"> <strong>Extensi\u00f3n:&nbsp;<\/strong>7381<\/p>\n","protected":false},"excerpt":{"rendered":"<p>PUBLICACI\u00d3N \u200b[Ver]&nbsp;PROPUESTAS QUE CUMPLIERON CON LOS REQUISITOS M\u00cdNIMOS&nbsp; \u200b\u200b\u200b\u200b\u200b\u200b\u200b\u200bFecha de Publicaci\u00f3n:&nbsp;14&nbsp;de junio de 2023 ACUERDO CONSEJO ACAD\u00c9MICO No. 10 POR MEDIO DEL CUAL SE APRUEBA LA&nbsp;CONVOCATORIA INTERNA PARA FOMENTAR LA [&#8230;]<\/p>\n","protected":false},"author":0,"featured_media":0,"comment_status":"closed","ping_status":"closed","sticky":false,"template":"","format":"standard","meta":{"footnotes":""},"categories":[7],"tags":[],"class_list":["post-5501","post","type-post","status-publish","format-standard","hentry","category-convocatorias"],"_links":{"self":[{"href":"https:\/\/vicerrectorias.utp.edu.co\/viie\/wp-json\/wp\/v2\/posts\/5501","targetHints":{"allow":["GET"]}}],"collection":[{"href":"https:\/\/vicerrectorias.utp.edu.co\/viie\/wp-json\/wp\/v2\/posts"}],"about":[{"href":"https:\/\/vicerrectorias.utp.edu.co\/viie\/wp-json\/wp\/v2\/types\/post"}],"replies":[{"embeddable":true,"href":"https:\/\/vicerrectorias.utp.edu.co\/viie\/wp-json\/wp\/v2\/comments?post=5501"}],"version-history":[{"count":3,"href":"https:\/\/vicerrectorias.utp.edu.co\/viie\/wp-json\/wp\/v2\/posts\/5501\/revisions"}],"predecessor-version":[{"id":11817,"href":"https:\/\/vicerrectorias.utp.edu.co\/viie\/wp-json\/wp\/v2\/posts\/5501\/revisions\/11817"}],"wp:attachment":[{"href":"https:\/\/vicerrectorias.utp.edu.co\/viie\/wp-json\/wp\/v2\/media?parent=5501"}],"wp:term":[{"taxonomy":"category","embeddable":true,"href":"https:\/\/vicerrectorias.utp.edu.co\/viie\/wp-json\/wp\/v2\/categories?post=5501"},{"taxonomy":"post_tag","embeddable":true,"href":"https:\/\/vicerrectorias.utp.edu.co\/viie\/wp-json\/wp\/v2\/tags?post=5501"}],"curies":[{"name":"wp","href":"https:\/\/api.w.org\/{rel}","templated":true}]}}