{"id":5491,"date":"2023-06-14T09:47:13","date_gmt":"2023-12-01T14:53:00","guid":{"rendered":""},"modified":"2024-02-08T20:42:40","modified_gmt":"2024-02-08T19:42:40","slug":"convocatoria-para-fomentar-la-publicacion-de-capitulos-de-libro-resultado-de-investigacion-ano-2023-catedraticos","status":"publish","type":"post","link":"https:\/\/vicerrectorias.utp.edu.co\/viie\/convocatoria-para-fomentar-la-publicacion-de-capitulos-de-libro-resultado-de-investigacion-ano-2023-catedraticos\/","title":{"rendered":"CONVOCATORIA PARA FOMENTAR LA PUBLICACI\u00d3N DE CAP\u00cdTULOS DE LIBRO RESULTADO DE INVESTIGACI\u00d3N A\u00d1O 2023 \u201cCATEDR\u00c1TICOS\u201d"},"content":{"rendered":"<div class=\"wp-block-image\">\n<figure class=\"aligncenter size-large is-resized\"><img loading=\"lazy\" decoding=\"async\" src=\"https:\/\/media2.utp.edu.co\/imagenes\/acuerdo%2009.jpeg\" alt=\"\" style=\"width:400px;height:400px\" width=\"400\" height=\"400\"\/><\/figure>\n<\/div>\n\n\n<h3 class=\"wp-block-heading\"><strong>RESULTADOS<\/strong><\/h3>\n\n\n\n<p><span class=\"post-content__span\"> <a href=\"https:\/\/vicerrectorias.utp.edu.co\/investigaciones\/wp-content\/uploads\/sites\/3\/CONVOCATORIA%20cap%C3%ADtulos%20de%20libro%20resultados%20de%20proyectos%20de%20investigaci%C3%B3n%20catedraticos.%20Resultados%20evaluaciones%20externas%202023.pdf\"><strong>[Ver]&nbsp;TRABAJOS QUE SER\u00c1N PUBLICADOS POR LA EDITORIAL<\/strong><\/a><\/p>\n\n\n\n<p><span class=\"post-content__span\"> <strong>\u200b\u200b\u200b\u200b\u200b\u200b\u200b\u200bFecha de Publicaci\u00f3n:<\/strong>&nbsp;15&nbsp;de agosto&nbsp;del 2023<\/p>\n\n\n\n<h3 class=\"wp-block-heading\"><strong>PUBLICACI\u00d3N<\/strong><\/h3>\n\n\n\n<p><span class=\"post-content__span\"> <a href=\"https:\/\/media2.utp.edu.co\/archivos\/CONVOCATORIA%20cap%C3%ADtulos%20de%20libro%20resultados%20de%20proyectos%20de%20investigaci%C3%B3n%20catedraticos%20requisitos%20minimos%202023.pdf\"><strong>\u200b[Ver]&nbsp;PROPUESTAS QUE CUMPLIERON CON LOS REQUISITOS M\u00cdNIMOS&nbsp;<\/strong><\/a><\/p>\n\n\n\n<p><span class=\"post-content__span\"> <strong>\u200b\u200b\u200b\u200b\u200b\u200b\u200b\u200bFecha de Publicaci\u00f3n:<\/strong>&nbsp;14&nbsp;de junio de 2023<\/p>\n\n\n\n<h3 class=\"wp-block-heading\"><strong>&nbsp;ACUERDO CONSEJO ACAD\u00c9MICO No. 09<\/strong><\/h3>\n\n\n\n<p><span class=\"post-content__span\"> <a href=\"https:\/\/media2.utp.edu.co\/archivos\/Acuerdo%20No.%2009%20CA%202023.pdf\">POR MEDIO DEL CUAL SE APRUEBA LA CONVOCATORIA PARA FOMENTAR LA PUBLICACI\u00d3N DE CAP\u00cdTULOS DE LIBRO RESULTADO DE INVESTIGACI\u00d3N A\u00d1O 2023 \u201cCATEDR\u00c1TICOS\u201d<\/a><\/p>\n\n\n\n<h3 class=\"wp-block-heading\"><strong>&nbsp;ACUERDO CONSEJO ACAD\u00c9MICO No. 12<\/strong><\/h3>\n\n\n\n<p><span class=\"post-content__span\"> <span><a href=\"https:\/\/media2.utp.edu.co\/archivos\/Acuerdo%20No.%2012%20Corrige%20error%20de%20digitacion.pdf\">POR MEDIO DEL CUAL SE CORRIGE UN ERROR DE DIGITACI\u00d3N CONTENIDO EN LOS ACUERDOS DEL CONSEJO ACAD\u00c9MICO 07, 08, 09, 10 Y 11 DEL 15 DE FEBRERO DE 2023.&nbsp;<\/a><\/span><\/p>\n\n\n\n<p><span class=\"post-content__span\"> La Vicerrector\u00eda de Investigaciones, Innovaci\u00f3n y Extensi\u00f3n de la Universidad Tecnol\u00f3gica de Pereira invita a participar en la presente convocatoria para la publicaci\u00f3n de cap\u00edtulos de libro resultados de proyectos de investigaci\u00f3n.<\/p>\n\n\n\n<h3 class=\"wp-block-heading\"><strong>OBJETIVO<\/strong><\/h3>\n\n\n\n<p><span class=\"post-content__span\"> Fomentar la producci\u00f3n intelectual de los grupos de investigaci\u00f3n de la Universidad Tecnol\u00f3gica de Pereira, a trav\u00e9s de la publicaci\u00f3n de trabajos resultado de proyectos de investigaci\u00f3n concluidos.<\/p>\n\n\n\n<h3 class=\"wp-block-heading\"><strong>DIRIGIDO A<\/strong><\/h3>\n\n\n\n<p><span class=\"post-content__span\"> Docentes Catedr\u00e1ticos pertenecientes a Grupos de Investigaci\u00f3n inscritos en la Vicerrector\u00eda de Investigaciones, Innovaci\u00f3n y Extensi\u00f3n de la Universidad Tecnol\u00f3gica de Pereira.<\/p>\n\n\n\n<h3 class=\"wp-block-heading\"><strong>REQUISITOS M\u00cdNIMOS PARA PARTICIPAR<\/strong><\/h3>\n\n\n\n<p><span class=\"post-content__span\"> 1. Podr\u00e1n participar los docentes catedr\u00e1ticos pertenecientes a grupos de Investigaci\u00f3n inscritos en la Vicerrector\u00eda de Investigaciones, Innovaci\u00f3n y Extensi\u00f3n de la Universidad Tecnol\u00f3gica de Pereira.<\/p>\n\n\n\n<p><span class=\"post-content__span\"> 2. El cap\u00edtulo podr\u00e1 ser presentado por m\u00e1ximo dos autores, uno de ellos docente catedr\u00e1tico y el otro autor puede tener vinculaci\u00f3n con la Universidad Tecnol\u00f3gica de Pereira o ser externo.<\/p>\n\n\n\n<p><span class=\"post-content__span\"> 3. Los autores deber\u00e1n estar registrados en el Google Scholar, Researchgate y en ORCID.<\/p>\n\n\n\n<p><span class=\"post-content__span\"> 4. Se publicar\u00e1n los cap\u00edtulos de libros resultados de proyectos concluidos, teniendo en cuenta los siguientes casos:<\/p>\n\n\n\n<p><span class=\"post-content__span\"> a. Tesis producto de la formaci\u00f3n acad\u00e9mica del investigador (docente catedr\u00e1tico), en pregrado, maestr\u00eda o doctorado.<\/p>\n\n\n\n<p><span class=\"post-content__span\"> <strong>Nota: En este caso es necesario una certificaci\u00f3n del programa acad\u00e9mico donde se realiz\u00f3 la tesis para <\/strong><strong>validar que es resultado de un proyecto de investigaci\u00f3n.<\/strong><\/p>\n\n\n\n<p><span class=\"post-content__span\"> b.<strong>&nbsp;<\/strong>Proyectos concluidos entre los a\u00f1os 2018 y 2022, inscritos en la Vicerrector\u00eda de Investigaciones, Innovaci\u00f3n y Extensi\u00f3n donde el autor est\u00e9 vinculado.<\/p>\n\n\n\n<p><span class=\"post-content__span\"> <strong>Nota: En <\/strong><strong>el caso en que un autor no sea el investigador principal del proyecto, es necesario anexar la autorizaci\u00f3n por parte del docente que cumpla con ese rol.<\/strong><\/p>\n\n\n\n<p><span class=\"post-content__span\"> 5. El autor que se postule a la presente convocatoria deber\u00e1 encontrarse a Paz y Salvo en la Vicerrector\u00eda de Investigaciones, Innovaci\u00f3n y Extensi\u00f3n por todo concepto a la fecha de cierre de la convocatoria. (Informes Proyectos de Extensi\u00f3n, Informes Proyectos de Investigaci\u00f3n y Registros de Productos, Actualizaci\u00f3n del Grupo de Investigaci\u00f3n y Semilleros adscritos y cumplimiento en los programas de formaci\u00f3n).<\/p>\n\n\n\n<p><span class=\"post-content__span\"> 6. El autor podr\u00e1 participar en la convocatoria con un proyecto diferente a los que se presentaron en:<\/p>\n\n\n\n<ol class=\"wp-block-list\">\n<li>Cuarta, Quinta y Sexta Jornada de Apropiaci\u00f3n Social del Conocimiento \u201c<strong>INVESTIGACI\u00d3N, INNOVACI\u00d3N Y EXTENSI\u00d3N EN LA UTP<\/strong>\u201d&nbsp;a\u00f1os 2019 al 2021.<\/li>\n\n\n\n<li>Jornadas de Apropiaci\u00f3n Social del Conocimiento realizadas por facultades desde el a\u00f1o 2020 a 2022.<\/li>\n\n\n\n<li>Convocatoria para Fomentar la publicaci\u00f3n de cap\u00edtulos de libro resultado de investigaci\u00f3n a\u00f1o 2019 a 2022 (Grupos de Investigaci\u00f3n).<\/li>\n\n\n\n<li>Convocatoria para fomentar la publicaci\u00f3n de cap\u00edtulos de libros resultados de investigaci\u00f3n a\u00f1o 2020 a 2022 catedr\u00e1ticos.<\/li>\n<\/ol>\n\n\n\n<p><span class=\"post-content__span\"> 7. Para la participaci\u00f3n en esta convocatoria se deber\u00e1 diligenciar el formulario:&nbsp;<strong><a href=\"https:\/\/forms.gle\/rx7xB8sAxMtH4bKdA\">REGISTRAR FORMULARIO<\/a><\/strong>&nbsp;y anexar los siguientes documentos:<\/p>\n\n\n\n<p><span class=\"post-content__span\"> 7.1 Carta de intenci\u00f3n <a href=\"https:\/\/media2.utp.edu.co\/archivos\/Anexo%201.%20carta%20de%20intencion%20convocatoria%202023%20Catedraticos.docx\"><strong>(Ver anexo 1)<\/strong><\/a> para la participaci\u00f3n en la convocatoria.<\/p>\n\n\n\n<p><span class=\"post-content__span\"> NOTA: La carta de intenci\u00f3n deber\u00e1 radicarse a trav\u00e9s del correo electr\u00f3nico <a href=\"mailto:lazos@utp.edu.co\">lazos@utp.edu.co<\/a> &nbsp;dirigido a la Vicerrector\u00eda de Investigaciones, Innovaci\u00f3n y Extensi\u00f3n con Asunto: CONVOCATORIA PARA FOMENTAR LA PUBLICACI\u00d3N DE CAP\u00cdTULOS DE LIBRO RESULTADO DE INVESTIGACI\u00d3N A\u00d1O 2023 &#8211; CATEDR\u00c1TICOS.<\/p>\n\n\n\n<p><span class=\"post-content__span\"> 7.2 Documento digital del cap\u00edtulo de libro a publicar en formato PDF. El documento debe ser in\u00e9dito y cumplir con los requisitos establecidos en el <a href=\"https:\/\/media2.utp.edu.co\/archivos\/Anexo%202%20Formato%20Capitulo%20de%20libro%20Catedraticos(2).docx\"><strong>anexo 2<\/strong><\/a> y contar con correcci\u00f3n de texto (redacci\u00f3n, ortograf\u00eda y normas) previa por parte del autor y validada en la evaluaci\u00f3n interna realizada por la facultad.<\/p>\n\n\n\n<p><span class=\"post-content__span\"> 7.3 Certificaci\u00f3n del programa acad\u00e9mico donde se realiz\u00f3 la tesis. (si es el caso).<\/p>\n\n\n\n<p><span class=\"post-content__span\"> 7.4&nbsp;Autorizaci\u00f3n para el uso del proyecto firmada por el director del grupo de investigaci\u00f3n y el investigador principal. (si es el caso).<\/p>\n\n\n\n<p><span class=\"post-content__span\"> 7.5 Formato de registro de autores <a href=\"https:\/\/media2.utp.edu.co\/archivos\/Anexo%203.%20Formato%20de%20registro%20de%20datos%20de%20autores-2.xlsx\"><strong>(Anexo 3)<\/strong><\/a>.<\/p>\n\n\n\n<p><span class=\"post-content__span\"> 7.6&nbsp;Aval del consejo de facultad y evaluaci\u00f3n interna.<\/p>\n\n\n\n<h3 class=\"wp-block-heading\"><strong>CRITERIOS DE EVALUACI\u00d3N<\/strong><\/h3>\n\n\n\n<p><span class=\"post-content__span\"> <strong>Criterios de Exclusi\u00f3n:<\/strong><\/p>\n\n\n\n<ul class=\"wp-block-list\">\n<li>El Comit\u00e9 Editorial revisar\u00e1 el cumplimiento de requisitos m\u00ednimos y establecer\u00e1 si algunos de los criterios son subsanables.<\/li>\n\n\n\n<li>Se excluir\u00e1n del proceso de la convocatoria los trabajos que no cumplan con el porcentaje definido en el manual de lineamientos y en el reglamento editorial sobre el \u00edndice de coincidencia y similitud. (30%)<\/li>\n\n\n\n<li>Si el proyecto ya se present\u00f3 en algunas de las siguientes jornadas o convocatorias:<\/li>\n<\/ul>\n\n\n\n<ol class=\"wp-block-list\">\n<li>Cuarta, Quinta y Sexta Jornada de Apropiaci\u00f3n Social del Conocimiento \u201cINVESTIGACI\u00d3N, INNOVACI\u00d3N Y EXTENSI\u00d3N EN LA UTP\u201d a\u00f1os 2019 al 2021<\/li>\n\n\n\n<li>Jornadas de Apropiaci\u00f3n Social del Conocimiento realizadas por facultades en los a\u00f1os 2020 a 2022.<\/li>\n\n\n\n<li>Convocatoria para Fomentar la publicaci\u00f3n de cap\u00edtulos de libro resultado de investigaci\u00f3n a\u00f1os 2019 a 2022(Grupos de Investigaci\u00f3n).<\/li>\n\n\n\n<li>Convocatoria para fomentar la publicaci\u00f3n de cap\u00edtulos de libros resultados de investigaci\u00f3n a\u00f1o 2020-2022 catedr\u00e1ticos.<\/li>\n<\/ol>\n\n\n\n<p><span class=\"post-content__span\"> <strong>Criterios de evaluaci\u00f3n y Selecci\u00f3n<\/strong><\/p>\n\n\n\n<ul class=\"wp-block-list\">\n<li>Promedio de las evaluaciones externas del cap\u00edtulo del libro.<\/li>\n<\/ul>\n\n\n\n<p><span class=\"post-content__span\"> <strong>Nota 1: <\/strong>La Vicerrector\u00eda de Investigaci\u00f3n, Innovaci\u00f3n y Extensi\u00f3n publicar\u00e1 el listado de elegibles seg\u00fan la revisi\u00f3n realizada, el cual tendr\u00e1 una vigencia de un a\u00f1o, por lo cual, los cap\u00edtulos de libros que no puedan ser publicados durante el 2023 podr\u00e1n participar en futuras convocatorias.<\/p>\n\n\n\n<p><span class=\"post-content__span\"> <strong>Nota 2: <\/strong>La recepci\u00f3n de un trabajo no implica obligatoriedad ni compromiso alguno para la Universidad de publicar.<\/p>\n\n\n\n<h3 class=\"wp-block-heading\"><strong>CRONOGRAMA<\/strong><\/h3>\n\n\n\n<figure class=\"wp-block-table table\"><table><thead><tr><th>ACTIVIDAD<\/th><th>FECHA<\/th><\/tr><\/thead><tbody><tr><td>Aprobaci\u00f3n de criterios de la convocatoria por el Comit\u00e9 Editorial<\/td><td><strong>Febrero 1<\/strong><strong>0 de 2023<\/strong><\/td><\/tr><tr><td>Aprobaci\u00f3n de criterios de la convocatoria por el Consejo Acad\u00e9mico<\/td><td><strong>Febrero 15 de 2023<\/strong><\/td><\/tr><tr><td>Apertura de la Convocatoria<\/td><td><strong>Febrero 21 de 202<\/strong><strong>3<\/strong><\/td><\/tr><tr><td>\n<p><span class=\"post-content__span\"> Fecha m\u00e1xima de solicitud de aval del Consejo de Facultad y evaluaci\u00f3n interna.<\/p>\n<p><span class=\"post-content__span\"> <strong>NOTA: Esta actividad estar\u00e1 liderada por las facultades y podr\u00e1n definir calendarios internos para su cumplimiento.<\/strong><\/p>\n<\/td><td><strong>Abril 11 de 2023<\/strong><\/td><\/tr><tr><td>\n<p><span class=\"post-content__span\"> Cierre de la Convocatoria:<\/p>\n<ol>\n<li>Fecha m\u00e1xima para la radicaci\u00f3n de la carta de presentaci\u00f3n a trav\u00e9s de&nbsp;<a href=\"mailto:lazos@utp.edu.co\">lazos@utp.edu.co<\/a>&nbsp;hasta las 6 p.m.<\/li>\n<li>Fecha m\u00e1xima de registro de propuestas en el formulario del google (con el aval del Consejo de Facultad y la evaluaci\u00f3n interna) hasta las 11:59 p.m.<\/li>\n<\/ol>\n<\/td><td><strong>Mayo 2<\/strong><strong>6 de 2023<\/strong><\/td><\/tr><tr><td>Revisi\u00f3n de cumplimiento de requisitos m\u00ednimos por parte del Comit\u00e9 Editorial.<\/td><td><strong>Junio&nbsp;<\/strong><strong>9 de 2023<\/strong><\/td><\/tr><tr><td>Publicaci\u00f3n de resultados de los trabajos que cumplieron con los requisitos m\u00ednimos<\/td><td><strong>Junio 1<\/strong><strong>4 de 2023<\/strong><\/td><\/tr><tr><td>Consultas y aclaraci\u00f3n de inquietudes sobre resultados publicados de los trabajos que cumplieron con los requisitos m\u00ednimos \u2013 enviar solicitud&nbsp;&nbsp; al correo electr\u00f3nico (procesoeditorial@utp.edu.co)<\/td><td><strong>Junio 1<\/strong><strong>5 y 16 de 2023<\/strong><\/td><\/tr><tr><td>Evaluaci\u00f3n de las propuestas por pares externos<\/td><td><strong>Junio 15 a Julio 2<\/strong><strong>8 de 2023<\/strong><\/td><\/tr><tr><td>Revisi\u00f3n de resultados de las evaluaciones externas por Comit\u00e9 Editorial.<\/td><td><strong>Agosto&nbsp;<\/strong><strong>9 de 2023<\/strong><\/td><\/tr><tr><td>Publicaci\u00f3n de resultados finales<\/td><td><strong>Agosto 1<\/strong><strong>5 de 2023<\/strong><\/td><\/tr><\/tbody><\/table><\/figure>\n\n\n\n<p><span class=\"post-content__span\"> <strong>NOTA: <\/strong>El Consejo Acad\u00e9mico de la Universidad Tecnol\u00f3gica de Pereira autoriza a la Vicerrector\u00eda de Investigaciones, Innovaci\u00f3n y Extensi\u00f3n, previa recomendaci\u00f3n del Comit\u00e9 Editorial, para modificar el cronograma de la presente convocatoria cuando las circunstancias lo requieran, modificaci\u00f3n que ser\u00e1 publicada a trav\u00e9s de adendas a la presente convocatoria.<\/p>\n\n\n\n<h3 class=\"wp-block-heading\"><strong>ANEXOS<\/strong><\/h3>\n\n\n\n<p><span class=\"post-content__span\"> <a href=\"https:\/\/media2.utp.edu.co\/archivos\/CONVOCATORIA%20CATEDRATICOS%20CAP%20LIBRO%20RESULTADO%20DE%20INVES.%202023.docx\"><strong>T\u00c9RMINOS DE REFERENCIA: [VER]<\/strong><\/a><\/p>\n\n\n\n<p><span class=\"post-content__span\"> <a href=\"https:\/\/media2.utp.edu.co\/archivos\/Anexo%201.%20carta%20de%20intencion%20convocatoria%202023%20Catedraticos.docx\">Anexo 1. Carta de intenci\u00f3n<\/a><\/p>\n\n\n\n<p><span class=\"post-content__span\"> <a href=\"https:\/\/media2.utp.edu.co\/archivos\/Anexo%202%20Formato%20Capitulo%20de%20libro%20Catedraticos(2)(1).docx\">Anexo 2. Formato de cap\u00edtulo<\/a>.<\/p>\n\n\n\n<p><span class=\"post-content__span\"> <a href=\"https:\/\/media2.utp.edu.co\/archivos\/Anexo%203.%20Formato%20de%20registro%20de%20datos%20de%20autores-2.xlsx\">Anexo 3: Formato de registro de autores<\/a><\/p>\n\n\n\n<h3 class=\"wp-block-heading\"><span><strong>INFORMACI\u00d3N<\/strong><\/span><\/h3>\n\n\n\n<p><span class=\"post-content__span\"> Vicerrector\u00eda de Investigaciones, Innovaci\u00f3n y Extensi\u00f3n.<\/p>\n\n\n\n<p><span class=\"post-content__span\"> <strong>Contacto:&nbsp;<\/strong>Luis Miguel Vargas Valencia<\/p>\n\n\n\n<p><span class=\"post-content__span\"> <strong>Email:&nbsp;<\/strong><a href=\"http:\/\/procesoeditorial@utp.edu.co\/\">procesoeditorial@utp.edu.co<\/a><\/p>\n\n\n\n<p><span class=\"post-content__span\"> <strong>Extensi\u00f3n:&nbsp;<\/strong>7381<\/p>\n","protected":false},"excerpt":{"rendered":"<p>RESULTADOS [Ver]&nbsp;TRABAJOS QUE SER\u00c1N PUBLICADOS POR LA EDITORIAL \u200b\u200b\u200b\u200b\u200b\u200b\u200b\u200bFecha de Publicaci\u00f3n:&nbsp;15&nbsp;de agosto&nbsp;del 2023 PUBLICACI\u00d3N \u200b[Ver]&nbsp;PROPUESTAS QUE CUMPLIERON CON LOS REQUISITOS M\u00cdNIMOS&nbsp; \u200b\u200b\u200b\u200b\u200b\u200b\u200b\u200bFecha de Publicaci\u00f3n:&nbsp;14&nbsp;de junio de 2023 &nbsp;ACUERDO CONSEJO ACAD\u00c9MICO [&#8230;]<\/p>\n","protected":false},"author":0,"featured_media":0,"comment_status":"closed","ping_status":"closed","sticky":false,"template":"","format":"standard","meta":{"footnotes":""},"categories":[7],"tags":[],"class_list":["post-5491","post","type-post","status-publish","format-standard","hentry","category-convocatorias"],"_links":{"self":[{"href":"https:\/\/vicerrectorias.utp.edu.co\/viie\/wp-json\/wp\/v2\/posts\/5491","targetHints":{"allow":["GET"]}}],"collection":[{"href":"https:\/\/vicerrectorias.utp.edu.co\/viie\/wp-json\/wp\/v2\/posts"}],"about":[{"href":"https:\/\/vicerrectorias.utp.edu.co\/viie\/wp-json\/wp\/v2\/types\/post"}],"replies":[{"embeddable":true,"href":"https:\/\/vicerrectorias.utp.edu.co\/viie\/wp-json\/wp\/v2\/comments?post=5491"}],"version-history":[{"count":4,"href":"https:\/\/vicerrectorias.utp.edu.co\/viie\/wp-json\/wp\/v2\/posts\/5491\/revisions"}],"predecessor-version":[{"id":11816,"href":"https:\/\/vicerrectorias.utp.edu.co\/viie\/wp-json\/wp\/v2\/posts\/5491\/revisions\/11816"}],"wp:attachment":[{"href":"https:\/\/vicerrectorias.utp.edu.co\/viie\/wp-json\/wp\/v2\/media?parent=5491"}],"wp:term":[{"taxonomy":"category","embeddable":true,"href":"https:\/\/vicerrectorias.utp.edu.co\/viie\/wp-json\/wp\/v2\/categories?post=5491"},{"taxonomy":"post_tag","embeddable":true,"href":"https:\/\/vicerrectorias.utp.edu.co\/viie\/wp-json\/wp\/v2\/tags?post=5491"}],"curies":[{"name":"wp","href":"https:\/\/api.w.org\/{rel}","templated":true}]}}