{"id":5481,"date":"2023-06-14T09:35:56","date_gmt":"2023-06-14T07:35:56","guid":{"rendered":""},"modified":"2024-02-08T20:45:34","modified_gmt":"2024-02-08T19:45:34","slug":"convocatoria-interna-para-fomentar-la-publicacion-de-libros-de-ensayo-obra-literaria-libro-de-artista-cronica-reportaje-ano-2023","status":"publish","type":"post","link":"https:\/\/vicerrectorias.utp.edu.co\/viie\/convocatoria-interna-para-fomentar-la-publicacion-de-libros-de-ensayo-obra-literaria-libro-de-artista-cronica-reportaje-ano-2023\/","title":{"rendered":"CONVOCATORIA INTERNA PARA FOMENTAR LA PUBLICACI\u00d3N DE LIBROS DE ENSAYO &#8211; OBRA LITERARIA &#8211; LIBRO DE ARTISTA \u2013 CR\u00d3NICA &#8211; REPORTAJE A\u00d1O 2023"},"content":{"rendered":"<div class=\"wp-block-image\">\n<figure class=\"aligncenter is-resized\"><img loading=\"lazy\" decoding=\"async\" src=\"https:\/\/media2.utp.edu.co\/imagenes\/acuerdo%2008.jpeg\" alt=\"\" style=\"width:800px;height:800px\" width=\"800\" height=\"800\"\/><\/figure>\n<\/div>\n\n\n<h3 class=\"wp-block-heading\"><strong>RESULTADOS<\/strong><\/h3>\n\n\n\n<p><span class=\"post-content__span\"> <a href=\"https:\/\/vicerrectorias.utp.edu.co\/viie\/wp-content\/uploads\/sites\/3\/CONVOCATORIA%20Ensayos%20-obra%20literaria.%20Resultados%20evaluaciones%20externas%202023.pdf\"><strong>[Ver]&nbsp;TRABAJOS QUE SER\u00c1N PUBLICADOS POR LA EDITORIAL<\/strong><\/a><\/p>\n\n\n\n<p><span class=\"post-content__span\"> <strong>\u200b\u200b\u200b\u200b\u200b\u200b\u200b\u200bFecha de Publicaci\u00f3n:<\/strong>&nbsp;15&nbsp;de agosto&nbsp;del 2023<\/p>\n\n\n\n<h3 class=\"wp-block-heading\"><strong>PUBLICACI\u00d3N<\/strong><\/h3>\n\n\n\n<p><span class=\"post-content__span\"> <a href=\"https:\/\/media2.utp.edu.co\/archivos\/CONVOCATORIA%20Ensayos%20-obra%20literaria%20requisitos%20minimos%202023.pdf\"><strong>\u200b[Ver]&nbsp;PROPUESTAS QUE CUMPLIERON CON LOS REQUISITOS M\u00cdNIMOS&nbsp;<\/strong><\/a><\/p>\n\n\n\n<p><span class=\"post-content__span\"> <strong>\u200b\u200b\u200b\u200b\u200b\u200b\u200b\u200bFecha de Publicaci\u00f3n:<\/strong>&nbsp;14&nbsp;de junio de 2023<\/p>\n\n\n\n<h3 class=\"wp-block-heading\"><strong>&nbsp;ACUERDO CONSEJO ACAD\u00c9MICO No. 08<\/strong><\/h3>\n\n\n\n<p><span class=\"post-content__span\"> <a href=\"https:\/\/media2.utp.edu.co\/archivos\/Acuerdo%20No.%2008%20CA%202023.pdf\">POR MEDIO DEL CUAL SE APRUEBA LA CONVOCATORIA INTERNA PARA FOMENTAR&nbsp;LA PUBLICACI\u00d3N DE LIBROS DE ENSAYO \u2013 OBRA LITERARIA \u2013 LIBRO DE ARTISTA \u2013&nbsp;CRONICA &#8211; REPORTAJE A\u00d1O 2023<\/a><\/p>\n\n\n\n<h3 class=\"wp-block-heading\"><strong>&nbsp;ACUERDO CONSEJO ACAD\u00c9MICO No. 12<\/strong><\/h3>\n\n\n\n<p><span class=\"post-content__span\"> <span><a href=\"https:\/\/media2.utp.edu.co\/archivos\/Acuerdo%20No.%2012%20Corrige%20error%20de%20digitacion.pdf\">POR MEDIO DEL CUAL SE CORRIGE UN ERROR DE DIGITACI\u00d3N CONTENIDO EN LOS ACUERDOS DEL CONSEJO ACAD\u00c9MICO 07, 08, 09, 10 Y 11 DEL 15 DE FEBRERO DE 2023.&nbsp;<\/a><\/span><\/p>\n\n\n\n<p><span class=\"post-content__span\"> La Vicerrector\u00eda de Investigaciones, Innovaci\u00f3n y Extensi\u00f3n de la Universidad Tecnol\u00f3gica de Pereira invitan a los docentes a participar en la presente convocatoria cumpliendo los siguientes t\u00e9rminos:<\/p>\n\n\n\n<h3 class=\"wp-block-heading\"><strong>OBJETIVO:<\/strong><\/h3>\n\n\n\n<p><span class=\"post-content__span\"> Fomentar la producci\u00f3n intelectual de los docentes de la Universidad Tecnol\u00f3gica de Pereira, a trav\u00e9s de la publicaci\u00f3n de textos en la l\u00ednea editorial Ensayo &#8211; Obra Literaria- Libro de Artista \u2013 Cr\u00f3nica &#8211; Reportaje.<\/p>\n\n\n\n<h3 class=\"wp-block-heading\"><strong>DIRIGIDO A:<\/strong><\/h3>\n\n\n\n<p><span class=\"post-content__span\"> Docentes de planta o transitorios de la Universidad Tecnol\u00f3gica de Pereira.<\/p>\n\n\n\n<h3 class=\"wp-block-heading\"><strong>REQUISITOS M\u00cdNIMOS PARA PARTICIPAR<\/strong><\/h3>\n\n\n\n<ol class=\"wp-block-list\">\n<li>Podr\u00e1n participar los docentes de planta o transitorios de la Universidad Tecnol\u00f3gica de Pereira. Se aceptar\u00e1 como coautores a docentes catedr\u00e1ticos y personal externo.<\/li>\n\n\n\n<li>Por autor s\u00f3lo se podr\u00e1 presentar un trabajo en la convocatoria para la publicaci\u00f3n de libros de Ensayo &#8211; Obra Literaria \u2013 Libro de Artista &#8211; Cr\u00f3nica \u2013 Reportaje y no podr\u00e1 presentarse paralelamente en las convocatorias para la financiaci\u00f3n de publicaci\u00f3n de libros de investigaci\u00f3n ni de Textos Acad\u00e9micos.<\/li>\n\n\n\n<li>El monto m\u00e1ximo para financiar la publicaci\u00f3n en forma impresa o digital de libros de Ensayo &#8211; Obra Literaria &#8211; Libro de Artista \u2013 Cr\u00f3nica &#8211; Reportaje es por valor de 5 Salarios M\u00ednimos Mensuales Legales Vigentes (SMMLV). Los libros que excedan este valor se publicar\u00e1n en forma digital.<\/li>\n\n\n\n<li>No podr\u00e1n participar los autores a quienes se les financi\u00f3 la publicaci\u00f3n de un libro a trav\u00e9s de cualquiera de las convocatorias de las l\u00edneas editoriales de la vigencia 2022 o que cuenten con financiaci\u00f3n para tal fin.<\/li>\n\n\n\n<li>Los autores del libro (docentes UTP) deber\u00e1n registrarse en el Google Scholar, researchgate y en ORCID.<\/li>\n\n\n\n<li>Los autores de los trabajos que se postulen a la presente convocatoria deber\u00e1n encontrarse a Paz y Salvo en la Vicerrector\u00eda de Investigaciones, Innovaci\u00f3n y Extensi\u00f3n por todo concepto a la fecha de cierre de la convocatoria. (Informes Proyectos de Extensi\u00f3n, Informes Proyectos de Investigaci\u00f3n y Registros de Productos, Actualizaci\u00f3n del Grupo de Investigaci\u00f3n y Semilleros adscritos y cumplimiento en los programas de formaci\u00f3n).<\/li>\n\n\n\n<li>Para la participaci\u00f3n en esta convocatoria se deber\u00e1 diligenciar el formulario: <strong><a href=\"https:\/\/forms.gle\/WkhCoAZYS38bUBBs7\">REGISTRAR FORMULARIO<\/a><\/strong>&nbsp; y anexar los siguientes documentos:<\/li>\n<\/ol>\n\n\n\n<p><span class=\"post-content__span\"> <strong>7.1 <\/strong>Carta de intenci\u00f3n con n\u00famero de radicaci\u00f3n en PDF <a href=\"https:\/\/media2.utp.edu.co\/archivos\/Anexo%201.%20carta%20de%20intenci%C3%B3n%20conv.%202023%20ensayo%20-%20obra%20literaria.docx\"><strong>(Anexo 1)<\/strong><\/a>.<\/p>\n\n\n\n<p><span class=\"post-content__span\"> NOTA: La carta deber\u00e1 ser radicada a trav\u00e9s del correo electr\u00f3nico <a href=\"mailto:lazos@utp.edu.co\">lazos@utp.edu.co<\/a><\/p>\n\n\n\n<p><span class=\"post-content__span\"> &nbsp; &nbsp; &nbsp; &nbsp; &nbsp; &nbsp; &nbsp;&nbsp;<strong>7.2<\/strong> Formato de registro de datos de autores <a href=\"https:\/\/media2.utp.edu.co\/archivos\/Anexo%202.%20Formato%20de%20registro%20de%20datos%20de%20autores-2(10)(1).xlsx\"><strong>(Anexo 2)<\/strong><\/a><\/p>\n\n\n\n<p><span class=\"post-content__span\"> <strong>7.3<\/strong> Documento en archivo digital del libro a publicar en PDF. El documento debe ser in\u00e9dito y cumplir con los requisitos establecidos en el Manual de Lineamientos de la Editorial UTP y contar con correcci\u00f3n de texto (redacci\u00f3n, ortograf\u00eda y normas) previa por parte del autor y validada en la evaluaci\u00f3n interna realizada por la facultad. <a href=\"https:\/\/media2.utp.edu.co\/archivos\/Anexo%204.%20Manual%20de%20Lineamientos%20final%202021(6).pdf\"><strong>(Anexo 4)<\/strong><\/a>.<\/p>\n\n\n\n<p><span class=\"post-content__span\"> <strong>7.4 <\/strong>Carta de aval del Consejo de Facultad respectivo para la publicaci\u00f3n del libro y la evaluaci\u00f3n interna realizada en formato PDF.<\/p>\n\n\n\n<h3 class=\"wp-block-heading\"><strong>CRITERIOS DE EVALUACI\u00d3N<\/strong><\/h3>\n\n\n\n<p><span class=\"post-content__span\"> <strong>Criterios de Exclusi\u00f3n<\/strong><\/p>\n\n\n\n<ol class=\"wp-block-list\">\n<li>El Comit\u00e9 Editorial revisar\u00e1 el cumplimiento de requisitos m\u00ednimos y establecer\u00e1 si algunos de los criterios son subsanables.<\/li>\n\n\n\n<li>Se excluir\u00e1n del proceso de la convocatoria los trabajos que no cumplan con el porcentaje definido en el manual de lineamientos y en el reglamento editorial sobre el \u00edndice de coincidencia y similitud. (30%)<\/li>\n<\/ol>\n\n\n\n<p><span class=\"post-content__span\"> <strong>Criterios de evaluaci\u00f3n y Selecci\u00f3n<\/strong><\/p>\n\n\n\n<ol class=\"wp-block-list\">\n<li>El Comit\u00e9 Editorial revisar\u00e1 los resultados de las evaluaciones externas de pares (Promedio) y aprobar\u00e1 una lista de elegibles seg\u00fan puntuaci\u00f3n final y organizada de mayor a menor. Los libros a financiar quedar\u00e1n sujetos a la disponibilidad presupuestal de la Vicerrector\u00eda de Investigaciones, Innovaci\u00f3n y Extensi\u00f3n.<\/li>\n<\/ol>\n\n\n\n<p><span class=\"post-content__span\"> <strong>Nota 1: <\/strong>La lista de elegibles tendr\u00e1 vigencia \u00fanicamente de un a\u00f1o, por lo cual, los libros que no puedan ser financiados durante la vigencia fiscal del 2023 podr\u00e1n participar en futuras convocatorias.<\/p>\n\n\n\n<p><span class=\"post-content__span\"> <strong>Nota 2<\/strong>: La recepci\u00f3n de un trabajo no implica obligatoriedad ni compromiso alguno para la Universidad de asignar recursos, ni genera derecho a recibir apoyos econ\u00f3micos para quienes se hayan presentado en esta convocatoria.<\/p>\n\n\n\n<h3 class=\"wp-block-heading\"><strong>CRONOGRAMA:<\/strong><\/h3>\n\n\n\n<figure class=\"wp-block-table table\"><table><thead><tr><th>ACTIVIDAD<\/th><th>FECHA<\/th><\/tr><\/thead><tbody><tr><td>Aprobaci\u00f3n de criterios de la convocatoria por el Comit\u00e9 Editorial<\/td><td><strong>Febrero 10 de 2023<\/strong><\/td><\/tr><tr><td>Aprobaci\u00f3n de criterios de la convocatoria por el Consejo Acad\u00e9mico<\/td><td><strong>Febrero 15 de 2023&nbsp;<\/strong><\/td><\/tr><tr><td>Apertura de la Convocatoria<\/td><td><strong>Febrero 21 de 2023<\/strong><\/td><\/tr><tr><td>\n<p><span class=\"post-content__span\"> Fecha m\u00e1xima de solicitud de aval del Consejo de Facultad y evaluaci\u00f3n interna.<\/p>\n<p><span class=\"post-content__span\"> <strong>NOTA: Esta actividad estar\u00e1 liderada por las facultades y podr\u00e1n definir calendarios internos para su cumplimiento.&nbsp;<\/strong><\/p>\n<\/td><td><strong>Abril 11 de 2023<\/strong><\/td><\/tr><tr><td>\n<p><span class=\"post-content__span\"> Cierre de la Convocatoria:<\/p>\n<ol>\n<li>Fecha m\u00e1xima para la radicaci\u00f3n de la carta de presentaci\u00f3n a trav\u00e9s de <a href=\"mailto:lazos@utp.edu.co\">lazos@utp.edu.co<\/a> hasta las 6 p.m.<\/li>\n<\/ol>\n<p><span class=\"post-content__span\"> Fecha m\u00e1xima de registro de propuestas en el formulario del google (con el aval del Consejo de Facultad y la evaluaci\u00f3n interna) hasta las 11:59 p.m.<\/p>\n<\/td><td><strong>Mayo 26 de 2023<\/strong><\/td><\/tr><tr><td>Revisi\u00f3n de cumplimiento de requisitos m\u00ednimos por parte del Comit\u00e9 Editorial.<\/td><td><strong>Junio 9 de 2023<\/strong><\/td><\/tr><tr><td>Publicaci\u00f3n de resultados de los trabajos que cumplieron con los requisitos m\u00ednimos.<\/td><td><strong>Junio 14 de 2023<\/strong><\/td><\/tr><tr><td>Consultas y aclaraci\u00f3n de inquietudes sobre resultados publicados de los trabajos que cumplieron con los requisitos m\u00ednimos \u2013 enviar solicitud al correo electr\u00f3nico (procesoeditorial@utp.edu.co)<\/td><td><strong>Junio 15 y 16 de 2023<\/strong><\/td><\/tr><tr><td>Evaluaci\u00f3n de las propuestas por pares externos<\/td><td><strong>Junio 15 a Julio 28 de 2023<\/strong><\/td><\/tr><tr><td>Revisi\u00f3n de resultados de las evaluaciones externas por Comit\u00e9 Editorial.<\/td><td><strong>Agosto 9 de 2023<\/strong><\/td><\/tr><tr><td>Publicaci\u00f3n de resultados finales<\/td><td><strong>Agosto 15 de 2023<\/strong><\/td><\/tr><\/tbody><\/table><\/figure>\n\n\n\n<p><span class=\"post-content__span\"> \n<strong>NOTA: <\/strong>El Consejo Acad\u00e9mico de la Universidad Tecnol\u00f3gica de Pereira autoriza a la Vicerrector\u00eda de Investigaciones, Innovaci\u00f3n y Extensi\u00f3n, previa recomendaci\u00f3n del Comit\u00e9 Editorial, para modificar el cronograma de la presente convocatoria cuando las circunstancias lo requieran, modificaci\u00f3n que ser\u00e1 publicada a trav\u00e9s de adendas a la presente convocatoria.<\/p>\n\n\n\n<h3 class=\"wp-block-heading\"><strong>ANEXOS<\/strong><\/h3>\n\n\n\n<p><span class=\"post-content__span\"> <a href=\"https:\/\/media2.utp.edu.co\/archivos\/CONVOCATORIA%20ENSAYOS%20-%20OBRA%20LITERARIA%202023.docx\"><strong>T\u00c9RMINOS DE REFERENCIA: [VER]<\/strong><\/a><\/p>\n\n\n\n<p><span class=\"post-content__span\"> <a href=\"https:\/\/media2.utp.edu.co\/archivos\/Anexo%201.%20carta%20de%20intenci%C3%B3n%20conv.%202023%20ensayo%20-%20obra%20literaria.docx\">Anexo 1. Carta de intenci\u00f3n<\/a><\/p>\n\n\n\n<p><span class=\"post-content__span\"> <a href=\"https:\/\/media2.utp.edu.co\/archivos\/Anexo%202.%20Formato%20de%20registro%20de%20datos%20de%20autores-2(10)(1).xlsx\">Anexo 2. Formato de registro de datos de autores<\/a><\/p>\n\n\n\n<p><span class=\"post-content__span\"> <a href=\"https:\/\/media2.utp.edu.co\/archivos\/Anexo%204.%20Manual%20de%20Lineamientos%20final%202021(6).pdf\">Anexo 4. Manual de Lineamientos de la Editorial UTP<\/a><\/p>\n\n\n\n<h3 class=\"wp-block-heading\"><span><strong>INFORMACI\u00d3N<\/strong><\/span><\/h3>\n\n\n\n<p><span class=\"post-content__span\"> Vicerrector\u00eda de Investigaciones, Innovaci\u00f3n y Extensi\u00f3n.<\/p>\n\n\n\n<p><span class=\"post-content__span\"> <strong>Contacto:&nbsp;<\/strong><span>Luis Miguel Vargas Valencia<\/span><\/p>\n\n\n\n<p><span class=\"post-content__span\"> <strong>Email:&nbsp;<\/strong><a href=\"http:\/\/procesoeditorial@utp.edu.co\/\">procesoeditorial@utp.edu.co<\/a><\/p>\n\n\n\n<p><span class=\"post-content__span\"> <strong>Extensi\u00f3n: <\/strong>7381<\/p>\n","protected":false},"excerpt":{"rendered":"<p>RESULTADOS [Ver]&nbsp;TRABAJOS QUE SER\u00c1N PUBLICADOS POR LA EDITORIAL \u200b\u200b\u200b\u200b\u200b\u200b\u200b\u200bFecha de Publicaci\u00f3n:&nbsp;15&nbsp;de agosto&nbsp;del 2023 PUBLICACI\u00d3N \u200b[Ver]&nbsp;PROPUESTAS QUE CUMPLIERON CON LOS REQUISITOS M\u00cdNIMOS&nbsp; \u200b\u200b\u200b\u200b\u200b\u200b\u200b\u200bFecha de Publicaci\u00f3n:&nbsp;14&nbsp;de junio de 2023 &nbsp;ACUERDO CONSEJO ACAD\u00c9MICO [&#8230;]<\/p>\n","protected":false},"author":0,"featured_media":0,"comment_status":"closed","ping_status":"closed","sticky":false,"template":"","format":"standard","meta":{"footnotes":""},"categories":[7],"tags":[],"class_list":["post-5481","post","type-post","status-publish","format-standard","hentry","category-convocatorias"],"_links":{"self":[{"href":"https:\/\/vicerrectorias.utp.edu.co\/viie\/wp-json\/wp\/v2\/posts\/5481","targetHints":{"allow":["GET"]}}],"collection":[{"href":"https:\/\/vicerrectorias.utp.edu.co\/viie\/wp-json\/wp\/v2\/posts"}],"about":[{"href":"https:\/\/vicerrectorias.utp.edu.co\/viie\/wp-json\/wp\/v2\/types\/post"}],"replies":[{"embeddable":true,"href":"https:\/\/vicerrectorias.utp.edu.co\/viie\/wp-json\/wp\/v2\/comments?post=5481"}],"version-history":[{"count":4,"href":"https:\/\/vicerrectorias.utp.edu.co\/viie\/wp-json\/wp\/v2\/posts\/5481\/revisions"}],"predecessor-version":[{"id":11820,"href":"https:\/\/vicerrectorias.utp.edu.co\/viie\/wp-json\/wp\/v2\/posts\/5481\/revisions\/11820"}],"wp:attachment":[{"href":"https:\/\/vicerrectorias.utp.edu.co\/viie\/wp-json\/wp\/v2\/media?parent=5481"}],"wp:term":[{"taxonomy":"category","embeddable":true,"href":"https:\/\/vicerrectorias.utp.edu.co\/viie\/wp-json\/wp\/v2\/categories?post=5481"},{"taxonomy":"post_tag","embeddable":true,"href":"https:\/\/vicerrectorias.utp.edu.co\/viie\/wp-json\/wp\/v2\/tags?post=5481"}],"curies":[{"name":"wp","href":"https:\/\/api.w.org\/{rel}","templated":true}]}}