{"id":5471,"date":"2023-06-14T09:43:40","date_gmt":"2023-06-14T07:43:40","guid":{"rendered":""},"modified":"2023-10-30T21:31:31","modified_gmt":"2023-10-30T20:31:31","slug":"convocatoria-interna-para-fomentar-la-publicacion-de-textos-academico-ano-2023","status":"publish","type":"post","link":"https:\/\/vicerrectorias.utp.edu.co\/viie\/convocatoria-interna-para-fomentar-la-publicacion-de-textos-academico-ano-2023\/","title":{"rendered":"CONVOCATORIA INTERNA PARA FOMENTAR LA PUBLICACI\u00d3N DE TEXTOS ACAD\u00c9MICO A\u00d1O 2023"},"content":{"rendered":"\n<figure class=\"wp-block-image\"><img decoding=\"async\" src=\"https:\/\/media2.utp.edu.co\/imagenes\/acuerdo%2007.jpeg\" alt=\"\"\/><\/figure>\n\n\n\n<h3 class=\"wp-block-heading\"><strong>RESULTADOS<\/strong><\/h3>\n\n\n\n<p><span class=\"post-content__span\"> <a href=\"https:\/\/vicerrectorias.utp.edu.co\/viie\/wp-content\/uploads\/sites\/3\/CONVOCATORIA%20textos%20academicos.%20Resultados%20evaluaciones%20externas%202023.pdf\"><strong>[Ver]\u00a0TRABAJOS QUE SER\u00c1N PUBLICADOS POR LA EDITORIAL<\/strong><\/a><\/p>\n\n\n\n<p><span class=\"post-content__span\"> <strong>\u200b\u200b\u200b\u200b\u200b\u200b\u200b\u200bFecha de Publicaci\u00f3n:<\/strong>&nbsp;15&nbsp;de agosto&nbsp;del 2023<\/p>\n\n\n\n<h3 class=\"wp-block-heading\"><strong>PUBLICACI\u00d3N<\/strong><\/h3>\n\n\n\n<p><span class=\"post-content__span\"> <a href=\"https:\/\/media2.utp.edu.co\/archivos\/CONVOCATORIA%20textos%20academicos%20requisitos%20minimos%202023.pdf\"><strong>\u200b[Ver]&nbsp;PROPUESTAS QUE CUMPLIERON CON LOS REQUISITOS M\u00cdNIMOS&nbsp;<\/strong><\/a><\/p>\n\n\n\n<p><span class=\"post-content__span\"> <strong>\u200b\u200b\u200b\u200b\u200b\u200b\u200b\u200bFecha de Publicaci\u00f3n:<\/strong>&nbsp;14&nbsp;de junio de 2023<\/p>\n\n\n\n<h3 class=\"wp-block-heading\"><strong>ACUERDO CONSEJO ACAD\u00c9MICO No. 07<\/strong><\/h3>\n\n\n\n<p><span class=\"post-content__span\"> <a href=\"https:\/\/media2.utp.edu.co\/archivos\/Acuerdo%20No.%2007%20CA%202023.pdf\">POR MEDIO DEL CUAL SE APRUEBA LA CONVOCATORIA INTERNA PARA FOMENTAR&nbsp;LA PUBLICACI\u00d3N DE TEXTOS ACAD\u00c9MICOS A\u00d1O 2023<\/a><\/p>\n\n\n\n<h3 class=\"wp-block-heading\"><strong>&nbsp;ACUERDO CONSEJO ACAD\u00c9MICO No. 12<\/strong><\/h3>\n\n\n\n<p><span class=\"post-content__span\"> <a href=\"https:\/\/media2.utp.edu.co\/archivos\/Acuerdo%20No.%2012%20Corrige%20error%20de%20digitacion.pdf\">POR MEDIO DEL CUAL SE CORRIGE UN ERROR DE DIGITACI\u00d3N CONTENIDO EN LOS ACUERDOS DEL CONSEJO ACAD\u00c9MICO 07, 08, 09, 10 Y 11 DEL 15 DE FEBRERO DE 2023.&nbsp;<\/a><\/p>\n\n\n\n<p><span class=\"post-content__span\"> La Vicerrector\u00eda de Investigaciones, Innovaci\u00f3n y Extensi\u00f3n de la Universidad Tecnol\u00f3gica de Pereira invita a los docentes a participar en la presente convocatoria cumpliendo los siguientes t\u00e9rminos:<\/p>\n\n\n\n<h3 class=\"wp-block-heading\"><strong>OBJETIVO:<\/strong><\/h3>\n\n\n\n<p><span class=\"post-content__span\"> Fomentar la producci\u00f3n intelectual de los docentes de la Universidad Tecnol\u00f3gica de Pereira, a trav\u00e9s de la publicaci\u00f3n de textos acad\u00e9micos.<\/p>\n\n\n\n<h3 class=\"wp-block-heading\"><strong>DIRIGIDO A:<\/strong><\/h3>\n\n\n\n<p><span class=\"post-content__span\"> Docentes de planta o transitorios de la Universidad Tecnol\u00f3gica de Pereira.<\/p>\n\n\n\n<h3 class=\"wp-block-heading\"><strong>REQUISITOS M\u00cdNIMOS PARA PARTICIPAR<\/strong><\/h3>\n\n\n\n<ol class=\"wp-block-list\">\n<li>Podr\u00e1n participar los docentes de planta y transitorios de la Universidad Tecnol\u00f3gica de Pereira. Se aceptar\u00e1 como coautores a docentes catedr\u00e1ticos de la Universidad y tambi\u00e9n personal externo.<\/li>\n\n\n\n<li>Por autor solo se podr\u00e1 presentar un trabajo en la convocatoria para la publicaci\u00f3n de Textos Acad\u00e9micos y no podr\u00e1 presentarse paralelamente en las convocatorias para la financiaci\u00f3n de publicaci\u00f3n de libros de investigaci\u00f3n ni de Ensayo &#8211; Obra Literaria \u2013 Libro de Artista &#8211; Cr\u00f3nica &#8211; Reportaje.<\/li>\n\n\n\n<li>El monto m\u00e1ximo para financiar la publicaci\u00f3n en forma impresa o digital de textos acad\u00e9micos es de 5 Salarios M\u00ednimos Mensuales Legales Vigentes (SMMLV). Los libros que excedan este valor se publicar\u00e1n en forma digital.<\/li>\n\n\n\n<li>No podr\u00e1n participar los autores a quienes se les financi\u00f3 la publicaci\u00f3n de un libro a trav\u00e9s de cualquiera de las convocatorias de las l\u00edneas editoriales de la vigencia 2022 o que cuenten con recursos para dicho fin.<\/li>\n\n\n\n<li>Los docentes participantes deben certificar a trav\u00e9s de la direcci\u00f3n del programa o facultad, que han orientado al menos una asignatura que corresponda al \u00e1rea del trabajo presentado. Lo anterior durante los dos a\u00f1os previos a la fecha de apertura de la presente convocatoria; o durante cuatro semestres anteriores.<\/li>\n\n\n\n<li>Los autores de los trabajos que se postulen a la presente convocatoria deber\u00e1n encontrarse a Paz y Salvo en la Vicerrector\u00eda de Investigaciones, Innovaci\u00f3n y Extensi\u00f3n por todo concepto a la fecha de cierre de la convocatoria. (Informes Proyectos de Extensi\u00f3n, Informes Proyectos de Investigaci\u00f3n y Registros de Productos, Actualizaci\u00f3n del Grupo de Investigaci\u00f3n y Semilleros adscritos y cumplimiento en los programas de formaci\u00f3n).<\/li>\n\n\n\n<li>Los autores del libro (docentes UTP) deber\u00e1n registrarse en el Google Scholar, researchgate y en ORCID.<\/li>\n\n\n\n<li>Para la participaci\u00f3n en esta convocatoria se deber\u00e1 diligenciar el formulario: <strong><a href=\"https:\/\/forms.gle\/PvdDW8gnu8VxnkieA\">REGISTRAR FORMULARIO<\/a>&nbsp;<\/strong>y anexar los siguientes documentos:<\/li>\n<\/ol>\n\n\n\n<p><span class=\"post-content__span\"> <strong>8.1<\/strong> Carta de intenci\u00f3n con n\u00famero de radicaci\u00f3n en PDF <a href=\"https:\/\/media2.utp.edu.co\/archivos\/Anexo%201.%20carta%20de%20intenci%C3%B3n%20convocatoria%202023%20Tex.%20Acad..docx\"><strong>(Anexo 1)<\/strong><\/a>.<\/p>\n\n\n\n<p><span class=\"post-content__span\"> NOTA: La carta deber\u00e1 ser radicada a trav\u00e9s del correo electr\u00f3nico <a href=\"mailto:lazos@utp.edu.co\">lazos@utp.edu.co<\/a><\/p>\n\n\n\n<p><span class=\"post-content__span\"> <strong>8.2<\/strong> Formato de registro de datos de autores <a href=\"https:\/\/media2.utp.edu.co\/archivos\/Anexo%202.%20Formato%20de%20registro%20de%20datos%20de%20autores-2(6)(1).xlsx\"><strong>(Anexo 2)<\/strong><\/a><\/p>\n\n\n\n<p><span class=\"post-content__span\"> <strong>8.3 <\/strong>Formato con informaci\u00f3n adicional <a href=\"https:\/\/media2.utp.edu.co\/archivos\/Anexo%203.%20formato%20informaci%C3%B3n%20adicional%20Tex.%20Acad.%202023.docx\">(<strong>Anexo 3<\/strong>).<\/a><\/p>\n\n\n\n<p><span class=\"post-content__span\"> <strong>8.4 <\/strong>Documento en archivo digital del libro a publicar en PDF. El documento debe ser in\u00e9dito y cumplir con los requisitos establecidos en el Manual de Lineamientos de la Editorial UTP <a href=\"https:\/\/media2.utp.edu.co\/archivos\/Anexo%204.%20Manual%20de%20Lineamientos%20final%202021(6).pdf\"><strong>(anexo 4)<\/strong><\/a> y contar con correcci\u00f3n de textos (redacci\u00f3n, ortograf\u00eda y normas) previa por parte del autor y validada en la evaluaci\u00f3n interna realizada por la Facultad.<\/p>\n\n\n\n<p><span class=\"post-content__span\"> <strong>8.5<\/strong> Carta de aval del Consejo de Facultad respectivo para la publicaci\u00f3n del libro y la evaluaci\u00f3n interna realizada en formato PDF.<\/p>\n\n\n\n<h3 class=\"wp-block-heading\"><strong>CRITERIOS DE EVALUACI\u00d3N<\/strong><\/h3>\n\n\n\n<p><span class=\"post-content__span\"> <strong>Criterios de Exclusi\u00f3n<\/strong><\/p>\n\n\n\n<ol class=\"wp-block-list\">\n<li>El Comit\u00e9 Editorial revisar\u00e1 el cumplimiento de requisitos m\u00ednimos y establecer\u00e1 si algunos de los criterios son subsanables.<\/li>\n\n\n\n<li>Se excluir\u00e1n del proceso de la convocatoria los trabajos que no cumplan con el porcentaje definido en el manual de lineamientos y en el reglamento editorial sobre el \u00edndice de coincidencia y similitud. (30%)<\/li>\n<\/ol>\n\n\n\n<p><span class=\"post-content__span\"> <strong>Criterios de evaluaci\u00f3n y Selecci\u00f3n<\/strong><\/p>\n\n\n\n<ol class=\"wp-block-list\">\n<li>El Comit\u00e9 Editorial revisar\u00e1 los resultados de las evaluaciones externas de pares (promedio) y aprobar\u00e1 una lista de elegibles seg\u00fan puntuaci\u00f3n final y organizada de mayor a menor. Los libros a financiar quedar\u00e1n sujetos a la disponibilidad presupuestal de la Vicerrector\u00eda de Investigaciones, Innovaci\u00f3n y Extensi\u00f3n.<\/li>\n<\/ol>\n\n\n\n<p><span class=\"post-content__span\"> <strong>Nota 1: <\/strong>La lista de elegibles tendr\u00e1 vigencia \u00fanicamente de un a\u00f1o, por lo cual, los libros que no puedan ser financiados durante la vigencia fiscal del 2023 podr\u00e1n participar en futuras convocatorias.<\/p>\n\n\n\n<p><span class=\"post-content__span\"> <strong>Nota 2<\/strong>: La recepci\u00f3n de un trabajo no implica obligatoriedad ni compromiso alguno para la Universidad de asignar recursos, ni genera derecho a recibir apoyos econ\u00f3micos para quienes se hayan presentado en esta convocatoria.<\/p>\n\n\n\n<h3 class=\"wp-block-heading\"><strong>CRONOGRAMA:<\/strong><\/h3>\n\n\n\n<figure class=\"wp-block-table\"><table><thead><tr><th scope=\"col\"><strong>A<\/strong><strong>ctividad<\/strong><\/th><th scope=\"col\"><strong>Fecha<\/strong><\/th><\/tr><\/thead><tbody><tr><td>Aprobaci\u00f3n de criterios de la convocatoria por el Comit\u00e9 Editorial<\/td><td><strong>Febrero 1<\/strong><strong>0 de 2023<\/strong><\/td><\/tr><tr><td>Aprobaci\u00f3n de criterios de la convocatoria por el Consejo Acad\u00e9mico<\/td><td><strong>Febrero 15 de 2023<\/strong><\/td><\/tr><tr><td>Apertura de la Convocatoria<\/td><td><strong>Febrero 21 de 202<\/strong><strong>3<\/strong><\/td><\/tr><tr><td>Fecha m\u00e1xima de solicitud de aval del Consejo de Facultad y evaluaci\u00f3n interna. <strong>NOTA: Esta actividad estar\u00e1 liderada por las facultades y podr\u00e1n definir calendarios internos para su cumplimiento.<\/strong><\/td><td><strong>Abril 11 de 2023<\/strong><\/td><\/tr><tr><td>Cierre de la Convocatoria: Fecha m\u00e1xima para la radicaci\u00f3n de la carta de presentaci\u00f3n a trav\u00e9s de&nbsp;<a href=\"mailto:lazos@utp.edu.co\">lazos@utp.edu.co<\/a>&nbsp;hasta las 6 p.m. Fecha m\u00e1xima de registro de propuestas en el formulario del google (con el aval del Consejo de Facultad y la evaluaci\u00f3n interna) hasta las 11:59 p.m.<\/td><td><strong>Mayo 2<\/strong><strong>6 de 2023<\/strong><\/td><\/tr><tr><td>Revisi\u00f3n de cumplimiento de requisitos m\u00ednimos por parte del Comit\u00e9 Editorial.<\/td><td><strong>Junio&nbsp;<\/strong><strong>9 de 2023<\/strong><\/td><\/tr><tr><td>Publicaci\u00f3n de resultados de los trabajos que cumplieron con los requisitos m\u00ednimos.<\/td><td><strong>Junio 1<\/strong><strong>4 de 2023<\/strong><\/td><\/tr><tr><td>Consultas y aclaraci\u00f3n de inquietudes sobre resultados publicados de los trabajos que cumplieron con los requisitos m\u00ednimos \u2013 enviar solicitud&nbsp;&nbsp;&nbsp;&nbsp;&nbsp;&nbsp;&nbsp;&nbsp;&nbsp; al correo electr\u00f3nico (procesoeditorial@utp.edu.co)<\/td><td><strong>Junio 1<\/strong><strong>5 y 16 de 2023<\/strong><\/td><\/tr><tr><td>Evaluaci\u00f3n de las propuestas por pares externos<\/td><td><strong>Junio 15 a Julio 2<\/strong><strong>8 de 2023<\/strong><\/td><\/tr><tr><td>Revisi\u00f3n de resultados de las evaluaciones externas por Comit\u00e9 Editorial.<\/td><td><strong>Agosto&nbsp;<\/strong><strong>9 de 2023<\/strong><\/td><\/tr><tr><td>Publicaci\u00f3n de resultados finales<\/td><td><strong>Agosto 1<\/strong><strong>5 de 2023<\/strong><\/td><\/tr><\/tbody><\/table><\/figure>\n\n\n\n<p><span class=\"post-content__span\"> <strong>N<\/strong><strong>ota: <\/strong>El Consejo Acad\u00e9mico de la Universidad Tecnol\u00f3gica de Pereira autoriza a la Vicerrector\u00eda de Investigaciones, Innovaci\u00f3n y Extensi\u00f3n, previa recomendaci\u00f3n del Comit\u00e9 Editorial, para modificar el cronograma de la presente convocatoria cuando las circunstancias lo requieran, modificaci\u00f3n que ser\u00e1 publicada a trav\u00e9s de adendas a la presente convocatoria.<\/p>\n\n\n\n<h3 class=\"wp-block-heading\"><strong>ANEXOS<\/strong><\/h3>\n\n\n\n<p><span class=\"post-content__span\"> <a href=\"https:\/\/media2.utp.edu.co\/archivos\/CONVOCATORIA%20%20textos%20acad.%202023.docx\"><strong>T\u00c9RMINOS DE REFERENCIA: [VER]<\/strong><\/a><\/p>\n\n\n\n<p><span class=\"post-content__span\"> <a href=\"https:\/\/media2.utp.edu.co\/archivos\/Anexo%201.%20carta%20de%20intenci%C3%B3n%20convocatoria%202023%20Tex.%20Acad..docx\">Anexo 1. Carta de intenci\u00f3n<\/a><\/p>\n\n\n\n<p><span class=\"post-content__span\"> <a href=\"https:\/\/media2.utp.edu.co\/archivos\/Anexo%202.%20Formato%20de%20registro%20de%20datos%20de%20autores-2(6)(1).xlsx\">Anexo 2. Formato de registro de datos de autores<\/a><\/p>\n\n\n\n<p><span class=\"post-content__span\"> <a href=\"https:\/\/media2.utp.edu.co\/archivos\/Anexo%203.%20formato%20informaci%C3%B3n%20adicional%20Tex.%20Acad.%202023.docx\">Anexo 3. Formato de informaci\u00f3n adicional<\/a><\/p>\n\n\n\n<p><span class=\"post-content__span\"> <a href=\"https:\/\/media2.utp.edu.co\/archivos\/Anexo%204.%20Manual%20de%20Lineamientos%20final%202021(6).pdf\">Anexo 4: Manual de lineamientos Editorial UTP<\/a><\/p>\n\n\n\n<h3 class=\"wp-block-heading\"><span><strong>INFORMACI\u00d3N<\/strong><\/span><\/h3>\n\n\n\n<p><span class=\"post-content__span\"> Vicerrector\u00eda de Investigaciones, Innovaci\u00f3n y Extensi\u00f3n.<\/p>\n\n\n\n<p><span class=\"post-content__span\"> <strong>Contacto: <\/strong>Luis Miguel Vargas Valencia<\/p>\n\n\n\n<p><span class=\"post-content__span\"> <strong>Email:&nbsp;<\/strong><a href=\"http:\/\/procesoeditorial@utp.edu.co\/\">procesoeditorial@utp.edu.co<\/a><\/p>\n\n\n\n<p><span class=\"post-content__span\"> <strong>Extensi\u00f3n: <\/strong>7381<\/p>\n","protected":false},"excerpt":{"rendered":"<p>RESULTADOS [Ver]\u00a0TRABAJOS QUE SER\u00c1N PUBLICADOS POR LA EDITORIAL \u200b\u200b\u200b\u200b\u200b\u200b\u200b\u200bFecha de Publicaci\u00f3n:&nbsp;15&nbsp;de agosto&nbsp;del 2023 PUBLICACI\u00d3N \u200b[Ver]&nbsp;PROPUESTAS QUE CUMPLIERON CON LOS REQUISITOS M\u00cdNIMOS&nbsp; \u200b\u200b\u200b\u200b\u200b\u200b\u200b\u200bFecha de Publicaci\u00f3n:&nbsp;14&nbsp;de junio de 2023 ACUERDO CONSEJO ACAD\u00c9MICO [&#8230;]<\/p>\n","protected":false},"author":0,"featured_media":0,"comment_status":"closed","ping_status":"closed","sticky":false,"template":"","format":"standard","meta":{"footnotes":""},"categories":[7],"tags":[],"class_list":["post-5471","post","type-post","status-publish","format-standard","hentry","category-convocatorias"],"_links":{"self":[{"href":"https:\/\/vicerrectorias.utp.edu.co\/viie\/wp-json\/wp\/v2\/posts\/5471","targetHints":{"allow":["GET"]}}],"collection":[{"href":"https:\/\/vicerrectorias.utp.edu.co\/viie\/wp-json\/wp\/v2\/posts"}],"about":[{"href":"https:\/\/vicerrectorias.utp.edu.co\/viie\/wp-json\/wp\/v2\/types\/post"}],"replies":[{"embeddable":true,"href":"https:\/\/vicerrectorias.utp.edu.co\/viie\/wp-json\/wp\/v2\/comments?post=5471"}],"version-history":[{"count":4,"href":"https:\/\/vicerrectorias.utp.edu.co\/viie\/wp-json\/wp\/v2\/posts\/5471\/revisions"}],"predecessor-version":[{"id":11361,"href":"https:\/\/vicerrectorias.utp.edu.co\/viie\/wp-json\/wp\/v2\/posts\/5471\/revisions\/11361"}],"wp:attachment":[{"href":"https:\/\/vicerrectorias.utp.edu.co\/viie\/wp-json\/wp\/v2\/media?parent=5471"}],"wp:term":[{"taxonomy":"category","embeddable":true,"href":"https:\/\/vicerrectorias.utp.edu.co\/viie\/wp-json\/wp\/v2\/categories?post=5471"},{"taxonomy":"post_tag","embeddable":true,"href":"https:\/\/vicerrectorias.utp.edu.co\/viie\/wp-json\/wp\/v2\/tags?post=5471"}],"curies":[{"name":"wp","href":"https:\/\/api.w.org\/{rel}","templated":true}]}}