{"id":5311,"date":"2022-09-08T17:25:49","date_gmt":"2023-12-01T14:53:00","guid":{"rendered":""},"modified":"2024-02-08T21:23:29","modified_gmt":"2024-02-08T20:23:29","slug":"convocatoria-interna-para-la-financiacion-de-propuestas-de-experimentacion-en-apropiacion-social-del-conocimiento-ano-2022","status":"publish","type":"post","link":"https:\/\/vicerrectorias.utp.edu.co\/viie\/convocatoria-interna-para-la-financiacion-de-propuestas-de-experimentacion-en-apropiacion-social-del-conocimiento-ano-2022\/","title":{"rendered":"CONVOCATORIA INTERNA PARA LA FINANCIACI\u00d3N DE PROPUESTAS DE EXPERIMENTACI\u00d3N EN APROPIACI\u00d3N SOCIAL DEL CONOCIMIENTO A\u00d1O 2022"},"content":{"rendered":"\n<h3 class=\"wp-block-heading\"><strong>CONVOCATORIA INTERNA PARA LA FINANCIACI\u00d3N DE PROPUESTAS DE EXPERIMENTACI\u00d3N EN APROPIACI\u00d3N SOCIAL DEL CONOCIMIENTO A\u00d1O 2022<\/strong><\/h3>\n\n\n\n<p><span class=\"post-content__span\"> La Universidad Tecnol\u00f3gica de Pereira a trav\u00e9s de la Vicerrector\u00eda de Investigaciones, Innovaci\u00f3n y Extensi\u00f3n en el marco del convenio de cooperaci\u00f3n No. 3101- 2021 que tiene por objeto: \u201cAunar esfuerzos t\u00e9cnicos, administrativos y humanos, para crear una Unidad de Apropiaci\u00f3n Social del Conocimiento en la Universidad Tecnol\u00f3gica de Pereira que promueva en los procesos de investigaci\u00f3n, innovaci\u00f3n y experimentaci\u00f3n la Apropiaci\u00f3n Social del Conocimiento\u201d da apertura a la Convocatoria Interna para la financiaci\u00f3n de propuestas de experimentaci\u00f3n en apropiaci\u00f3n social del conocimiento que involucren grupos multidisciplinarios y diferentes tipos de comunidades<\/p>\n\n\n\n<p><span class=\"post-content__span\"> <strong>OBJETIVO<\/strong><\/p>\n\n\n\n<p><span class=\"post-content__span\"> Fomentar la apropiaci\u00f3n social del conocimiento a trav\u00e9s del dise\u00f1o y ejecuci\u00f3n de propuestas piloto de experimentaci\u00f3n que involucren grupos de investigaci\u00f3n diferentes facultades y diferentes tipos de comunidades.<\/p>\n\n\n\n<p><span class=\"post-content__span\"> <strong>ENFOQUE<\/strong><\/p>\n\n\n\n<p><span class=\"post-content__span\"> La propuesta piloto de experimentaci\u00f3n o nuevas formas de hacer apropiaci\u00f3n social del conocimiento debe tener el siguiente enfoque:<\/p>\n\n\n\n<ul class=\"wp-block-list\">\n<li>Basarse en los resultados de un proyecto de investigaci\u00f3n concluido en los \u00faltimos cinco a\u00f1os o que se encuentre en un 70% de ejecuci\u00f3n.<\/li>\n\n\n\n<li>Ser implementada en el departamento de Risaralda.<\/li>\n\n\n\n<li>Convocar a diferentes actores sociales a participar de pr\u00e1cticas de intercambio, di\u00e1logo, an\u00e1lisis, reflexi\u00f3n y negociaci\u00f3n, que promueven la comprensi\u00f3n e intervenci\u00f3n de sus contextos.<\/li>\n\n\n\n<li>Estar enmarcada en los principios de reconocimiento del contexto, participaci\u00f3n, di\u00e1logo de saberes y conocimientos, transformaci\u00f3n y reflexi\u00f3n cr\u00edtica.<\/li>\n\n\n\n<li>Tener pertinencia con las l\u00edneas de investigaci\u00f3n y experiencia de los grupos de investigaci\u00f3n de diferentes facultades que se presenten.<\/li>\n\n\n\n<li>Ser coherente con la facultad a la cual est\u00e1 adscrita el grupo de investigaci\u00f3n proponente.<\/li>\n<\/ul>\n\n\n\n<p><span class=\"post-content__span\"> <strong>DIRIGIDO A<\/strong><\/p>\n\n\n\n<p><span class=\"post-content__span\"> Alianzas conformadas por m\u00ednimo dos grupos de investigaci\u00f3n de diferentes facultades de la Universidad Tecnol\u00f3gica de Pereira, un grupo de investigaci\u00f3n con el rol de proponente y el segundo o m\u00e1s con el rol de colaborador y una comunidad del departamento de Risaralda.<\/p>\n\n\n\n<p><span class=\"post-content__span\"> <strong>CRONOGRAMA<\/strong><\/p>\n\n\n\n<figure class=\"wp-block-table table\"><table><thead><tr><th>ACTIVIDAD<\/th><th>FECHA M\u00c1XIMA<\/th><\/tr><\/thead><tbody><tr><td>Aprobaci\u00f3n de los criterios de la convocatoria&nbsp; por el Comit\u00e9 Central de Extensi\u00f3n.<\/td><td><strong>21 de julio de 2022<\/strong><\/td><\/tr><tr><td>Apertura oficial de la convocatoria.<\/td><td><strong>11 de agosto de 2022.<\/strong><\/td><\/tr><tr><td>Recepci\u00f3n de propuestas<\/td><td><strong>29 de agosto de 2022 .<\/strong><\/td><\/tr><tr><td>Revisi\u00f3n de requisitos m\u00ednimos.<\/td><td><strong>31 de agosto de 2022.<\/strong><\/td><\/tr><tr><td>Evaluaci\u00f3n de propuestas&nbsp;<\/td><td><strong>01 de septiembre de 2022.<\/strong><\/td><\/tr><tr><td>Publicaci\u00f3n de banco de financiables<\/td><td><strong>08 de septiembre de 2022<\/strong><\/td><\/tr><tr><td>Inicio ejecuci\u00f3n propuestas<\/td><td><strong>12 de septiembre de 2022.<\/strong><\/td><\/tr><tr><td>Entrega de informe final<\/td><td><strong>30 de diciembre de 2022.<\/strong><\/td><\/tr><\/tbody><\/table><\/figure>\n\n\n\n<p><span class=\"post-content__span\"> <strong>DOCUMENTOS ANEXOS A LA CONVOCATORIA<\/strong><\/p>\n\n\n\n<p><span class=\"post-content__span\"> <strong>ANEXO 1:<\/strong><a href=\"https:\/\/media2.utp.edu.co\/archivos\/Anexo%2B1.%2BFormato%2BPropuesta.doc\">Formato Propuesta<\/a><br><strong>ANEXO 2:<\/strong><a href=\"https:\/\/media2.utp.edu.co\/archivos\/Anexo%2B2.%2BConceptualizaci%C3%B3n%2BApropiaci%C3%B3n%2BSocial%2B%283%29.docx\">Conceptualizaci\u00f3n Apropiaci\u00f3n Social<\/a><br><strong>ANEXO 3:<\/strong><a href=\"https:\/\/media2.utp.edu.co\/archivos\/Anexo%2B3.%2BEvaluacion%2Btecnica%2B%281%29.xlsx\">Evaluaci\u00f3n T\u00e9cnica<\/a><br><strong>ANEXO 4:<\/strong><a href=\"https:\/\/media2.utp.edu.co\/archivos\/Anexo%2B4.%2BFormato%2BEntegable.doc\">Formato Entregable<\/a><br><strong>ANEXO 5:<\/strong><a href=\"https:\/\/media2.utp.edu.co\/archivos\/TERMINOS%2BDE%2BREFERENCIA%2BCONVOCATORIA%2BPROPUESTAS.pdf\">T\u00e9rminos de referencia<\/a><\/p>\n\n\n\n<ul class=\"wp-block-list\">\n<li><strong><a href=\"https:\/\/media2.utp.edu.co\/archivos\/Elegibles%20convocatoria%20pilotos.pdf\">BANCO DE FINANCIABLES<\/a><\/strong><\/li>\n<\/ul>\n\n\n\n<p><span class=\"post-content__span\"> <strong>MAYORES INFORMES<\/strong><\/p>\n\n\n\n<p><span class=\"post-content__span\"> Vicerrector\u00eda de Investigaciones, Innovaci\u00f3n y Extensi\u00f3n<br>Email:&nbsp;<a href=\"mailto:extensionuniversitaria@utp.edu.co\" target=\"_blank\" rel=\"noreferrer noopener\">extensionuniversitaria@utp.edu.co<\/a><br>Ext: 7114<\/p>\n","protected":false},"excerpt":{"rendered":"<p>CONVOCATORIA INTERNA PARA LA FINANCIACI\u00d3N DE PROPUESTAS DE EXPERIMENTACI\u00d3N EN APROPIACI\u00d3N SOCIAL DEL CONOCIMIENTO A\u00d1O 2022 La Universidad Tecnol\u00f3gica de Pereira a trav\u00e9s de la Vicerrector\u00eda de Investigaciones, Innovaci\u00f3n y [&#8230;]<\/p>\n","protected":false},"author":0,"featured_media":0,"comment_status":"closed","ping_status":"closed","sticky":false,"template":"","format":"standard","meta":{"footnotes":""},"categories":[7],"tags":[],"class_list":["post-5311","post","type-post","status-publish","format-standard","hentry","category-convocatorias"],"_links":{"self":[{"href":"https:\/\/vicerrectorias.utp.edu.co\/viie\/wp-json\/wp\/v2\/posts\/5311","targetHints":{"allow":["GET"]}}],"collection":[{"href":"https:\/\/vicerrectorias.utp.edu.co\/viie\/wp-json\/wp\/v2\/posts"}],"about":[{"href":"https:\/\/vicerrectorias.utp.edu.co\/viie\/wp-json\/wp\/v2\/types\/post"}],"replies":[{"embeddable":true,"href":"https:\/\/vicerrectorias.utp.edu.co\/viie\/wp-json\/wp\/v2\/comments?post=5311"}],"version-history":[{"count":3,"href":"https:\/\/vicerrectorias.utp.edu.co\/viie\/wp-json\/wp\/v2\/posts\/5311\/revisions"}],"predecessor-version":[{"id":11860,"href":"https:\/\/vicerrectorias.utp.edu.co\/viie\/wp-json\/wp\/v2\/posts\/5311\/revisions\/11860"}],"wp:attachment":[{"href":"https:\/\/vicerrectorias.utp.edu.co\/viie\/wp-json\/wp\/v2\/media?parent=5311"}],"wp:term":[{"taxonomy":"category","embeddable":true,"href":"https:\/\/vicerrectorias.utp.edu.co\/viie\/wp-json\/wp\/v2\/categories?post=5311"},{"taxonomy":"post_tag","embeddable":true,"href":"https:\/\/vicerrectorias.utp.edu.co\/viie\/wp-json\/wp\/v2\/tags?post=5311"}],"curies":[{"name":"wp","href":"https:\/\/api.w.org\/{rel}","templated":true}]}}