{"id":5291,"date":"2022-08-10T15:38:17","date_gmt":"2022-08-10T13:38:17","guid":{"rendered":""},"modified":"2023-11-28T16:32:34","modified_gmt":"2023-11-28T15:32:34","slug":"convocatoria-no-31-de-la-asignacion-para-la-ciencia-tecnologia-e-innovacion-para-ambiente-y-desarrollo-sostenible-del-sgr-para-la-conformacion-de-un","status":"publish","type":"post","link":"https:\/\/vicerrectorias.utp.edu.co\/viie\/convocatoria-no-31-de-la-asignacion-para-la-ciencia-tecnologia-e-innovacion-para-ambiente-y-desarrollo-sostenible-del-sgr-para-la-conformacion-de-un\/","title":{"rendered":"CONVOCATORIA No. 31 DE LA ASIGNACI\u00d3N PARA LA CIENCIA, TECNOLOG\u00cdA e INNOVACI\u00d3N PARA AMBIENTE Y DESARROLLO SOSTENIBLE DEL SGR PARA LA CONFORMACI\u00d3N DE UN"},"content":{"rendered":"<div class=\"wp-block-image\">\n<figure class=\"aligncenter is-resized\"><img loading=\"lazy\" decoding=\"async\" src=\"https:\/\/media2.utp.edu.co\/imagenes\/31%281%29.png\" alt=\"\" style=\"width:705px;height:591px\" width=\"705\" height=\"591\"\/><\/figure>\n<\/div>\n\n\n<p><span class=\"post-content__span\"> <span>La Universidad Tecnol\u00f3gica de Pereira y la Vicerrector\u00eda de Investigaciones, Innovaci\u00f3n y Extensi\u00f3n invitan a participar en la&nbsp;Convocatoria No. 31&nbsp;de&nbsp;asignaci\u00f3n para la&nbsp;CTeI para ambiente y desarrollo sostenible del SGR para proyectos de investigaci\u00f3n, desarrollo e innovaci\u00f3n y fortalecimiento de centros de investigaci\u00f3n para el ambiente y el desarrollo sostenible en las regiones<\/span><\/p>\n\n\n\n<h3 class=\"wp-block-heading\"><strong><span>OBJETIVOS<\/span><\/strong><\/h3>\n\n\n\n<p><span class=\"post-content__span\"> Conformar un listado de proyectos elegibles de investigaci\u00f3n, desarrollo tecnol\u00f3gico e innovaci\u00f3n y fortalecimiento de capacidades de centros de investigaci\u00f3n para la generaci\u00f3n de nuevo conocimiento en tem\u00e1ticas ambientales y desarrollo sostenible en las regiones.<\/p>\n\n\n\n<p><span class=\"post-content__span\"> <strong>Objetivos espec\u00edficos<\/strong><\/p>\n\n\n\n<p><span class=\"post-content__span\"> \u25cf Conformar un listado de proyectos elegibles de investigaci\u00f3n, desarrollo tecnol\u00f3gico e innovaci\u00f3n para el ambiente y el desarrollo sostenible en las regiones.<\/p>\n\n\n\n<p><span class=\"post-content__span\"> \u25cf Conformar un listado de proyectos elegibles orientados al fortalecimiento de Centros de Investigaci\u00f3n pertenecientes al SINA o a entidades adscritas, vinculadas o que brindan apoyo cient\u00edfico y t\u00e9cnico al Ministerio de Ambiente y Desarrollo Sostenible para dinamizar la generaci\u00f3n, uso y transferencia del conocimiento en los territorios en las \u00e1reas de ambiente y desarrollo sostenible.&nbsp;<\/p>\n\n\n\n<h3 class=\"wp-block-heading\"><strong>MECANISMOS DE PARTICIPACI\u00d3N<\/strong><\/h3>\n\n\n\n<p><span class=\"post-content__span\"> Los proyectos que se presenten en esta convocatoria deber\u00e1n registrarse en uno de los siguientes mecanismos de participaci\u00f3n.<\/p>\n\n\n\n<ul class=\"wp-block-list\">\n<li><strong>Mecanismo de participaci\u00f3n 1. <\/strong>Proyectos en investigaci\u00f3n, desarrollo tecnol\u00f3gico e innovaci\u00f3n para el ambiente y el desarrollo sostenible de las regiones.<\/li>\n\n\n\n<li><strong>Mecanismo de participaci\u00f3n 2.<\/strong> Proyectos para el Fortalecimiento de Centros de Investigaci\u00f3n para el fomento de la generaci\u00f3n de conocimiento en tem\u00e1ticas de ambiente y desarrollo sostenible.<\/li>\n<\/ul>\n\n\n\n<p><span class=\"post-content__span\"> <strong>Nota: <\/strong>Las condiciones de cada uno de los mecanismos de participaci\u00f3n deben ser consultadas en los documentos de condiciones espec\u00edficas para el mecanismo de participaci\u00f3n al que aplique, documentos que hacen parte integral de los t\u00e9rminos de referencia de la presente convocatoria<\/p>\n\n\n\n<h3 class=\"wp-block-heading\"><strong>DEMANDAS TERRITORIALES<\/strong><\/h3>\n\n\n\n<p><span class=\"post-content__span\"> Los proyectos presentados en esta convocatoria deben atender a las demandas territoriales definidas por los CODECTI, que se encuentran registradas en el Plan de Convocatorias 2021-2022 para la l\u00ednea de CTeI en Ambiente y Desarrollo Sostenible. Enti\u00e9ndase por demandas territoriales los problemas, las necesidades o las oportunidades que puedan ser solucionadas o transformadas mediante la ciencia, la tecnolog\u00eda y la innovaci\u00f3n en los territorios, en atenci\u00f3n a lo dispuesto en el art\u00edculo 52 de la Ley 2056 de 2020 y, el numeral 7 del art\u00edculo 1.2.3.1.1 del Decreto 1821 de 2020. En ese sentido, los proponentes deber\u00e1n consultar el \u201cLISTADO DE DEMANDAS TERRITORIALES\u201d en los documentos de condiciones espec\u00edficas para el mecanismo de participaci\u00f3n en el que quieran participar<\/p>\n\n\n\n<h3 class=\"wp-block-heading\"><strong>DURACI\u00d3N Y FINANCIACI\u00d3N<\/strong><\/h3>\n\n\n\n<ul class=\"wp-block-list\">\n<li><strong>Mecanismo de participaci\u00f3n 1.&nbsp;<\/strong><\/li>\n<\/ul>\n\n\n\n<p><span class=\"post-content__span\"> <strong>Plazo de ejecuci\u00f3n:<\/strong> El t\u00e9rmino de duraci\u00f3n m\u00e1ximo de los proyectos a financiar ser\u00e1 de hasta treinta y seis (36) meses.<\/p>\n\n\n\n<p><span class=\"post-content__span\"> <strong>Financiaci\u00f3n:<\/strong> Para el presente mecanismo de participaci\u00f3n se asigna un monto de CUARENTA Y UN MIL MILLONES DE PESOS M\/CTE ($ 41.000.000.000) provenientes de los recursos del Sistema General de Regal\u00edas.&nbsp;<\/p>\n\n\n\n<p><span class=\"post-content__span\"> El monto m\u00ednimo a solicitar por proyecto deber\u00e1 ser de $3.000 millones hasta el total del monto indicativo de la regi\u00f3n del SGR a la que soliciten los recursos.&nbsp;&nbsp;<\/p>\n\n\n\n<ul class=\"wp-block-list\">\n<li><strong>Mecanismo de participaci\u00f3n 2.&nbsp;<\/strong><\/li>\n<\/ul>\n\n\n\n<p><span class=\"post-content__span\"> <strong>Plazo de ejecuci\u00f3n:<\/strong> El t\u00e9rmino de duraci\u00f3n m\u00e1ximo de los proyectos a financiar ser\u00e1 de hasta treinta y seis (36) meses.&nbsp;&nbsp;<\/p>\n\n\n\n<p><span class=\"post-content__span\"> <strong>Financiaci\u00f3n: <\/strong>Para la presente convocatoria se asigna un monto de VEINTE MIL MILLONES DE PESOS M\/CTE.($20.000.000.000) provenientes de Asignaci\u00f3n de CTeI para Ambiente y Desarrollo Sostenible del SGR 2021- 2022.<\/p>\n\n\n\n<p><span class=\"post-content__span\"> Los proyectos podr\u00e1n solicitar recursos al SGR desde $6.500 millones hasta $20.000 millones de pesos para atender las demandas territoriales de uno (1) hasta la totalidad de los 32 Departamentos y el Distrito capital habilitados para el presente mecanismo de participaci\u00f3n.&nbsp;<\/p>\n\n\n\n<h3 class=\"wp-block-heading\"><strong>REQUISITOS<\/strong><\/h3>\n\n\n\n<p><span class=\"post-content__span\"> Los requisitos para participar en la presente convocatoria son:<\/p>\n\n\n\n<p><span class=\"post-content__span\"> 1. Inscribir el proyecto en el Sistema Integrado de Gesti\u00f3n de Proyectos &#8211; SIGP, el cual se debe ajustar al objetivo de la convocatoria. El proyecto deber\u00e1 contener la informaci\u00f3n requerida en el numeral 7-CONTENIDO DEL PROYECTO.<\/p>\n\n\n\n<p><span class=\"post-content__span\"> 2. Cumplir con las especificaciones del \u201cDirigido A\u201d establecido para el mecanismo de participaci\u00f3n al que se postule.<\/p>\n\n\n\n<p><span class=\"post-content__span\"> 3. En el caso de que el proyecto no contemple alianza la entidad deber\u00e1 anexar \u201cCarta de aval y compromiso institucional\u201d firmada por el representante legal o apoderado (Anexo 1a). En cualquier caso, deber\u00e1n anexarse el\/los documento(s) que lo(s) acrediten y faculten.<\/p>\n\n\n\n<p><span class=\"post-content__span\"> 4. En el caso de proyectos presentados en alianza, anexar \u201cCarta de aval, compromiso institucional unificada y Modelo de Gobernanza\u201d debidamente diligenciada y firmada por los representantes legales o apoderados de todas las entidades nacionales que la conformen (Anexo 1b). En cualquier caso, deber\u00e1n anexarse el\/los documento(s) que lo(s) acrediten y faculten.<\/p>\n\n\n\n<p><span class=\"post-content__span\"> 5. Adjuntar el documento t\u00e9cnico de acuerdo con el contenido del proyecto indicado en el numeral 7- CONTENIDO DEL PROYECTO, subnumeral 7.1.(Anexo 2).&nbsp;&nbsp;&nbsp;<\/p>\n\n\n\n<p><span class=\"post-content__span\"> 6. Adjuntar el presupuesto del proyecto de acuerdo con lo establecido en el numeral 7-CONTENIDO DEL PROYECTO, subnumeral 7.2. (Anexo 3), el cual debe cumplir con las condiciones establecidas en el numeral &#8211; DURACI\u00d3N Y FINANCIACI\u00d3N.<\/p>\n\n\n\n<p><span class=\"post-content__span\"> 7. Adjuntar el formato de \u201cProyectos de CTeI gestionados, ejecutados o en ejecuci\u00f3n del proponente e integrantes de la alianza\u201d (Anexo 5), debidamente diligenciado, atendiendo a lo dispuesto en las condiciones de participaci\u00f3n.<\/p>\n\n\n\n<h3 class=\"wp-block-heading\"><strong>AVAL DEL COMIT\u00c9 DE BIO\u00c9TICA<\/strong><\/h3>\n\n\n\n<p><span class=\"post-content__span\"> Presentar concepto de un comit\u00e9 de \u00e9tica\/bio\u00e9tica, donde se especifique que la propuesta ha sido revisada y avalada. En caso de que ninguna de las instituciones que conforman la Alianza cuenten con un comit\u00e9 de \u00e9tica, se podr\u00e1 solicitar el concepto ante otra entidad que s\u00ed cuente con uno. Se debe anexar a este aval, el acto administrativo que soporta la conformaci\u00f3n del Comit\u00e9 de \u00e9tica o de Bio\u00e9tica que lo expide.&nbsp;&nbsp;<\/p>\n\n\n\n<p><span class=\"post-content__span\"> Por lo anterior, tenga en cuenta el cronograma de reuniones del CBE &#8211; UTP\u00a0<strong><a href=\"https:\/\/vicerrectorias.utp.edu.co\/viie\/sin-categoria\/comite-de-bioetica\/\">[VER]<\/a>\u00a0<\/strong><\/p>\n\n\n\n<h3 class=\"wp-block-heading\"><strong>CRONOGRAMA<\/strong><\/h3>\n\n\n\n<ul class=\"wp-block-list\">\n<li><strong>FECHA M\u00c1XIMA AVAL INSTITUCIONAL:&nbsp;<\/strong>Viernes. 23 de septiembre de 2022 hasta las 6:00 p.m<\/li>\n\n\n\n<li><strong>PROCEDIMIENTO SOLICITUD DE AVAL INSTITUCIONAL:\u00a0<\/strong><a href=\"https:\/\/vicerrectorias.utp.edu.co\/viie\/sin-categoria\/solicitud-aval-institucional-para-la-participacion-en-convocatorias-externas-de-investigacion\/\">\u200bVER<\/a><\/li>\n\n\n\n<li><strong>INSCRIPCI\u00d3N&nbsp;PLATAFORMA&nbsp;SIGP:<a href=\"http:\/\/xn--inscripcin%20plataforma%20sigp-e6c\/\">&nbsp;<\/a><\/strong><a href=\"https:\/\/plataformasigp.minciencias.gov.co:7003\/FormularioProyectos\/faces\/proyecto\/crear.xhtml?faces-redirect=true\">https:\/\/plataformasigp.minciencias.gov.co:7003\/FormularioProyectos\/faces\/proyecto\/crear.xhtml?faces-redirect=true<\/a><\/li>\n<\/ul>\n\n\n\n<p><span class=\"post-content__span\"> <strong>NOTA:&nbsp;<\/strong>Para mayor informaci\u00f3n recomendamos revisar los t\u00e9rminos de referencia completos&nbsp;con el fin de evitar errores a la hora de la postulaci\u00f3n&nbsp;<a href=\"https:\/\/minciencias.gov.co\/convocatorias\/plan-convocatorias-asctei-2021-2022\/convocatoria-asignacion-para-la-ctei-para-ambiente\"><strong>[VER]<\/strong>.<\/a><\/p>\n\n\n\n<h3 class=\"wp-block-heading\"><span><strong>CONTACTO<\/strong><\/span><\/h3>\n\n\n\n<p><span class=\"post-content__span\"> Inquietudes al correo&nbsp;<a href=\"http:\/\/investigaciones@utp.edu.co\/\">investigaciones@utp.edu.co<\/a><\/p>\n\n\n\n<p><span class=\"post-content__span\"> <strong>Tel\u00e9fono<\/strong>:&nbsp;313 7300&nbsp;<strong>EXT<\/strong>&nbsp;7309 -7789<\/p>\n","protected":false},"excerpt":{"rendered":"<p>La Universidad Tecnol\u00f3gica de Pereira y la Vicerrector\u00eda de Investigaciones, Innovaci\u00f3n y Extensi\u00f3n invitan a participar en la&nbsp;Convocatoria No. 31&nbsp;de&nbsp;asignaci\u00f3n para la&nbsp;CTeI para ambiente y desarrollo sostenible del SGR para [&#8230;]<\/p>\n","protected":false},"author":0,"featured_media":0,"comment_status":"closed","ping_status":"closed","sticky":false,"template":"","format":"standard","meta":{"footnotes":""},"categories":[7],"tags":[],"class_list":["post-5291","post","type-post","status-publish","format-standard","hentry","category-convocatorias"],"_links":{"self":[{"href":"https:\/\/vicerrectorias.utp.edu.co\/viie\/wp-json\/wp\/v2\/posts\/5291","targetHints":{"allow":["GET"]}}],"collection":[{"href":"https:\/\/vicerrectorias.utp.edu.co\/viie\/wp-json\/wp\/v2\/posts"}],"about":[{"href":"https:\/\/vicerrectorias.utp.edu.co\/viie\/wp-json\/wp\/v2\/types\/post"}],"replies":[{"embeddable":true,"href":"https:\/\/vicerrectorias.utp.edu.co\/viie\/wp-json\/wp\/v2\/comments?post=5291"}],"version-history":[{"count":3,"href":"https:\/\/vicerrectorias.utp.edu.co\/viie\/wp-json\/wp\/v2\/posts\/5291\/revisions"}],"predecessor-version":[{"id":11488,"href":"https:\/\/vicerrectorias.utp.edu.co\/viie\/wp-json\/wp\/v2\/posts\/5291\/revisions\/11488"}],"wp:attachment":[{"href":"https:\/\/vicerrectorias.utp.edu.co\/viie\/wp-json\/wp\/v2\/media?parent=5291"}],"wp:term":[{"taxonomy":"category","embeddable":true,"href":"https:\/\/vicerrectorias.utp.edu.co\/viie\/wp-json\/wp\/v2\/categories?post=5291"},{"taxonomy":"post_tag","embeddable":true,"href":"https:\/\/vicerrectorias.utp.edu.co\/viie\/wp-json\/wp\/v2\/tags?post=5291"}],"curies":[{"name":"wp","href":"https:\/\/api.w.org\/{rel}","templated":true}]}}