{"id":5201,"date":"2022-06-29T11:28:07","date_gmt":"2022-06-29T09:28:07","guid":{"rendered":""},"modified":"2023-11-28T16:59:13","modified_gmt":"2023-11-28T15:59:13","slug":"convocatoria-28-de-la-asignacion-para-la-ctei-del-sgr-para-la-conformacion-de-un-listado-de-propuestas-de-proyecto-elegibles-enfocados-en-la-implement","status":"publish","type":"post","link":"https:\/\/vicerrectorias.utp.edu.co\/viie\/convocatoria-28-de-la-asignacion-para-la-ctei-del-sgr-para-la-conformacion-de-un-listado-de-propuestas-de-proyecto-elegibles-enfocados-en-la-implement\/","title":{"rendered":"CONVOCATORIA 28 DE LA ASIGNACI\u00d3N PARA LA CTEI DEL SGR PARA LA CONFORMACI\u00d3N DE UN LISTADO DE PROPUESTAS DE PROYECTO ELEGIBLES ENFOCADOS EN LA IMPLEMENT"},"content":{"rendered":"\n<figure class=\"wp-block-image is-resized\"><img loading=\"lazy\" decoding=\"async\" src=\"https:\/\/media2.utp.edu.co\/imagenes\/28.png\" alt=\"\" style=\"width:811px;height:811px\" width=\"811\" height=\"811\"\/><\/figure>\n\n\n\n<p><span class=\"post-content__span\"> <span>La Universidad Tecnol\u00f3gica de Pereira y la Vicerrector\u00eda de Investigaciones, Innovaci\u00f3n y Extensi\u00f3n invitan a participar en la&nbsp;<\/span>Convocatoria 28 de la asignaci\u00f3n para la CTeI del SGR para la conformaci\u00f3n de un listado de propuestas de proyecto elegibles enfocados en la implementaci\u00f3n de las recomendaciones de la Misi\u00f3n de Sabios 2019 para el foco: Ciencias b\u00e1sicas y del espacio<\/p>\n\n\n\n<h3 class=\"wp-block-heading\"><strong>OBJETIVO<\/strong><\/h3>\n\n\n\n<p><span class=\"post-content__span\"> Conformar un listado de propuestas de proyecto elegibles que contribuya a la implementaci\u00f3n de las recomendaciones establecidas por la Misi\u00f3n de Sabios en el Foco de Ciencias B\u00e1sicas y del Espacio.<\/p>\n\n\n\n<h3 class=\"wp-block-heading\"><strong>DIRIGIDO A<\/strong><\/h3>\n\n\n\n<p><span class=\"post-content__span\"> La presente convocatoria est\u00e1 dirigida a entidades del Sistema Nacional de Ciencia, Tecnolog\u00eda e Innovaci\u00f3n SNCTI quienes se podr\u00e1n presentar de manera individual o en alianza, seg\u00fan lo dispuesto en estos t\u00e9rminos de referencia.<\/p>\n\n\n\n<p><span class=\"post-content__span\"> Para efectos de la participaci\u00f3n, los proponentes y aliados (cuando aplique) que presenten propuestas de proyectos deber\u00e1n cumplir con alguno de los literales establecidos en el art\u00edculo 1.2.3.2.2 del Decreto 1821 de 2020.<\/p>\n\n\n\n<p><span class=\"post-content__span\"> <strong>Notas:<\/strong><\/p>\n\n\n\n<p><span class=\"post-content__span\"> \u2022 La entidad proponente o sus aliados (cuando aplique) debe contar con al menos un (1) grupo de I+D+i reconocido por MINCIENCIAS a la fecha de apertura de la convocatoria en las \u00e1reas de ciencias b\u00e1sicas, ciencias espaciales o astronom\u00eda de acuerdo al alcance de la l\u00ednea tem\u00e1tica (Anexo 10).<\/p>\n\n\n\n<p><span class=\"post-content__span\"> \u2022 La entidad proponente o sus aliados (cuando aplique) deber\u00e1 demostrar experiencia en la gesti\u00f3n y ejecuci\u00f3n de al menos un (1) proyecto de Ciencia, Tecnolog\u00eda e Innovaci\u00f3n en los \u00faltimos cinco (5) a\u00f1os relacionado(s) con la tem\u00e1tica a la cual aplique o demostrar experiencia en la ejecuci\u00f3n de al menos un (1) proyecto aprobado con recursos de CTeI del SGR relacionado(s) con la tem\u00e1tica a la cual aplique. Lo anterior deber\u00e1 registrarse en el formato de \u201cProyectos de CTeI gestionados, ejecutados o en ejecuci\u00f3n del proponente e integrantes de la alianza\u201d (Anexo 5) seg\u00fan las condiciones establecidas en el requisito 6.7.<\/p>\n\n\n\n<p><span class=\"post-content__span\"> \u2022 Para la tem\u00e1tica No.3 -Ciencias Espaciales-, se deber\u00e1 incluir en calidad de proponente o aliado un observatorio astron\u00f3mico2.<\/p>\n\n\n\n<h3 class=\"wp-block-heading\"><strong>L\u00cdNEAS TEM\u00c1TICAS<\/strong><\/h3>\n\n\n\n<p><span class=\"post-content__span\"> Las tem\u00e1ticas priorizadas para esta convocatoria se derivan de las propuestas realizadas por el foco de Ciencias B\u00e1sicas y del Espacio de la Misi\u00f3n Internacional de Sabios 2019, en las que se realiz\u00f3 un proceso de identificaci\u00f3n de \u00e1reas y tem\u00e1ticas relevantes, para trazar una hoja de ruta que permita el avance de la Ciencia, la Tecnolog\u00eda y la Innovaci\u00f3n como motores para el desarrollo del pa\u00eds.<\/p>\n\n\n\n<p><span class=\"post-content__span\"> En este sentido, se esperan propuestas de proyecto abordadas desde la investigaci\u00f3n b\u00e1sica, aplicada y el desarrollo tecnol\u00f3gico, que involucren diferentes disciplinas y que generen resultados tangibles, verificables y que puedan derivar en productos con potencial de transferencia de resultados a diferentes grupos de inter\u00e9s. Para ello, las propuestas deber\u00e1n estar enfocadas en una de las siguientes tem\u00e1ticas:<\/p>\n\n\n\n<p><span class=\"post-content__span\"> <strong>1. Segunda Revoluci\u00f3n Cu\u00e1ntica:&nbsp;<\/strong><\/p>\n\n\n\n<p><span class=\"post-content__span\"> Aprovechamiento de la mec\u00e1nica cu\u00e1ntica para manipulaci\u00f3n del mundo f\u00edsico y creaci\u00f3n de estados cu\u00e1nticos \u00fatiles para procesos espec\u00edficos, que permitan la generaci\u00f3n de nuevas tecnolog\u00edas cu\u00e1nticas con aplicaciones en relojes at\u00f3micos ultra precisos, sensores para diagn\u00f3sticos m\u00e9dicos, nuevas formas de inteligencia artificial, desarrollo de supercomputadores, sistemas de comunicaci\u00f3n, sensores y dispositivos metrol\u00f3gicos compactos, entre otros. En esta l\u00ednea tem\u00e1tica se podr\u00e1 desarrollar investigaci\u00f3n en las siguientes \u00e1reas:<\/p>\n\n\n\n<ul class=\"wp-block-list\">\n<li>Algoritmos cu\u00e1nticos.<\/li>\n\n\n\n<li>Computaci\u00f3n cu\u00e1ntica.<\/li>\n\n\n\n<li>Metrolog\u00eda cu\u00e1ntica.<\/li>\n\n\n\n<li>Circuitos cu\u00e1nticos.<\/li>\n\n\n\n<li>Redes cu\u00e1nticas.<\/li>\n<\/ul>\n\n\n\n<p><span class=\"post-content__span\"> <strong>2. Impacto de las Ciencias B\u00e1sicas en el ambiente.<\/strong><\/p>\n\n\n\n<p><span class=\"post-content__span\"> Investigaci\u00f3n en ciencias b\u00e1sicas como soporte para de desarrollo de energ\u00edas limpias, conocimiento de biodiversidad y su uso sustentable, estudios b\u00e1sicos para establecimiento de nuevas t\u00e9cnicas y procesos de remediaci\u00f3n ambiental, desarrollo de nuevos catalizadores para carros el\u00e9ctricos y desarrollo de agricultura ecol\u00f3gica entre otros, que permitan mantener un medio ambiente m\u00e1s limpio y mejorar la calidad de vida de las comunidades, de las regiones y de la naci\u00f3n. En esta l\u00ednea tem\u00e1tica se podr\u00e1 desarrollar investigaci\u00f3n en las siguientes \u00e1reas:<\/p>\n\n\n\n<ul class=\"wp-block-list\">\n<li>Ecolog\u00eda del paisaje<\/li>\n\n\n\n<li>Ecolog\u00eda del fuego<\/li>\n\n\n\n<li>Conservaci\u00f3n de biodiversidad<\/li>\n\n\n\n<li>Manejo de paisajes funcionales<\/li>\n\n\n\n<li>Bioprospecci\u00f3n<\/li>\n\n\n\n<li>Cat\u00e1lisis<\/li>\n\n\n\n<li>Qu\u00edmica verde<\/li>\n\n\n\n<li>Qu\u00edmica de alimentos<\/li>\n\n\n\n<li>Ecolog\u00eda qu\u00edmica<\/li>\n\n\n\n<li>Qu\u00edmica Ambiental<\/li>\n\n\n\n<li>Hidrogeolog\u00eda<\/li>\n\n\n\n<li>Geoqu\u00edmica, Geolog\u00eda de suelos, geolog\u00eda ambiental.<\/li>\n\n\n\n<li>Recursos renovables y no renovables.<\/li>\n<\/ul>\n\n\n\n<p><span class=\"post-content__span\"> <strong>3. Ciencias Espaciales<\/strong><\/p>\n\n\n\n<p><span class=\"post-content__span\"> Desarrollo de investigaciones para la generaci\u00f3n de conocimiento, soporte y fortalecimiento de infraestructura para investigaci\u00f3n en ciencias espaciales, que permitan mejorar la productividad, la diversificaci\u00f3n y la sofisticaci\u00f3n del aparato productivo colombiano en l\u00ednea con las necesidades territoriales en materia de CTeI.&nbsp;<\/p>\n\n\n\n<p><span class=\"post-content__span\"> A trav\u00e9s de investigaci\u00f3n en las l\u00edneas tem\u00e1ticas expuestas a continuaci\u00f3n, se deber\u00e1 dotar y fortalecer la infraestructura f\u00edsica para investigaci\u00f3n en al menos un observatorio astron\u00f3mico del pa\u00eds:<\/p>\n\n\n\n<ul class=\"wp-block-list\">\n<li>Mando y control<\/li>\n\n\n\n<li>Manufactura de sat\u00e9lites y desarrollo de equipos de tierra<\/li>\n\n\n\n<li>Observaci\u00f3n de la tierra<\/li>\n\n\n\n<li>Astrof\u00edsica<\/li>\n\n\n\n<li>Astrometr\u00eda, Instrumentaci\u00f3n y T\u00e9cnicas observacionales<\/li>\n<\/ul>\n\n\n\n<h3 class=\"wp-block-heading\"><strong>DURACI\u00d3N Y FINANCIACI\u00d3N<\/strong><\/h3>\n\n\n\n<p><span class=\"post-content__span\"> <strong>Plazo de ejecuci\u00f3n:<\/strong> El t\u00e9rmino de duraci\u00f3n m\u00e1ximo de las propuestas a financiar ser\u00e1 de hasta treinta y seis (36) meses.<\/p>\n\n\n\n<p><span class=\"post-content__span\"> <strong>Financiaci\u00f3n:<\/strong> Para la presente convocatoria se asigna un monto de TREINTA MIL MILLONES DE PESOS M\/CTE ($ 30.000.000.000) de la Asignaci\u00f3n para la CTeI del SGR 2021- 2022.<\/p>\n\n\n\n<p><span class=\"post-content__span\"> Las propuestas podr\u00e1n solicitar al SGR los siguientes montos seg\u00fan la tem\u00e1tica de la propuesta de proyecto:<\/p>\n\n\n\n<ul class=\"wp-block-list\">\n<li><strong>Tem\u00e1tica 1:<\/strong> $10.000 millones. Propuestas deber\u00e1n solicitar al SGR desde $4.000 hasta $10.000 millones<\/li>\n\n\n\n<li><strong>Tem\u00e1tica 2<\/strong>: $10.000 millones. Propuestas deber\u00e1n solicitar al SGR desde $4.000 hasta $10.000 millones<\/li>\n\n\n\n<li><strong>Tem\u00e1tica 3:<\/strong> $10.000 millones. Propuestas deber\u00e1n solicitar al SGR desde $9.000 hasta $10.000 millones.<\/li>\n<\/ul>\n\n\n\n<h3 class=\"wp-block-heading\"><strong>REQUISITOS<\/strong><\/h3>\n\n\n\n<p><span class=\"post-content__span\"> Los requisitos para participar en la presente convocatoria son:<\/p>\n\n\n\n<ol class=\"wp-block-list\">\n<li>Inscribir la propuesta de proyecto en el Sistema Integrado de Gesti\u00f3n de Proyectos &#8211; SIGP, el cual se debe ajustar al objetivo de la convocatoria. La propuesta deber\u00e1 contener la informaci\u00f3n requerida en el numeral 8-CONTENIDO DE LA PROPUESTA DE PROYECTO.<\/li>\n\n\n\n<li>Cumplir con las especificaciones del \u201cDirigido A\u201d establecido.<\/li>\n\n\n\n<li>En el caso de propuestas de proyectos que \u00fanicamente incluyan una (1) entidad, anexar \u201cCarta de aval y compromiso institucional\u201d firmada por el representante legal o apoderado (Anexo 1a). En cualquier caso, deber\u00e1n anexarse el\/los documento(s) que lo(s) acrediten y faculten<\/li>\n\n\n\n<li>En el caso de propuestas de proyecto presentadas en alianza, anexar \u201cCarta de aval, compromiso institucional unificada y Modelo de Gobernanza\u201d debidamente diligenciada y firmada por los representantes legales o apoderados&nbsp;de todas las entidades nacionales que la conformen (Anexo 1b)<\/li>\n\n\n\n<li>Adjuntar el documento t\u00e9cnico de acuerdo con el contenido indicado en el numeral 8-CONTENIDO DE LA PROPUESTA DE PROYECTO<\/li>\n\n\n\n<li>Adjuntar el presupuesto requerido de acuerdo con lo establecido en el numeral 8-CONTENIDO DE LA PROPUESTA DE PROYECTO, subnumeral 8.2. (Anexo 3),<\/li>\n\n\n\n<li>Adjuntar el formato de \u201cProyectos de CTeI gestionados, ejecutados o en ejecuci\u00f3n del proponente e integrantes de la alianza\u201d (Anexo 5),<\/li>\n\n\n\n<li>Para el caso de las entidades internacionales que formen parte de la propuesta, se deber\u00e1 anexar carta de intenci\u00f3n de participaci\u00f3n en la propuesta, suscrita por el director del instituto, centro, escuela, departamento o grupo de investigaci\u00f3n de la instituci\u00f3n internacional.<\/li>\n<\/ol>\n\n\n\n<h3 class=\"wp-block-heading\"><span><strong>AVAL DEL COMIT\u00c9 DE BIO\u00c9TICA<\/strong><\/span><\/h3>\n\n\n\n<p><span class=\"post-content__span\"> Presentar concepto de un comit\u00e9 de \u00e9tica\/bio\u00e9tica, donde se especifique que la propuesta ha sido revisada y avalada. En caso de que ninguna de las instituciones que conforman la Alianza cuenten con un comit\u00e9 de \u00e9tica, se podr\u00e1 solicitar el concepto ante otra entidad que s\u00ed cuente con uno. Se debe anexar a este aval, el acto administrativo que soporta la conformaci\u00f3n del Comit\u00e9 de \u00e9tica o de Bio\u00e9tica que lo expide.&nbsp;&nbsp;<\/p>\n\n\n\n<p><span class=\"post-content__span\"> Por lo anterior, tenga en cuenta el cronograma de reuniones del CBE &#8211; UTP\u00a0<strong><a href=\"https:\/\/vicerrectorias.utp.edu.co\/viie\/sin-categoria\/comite-de-bioetica\/\">[VER]<\/a>\u00a0<\/strong>con el fin de evitar contratiempos:<\/p>\n\n\n\n<h3 class=\"wp-block-heading\"><strong>CRONOGRAMA<\/strong><\/h3>\n\n\n\n<ul class=\"wp-block-list\">\n<li><strong>FECHA M\u00c1XIMA AVAL INSTITUCIONAL:&nbsp;<\/strong>Viernes, 22 de julio&nbsp;de 2022 hasta las 6:00 p.m<\/li>\n\n\n\n<li><strong>PROCEDIMIENTO SOLICITUD DE AVAL INSTITUCIONAL:\u00a0<\/strong><a href=\"https:\/\/vicerrectorias.utp.edu.co\/viie\/sin-categoria\/solicitud-aval-institucional-para-la-participacion-en-convocatorias-externas-de-investigacion\/\">\u200bVER<\/a><\/li>\n\n\n\n<li><strong>INSCRIPCI\u00d3N PLATAFORMA&nbsp;SIGP:<a href=\"http:\/\/xn--inscripcin%20plataforma%20sigp-e6c\/\">&nbsp;<\/a><\/strong><a href=\"http:\/\/xn--inscripcin%20plataforma%20sigp-e6c\/\">https:\/\/plataformasigp.minciencias.gov.co:7003\/FormularioProyectos\/<\/a><\/li>\n<\/ul>\n\n\n\n<p><span class=\"post-content__span\"> <strong>NOTA:&nbsp;<\/strong>Para mayor informaci\u00f3n recomendamos revisar los t\u00e9rminos de referencia completos&nbsp;con el fin de evitar errores a la hora de la postulaci\u00f3n&nbsp;<a href=\"https:\/\/minciencias.gov.co\/convocatorias\/plan-convocatorias-asctei-2021-2022\/convocatoria-la-asignacion-para-la-ctei-del-sgr-11\"><span>&nbsp;<\/span><strong>[VER]<\/strong><span>.<\/span><\/a><\/p>\n\n\n\n<h3 class=\"wp-block-heading\"><span><strong>CONTACTO<\/strong><\/span><\/h3>\n\n\n\n<p><span class=\"post-content__span\"> Inquietudes al correo&nbsp;<a href=\"http:\/\/investigaciones@utp.edu.co\/\">investigaciones@utp.edu.co<\/a><\/p>\n\n\n\n<p><span class=\"post-content__span\"> <strong>Tel\u00e9fono<\/strong>:&nbsp;313 7300&nbsp;<strong>EXT<\/strong>&nbsp;7309 -7789<\/p>\n","protected":false},"excerpt":{"rendered":"<p>La Universidad Tecnol\u00f3gica de Pereira y la Vicerrector\u00eda de Investigaciones, Innovaci\u00f3n y Extensi\u00f3n invitan a participar en la&nbsp;Convocatoria 28 de la asignaci\u00f3n para la CTeI del SGR para la conformaci\u00f3n [&#8230;]<\/p>\n","protected":false},"author":0,"featured_media":0,"comment_status":"closed","ping_status":"closed","sticky":false,"template":"","format":"standard","meta":{"footnotes":""},"categories":[7],"tags":[],"class_list":["post-5201","post","type-post","status-publish","format-standard","hentry","category-convocatorias"],"_links":{"self":[{"href":"https:\/\/vicerrectorias.utp.edu.co\/viie\/wp-json\/wp\/v2\/posts\/5201","targetHints":{"allow":["GET"]}}],"collection":[{"href":"https:\/\/vicerrectorias.utp.edu.co\/viie\/wp-json\/wp\/v2\/posts"}],"about":[{"href":"https:\/\/vicerrectorias.utp.edu.co\/viie\/wp-json\/wp\/v2\/types\/post"}],"replies":[{"embeddable":true,"href":"https:\/\/vicerrectorias.utp.edu.co\/viie\/wp-json\/wp\/v2\/comments?post=5201"}],"version-history":[{"count":3,"href":"https:\/\/vicerrectorias.utp.edu.co\/viie\/wp-json\/wp\/v2\/posts\/5201\/revisions"}],"predecessor-version":[{"id":11492,"href":"https:\/\/vicerrectorias.utp.edu.co\/viie\/wp-json\/wp\/v2\/posts\/5201\/revisions\/11492"}],"wp:attachment":[{"href":"https:\/\/vicerrectorias.utp.edu.co\/viie\/wp-json\/wp\/v2\/media?parent=5201"}],"wp:term":[{"taxonomy":"category","embeddable":true,"href":"https:\/\/vicerrectorias.utp.edu.co\/viie\/wp-json\/wp\/v2\/categories?post=5201"},{"taxonomy":"post_tag","embeddable":true,"href":"https:\/\/vicerrectorias.utp.edu.co\/viie\/wp-json\/wp\/v2\/tags?post=5201"}],"curies":[{"name":"wp","href":"https:\/\/api.w.org\/{rel}","templated":true}]}}