{"id":5191,"date":"2022-06-29T10:33:17","date_gmt":"2022-06-29T08:33:17","guid":{"rendered":""},"modified":"2023-11-28T17:06:14","modified_gmt":"2023-11-28T16:06:14","slug":"convocatoria-931-fortalecimiento-actores-industria-hidrocarburos","status":"publish","type":"post","link":"https:\/\/vicerrectorias.utp.edu.co\/viie\/convocatoria-931-fortalecimiento-actores-industria-hidrocarburos\/","title":{"rendered":"CONVOCATORIA 931 FORTALECIMIENTO ACTORES INDUSTRIA HIDROCARBUROS"},"content":{"rendered":"<div class=\"wp-block-image\">\n<figure class=\"aligncenter is-resized\"><img loading=\"lazy\" decoding=\"async\" src=\"https:\/\/media2.utp.edu.co\/imagenes\/931.png\" alt=\"\" style=\"width:540px;height:540px\" width=\"540\" height=\"540\"\/><\/figure>\n<\/div>\n\n\n<p><span class=\"post-content__span\"> <span>La Universidad Tecnol\u00f3gica de Pereira y la Vicerrector\u00eda de Investigaciones, Innovaci\u00f3n y Extensi\u00f3n invitan a participar en la&nbsp;Convocatoria 931 Fortalecimiento actores industria hidrocarburos.<\/span><\/p>\n\n\n\n<h3 class=\"wp-block-heading\"><strong>OBJETIVO<\/strong><\/h3>\n\n\n\n<p><span class=\"post-content__span\"> Fortalecer las capacidades en investigaci\u00f3n en \u00e1reas relacionadas con el sector de los hidrocarburos en Colombia, a trav\u00e9s de la financiaci\u00f3n de proyectos de I+D+i, as\u00ed como la vinculaci\u00f3n de J\u00f3venes Investigadores e Innovadores, que permitan la generaci\u00f3n de nuevo conocimiento geocient\u00edfico del sector de hidrocarburos, el aprovechamiento sostenible del recurso hidrocarbur\u00edfero y el fomento de vocaciones cient\u00edficas en el \u00e1rea de geociencias afines al sector de hidrocarburos.&nbsp;<\/p>\n\n\n\n<h3 class=\"wp-block-heading\"><strong>DIRIGIDA A<\/strong><\/h3>\n\n\n\n<p><span class=\"post-content__span\"> <strong>MODALIDADES 1 y 2:<\/strong><\/p>\n\n\n\n<p><span class=\"post-content__span\"> Dirigido a Grupos de Investigaci\u00f3n, Desarrollo Tecnol\u00f3gico e Innovaci\u00f3n con reconocimiento vigente&nbsp;del MINISTERIO a la fecha de cierre de la presente convocatoria que se encuentren adscritos a entidades legalmente constituidas.&nbsp;<\/p>\n\n\n\n<p><span class=\"post-content__span\"> Los grupos se podr\u00e1n presentar bajo la figura de alianza estrat\u00e9gica, en la cual se podr\u00e1n vincular:&nbsp;<\/p>\n\n\n\n<ul class=\"wp-block-list\">\n<li>Otros Grupos de Investigaci\u00f3n, Desarrollo Tecnol\u00f3gico e Innovaci\u00f3n reconocidos a la fecha de cierre de la convocatoria.<\/li>\n\n\n\n<li>Otros actores del SNCTI, adscritos a entidades legalmente constituidas. Entre los actores del SNCTI se incluyen: Unidades Empresariales de I+D+i reconocidas, empresas, Centros e Institutos de Investigaci\u00f3n (CI), Centros de Desarrollo Tecnol\u00f3gico (CDT), Centros de Innovaci\u00f3n y Productividad (CIP), Incubadoras de Empresa de Base Tecnol\u00f3gica (IEBT), Organizaciones para el fomento del uso y apropiaci\u00f3n de la CTeI: Centros Regionales de Investigaci\u00f3n, Innovaci\u00f3n y Emprendimiento (CRIIE),<\/li>\n\n\n\n<li>Instituciones de Educaci\u00f3n Superior (IES), entidades del sector productivo o de servicios, entidades estatales, no gubernamentales, otras entidades legalmente constituidas y sociedad civil organizada.<\/li>\n\n\n\n<li>Instituciones de Educaci\u00f3n Superior o Centros de Investigaci\u00f3n o Desarrollo Tecnol\u00f3gico o Innovaci\u00f3n internacionales en calidad de entidades colaboradoras.<\/li>\n<\/ul>\n\n\n\n<p><span class=\"post-content__span\"> <strong>MODALIDAD 3:<\/strong><\/p>\n\n\n\n<p><span class=\"post-content__span\"> Dirigido a actores del Sistema Nacional de CTeI o entidades del Estado o Instituciones de Educaci\u00f3n Superior (IES), que cuenten con grupos de investigaci\u00f3n, desarrollo tecnol\u00f3gico o innovaci\u00f3n con reconocimiento vigente3 del MINISTERIO a la fecha de cierre de la presente convocatoria, interesados en vincular semilleros de investigaci\u00f3n, j\u00f3venes investigadores e innovadores de pregrado y reci\u00e9n graduados a propuestas de I+D+i relacionadas con alguna de las 23 cuencas sedimentarias definidas en el Mapa de Tierras de la ANH.&nbsp;<\/p>\n\n\n\n<h3 class=\"wp-block-heading\"><strong>LINEAS TEMATICAS&nbsp;<\/strong><\/h3>\n\n\n\n<p><span class=\"post-content__span\"> <strong>MODALIDAD 1<\/strong><\/p>\n\n\n\n<p><span class=\"post-content__span\"> <strong>1. Yacimientos No Convencionales. <\/strong>Para esta l\u00ednea tem\u00e1tica, se presentan las siguientes l\u00edneas de investigaci\u00f3n:<\/p>\n\n\n\n<ul class=\"wp-block-list\">\n<li>Identificaci\u00f3n del potencial de Yacimientos No Convencionales (especialmente shale gas) en las cuencas del Cesar Rancher\u00eda, Valle Medio del Magdalena, Cordillera, Valle Superior del Magdalena, y Catatumbo.<\/li>\n\n\n\n<li>Geomec\u00e1nica enfocada al desarrollo de Yacimientos No Convencionales<\/li>\n<\/ul>\n\n\n\n<p><span class=\"post-content__span\"> <strong>2.&nbsp;Exploraci\u00f3n de cuencas frontera y emergentes.<\/strong> Para esta l\u00ednea tem\u00e1tica, se presentan las siguientes l\u00edneas de investigaci\u00f3n:&nbsp;<\/p>\n\n\n\n<ul class=\"wp-block-list\">\n<li>Identificaci\u00f3n de oportunidades exploratorias para hidrocarburos en las siguientes cuencas frontera: Offshore Caribe, Offshore Pac\u00edfico, Choc\u00f3, Tumaco, Cauca Pat\u00eda, Cordillera, Urab\u00e1 y Amag\u00e1.<\/li>\n\n\n\n<li>Definici\u00f3n de trampas, reservorios y roca fuente para hidrocarburos en las cuencas emergentes y frontera, tanto Onshore, como Offshore de Colombia.<\/li>\n\n\n\n<li>Mejoramiento de datos s\u00edsmicos con algoritmos de alta tecnolog\u00eda, conducentes a resolver geometr\u00edas complejas del subsuelo, en cuencas emergentes y zonas con complejidad estructural y topogr\u00e1fica.<\/li>\n\n\n\n<li>Identificaci\u00f3n de oportunidades exploratorias en cuencas emergentes y frontera, usando t\u00e9cnicas como an\u00e1lisis de datos, inteligencia artificial y\/o Machine Learning entre otras.&nbsp;<\/li>\n\n\n\n<li>B\u00fasqueda de nuevos paradigmas en la exploraci\u00f3n de hidrocarburos en cuencas maduras.<\/li>\n<\/ul>\n\n\n\n<p><span class=\"post-content__span\"> <strong>Nota:<\/strong> En el caso que alguna(s) de la(s) l\u00ednea(s) de investigaci\u00f3n de las dos (2) l\u00edneas tem\u00e1ticas, no tenga(n) proyecto(s) elegible(s), se financiar\u00e1(n) proyecto(s) elegible(s) de otra(s) l\u00ednea(s) de investigaci\u00f3n en la misma tem\u00e1tica.<\/p>\n\n\n\n<p><span class=\"post-content__span\"> <strong>MODALIDAD 2<\/strong><\/p>\n\n\n\n<p><span class=\"post-content__span\"> 1. Modelos hidrogeol\u00f3gicos conceptuales en zonas de alta sensibilidad social y ambiental<\/p>\n\n\n\n<p><span class=\"post-content__span\"> 2. Implicaciones ambientales de la reinyecci\u00f3n de aguas oleaginosas:<\/p>\n\n\n\n<ul class=\"wp-block-list\">\n<li>Implicaciones ambientales de la reinyecci\u00f3n de aguas en DISPOSSAL o EOR (Enhanced Oil Recovery).<\/li>\n\n\n\n<li>Aprestamiento y armonizaci\u00f3n jur\u00eddica del DISPOSSAL y el EOR&nbsp;<\/li>\n<\/ul>\n\n\n\n<p><span class=\"post-content__span\"> 3.&nbsp;&nbsp;Evaluaci\u00f3n de impactos ambientales acumulativos en proyectos en zonas prospectivas de hidrocarburos en la Amazon\u00eda colombiana<\/p>\n\n\n\n<p><span class=\"post-content__span\"> 4.&nbsp;Nuevas tecnolog\u00edas de telemetr\u00eda y sens\u00f3rica para la fiscalizaci\u00f3n de componentes ambientales y riesgo<\/p>\n\n\n\n<p><span class=\"post-content__span\"> 5.&nbsp;Captura, Utilizaci\u00f3n y Secuestro de Carbono \u2013 CCUS<\/p>\n\n\n\n<ul class=\"wp-block-list\">\n<li>Captura, utilizaci\u00f3n y secuestro del CO2 derivado de la industria de los hidrocarburos \u2013 Caracterizaci\u00f3n del potencial de formaciones del subsuelo para el secuestro de carbono<\/li>\n\n\n\n<li>Caracterizaci\u00f3n regional del potencial de secuestro de formaciones hidrogeol\u00f3gicas medias, profundas, hipersalinas y\/o oleoaginosas en zonas de altas tasas de emisiones de CO2 del sector de los hidrocarburos<\/li>\n\n\n\n<li>Variables y determinantes para el uso de emisiones zonales en procesos de recobro mejorado.<\/li>\n<\/ul>\n\n\n\n<p><span class=\"post-content__span\"> 6.&nbsp;L\u00ednea Hidr\u00f3geno.&nbsp;<\/p>\n\n\n\n<ul class=\"wp-block-list\">\n<li>Potencialidad de generaci\u00f3n in-situ de H2 a partir de la reducci\u00f3n de quemas, venteos y emisiones fugitivas de CH4<\/li>\n<\/ul>\n\n\n\n<p><span class=\"post-content__span\"> <strong>MODALIDAD 3<\/strong><\/p>\n\n\n\n<p><span class=\"post-content__span\"> Las propuestas de I+D+i que se presenten para la vinculaci\u00f3n de semilleros de investigaci\u00f3n, j\u00f3venes investigadores e innovadores de pregrado y reci\u00e9n graduados deber\u00e1n estar relacionados con alguna de las cuencas sedimentarias definidas por la ANH. Las cuencas sedimentarias son propicias para el desarrollo de dep\u00f3sitos de hidrocarburos. \u201cLa principal importancia social de las cuencas sedimentarias es que en ellas ocurren las condiciones ideales para la formaci\u00f3n de petr\u00f3leo, gas natural o carb\u00f3n y la acumulaci\u00f3n de otros minerales\u201d 4 . En Colombia se han identificado 23 cuencas sedimentarias definidas en el Mapa de Tierras de la ANH.<\/p>\n\n\n\n<h3 class=\"wp-block-heading\"><strong>ORIENTACIONES GENERALES PARA LA VINCULACI\u00d3N DE J\u00d3VENES INVESTIGADORES<\/strong><\/h3>\n\n\n\n<p><span class=\"post-content__span\"> En la presente convocatoria se busca generar el acercamiento de j\u00f3venes colombianos con la investigaci\u00f3n y la innovaci\u00f3n. Teniendo en cuenta los objetos y objetivos espec\u00edficos en los Convenios 745\/636 de 2021 y 751\/638-2021, se financiar\u00e1n&nbsp;J\u00f3venes Investigadores e Innovadores para fortalecer los grupos de investigaci\u00f3n, e incentivar la formaci\u00f3n de capacidades cient\u00edficas en j\u00f3venes profesionales y estudiantes de pregrado colombianos, en las materias de geolog\u00eda, geociencias, ingenier\u00eda geol\u00f3gica, geof\u00edsica e ingenier\u00edas de petr\u00f3leos y programas afines. Para ello se debe tener en cuenta las siguientes consideraciones:<\/p>\n\n\n\n<p><span class=\"post-content__span\"> <strong>MODALIDAD 2<\/strong><\/p>\n\n\n\n<ol class=\"wp-block-list\">\n<li>Los J\u00f3venes Investigadores ser\u00e1n vinculados al proyecto como sujetos activos en la investigaci\u00f3n, con responsabilidades definidas en la producci\u00f3n de nuevo conocimiento. As\u00ed como, aportar\u00e1n nuevos elementos innovadores para el desarrollo de los procesos de investigaci\u00f3n y acercar\u00e1n el conocimiento a los grupos de inter\u00e9s.&nbsp;<\/li>\n\n\n\n<li>Por proyecto postulado se debe vincular al menos un (1) joven investigador e innovador y m\u00e1ximo hasta tres (3) j\u00f3venes, de pregrado y\/o profesional reci\u00e9n graduado.<\/li>\n\n\n\n<li>Los J\u00f3venes Investigadores que se postulen tendr\u00e1n asignado un tutor perteneciente al grupo de investigaci\u00f3n de I+D+i al cual se vinculan. El tutor debe garantizar el acompa\u00f1amiento en las actividades y resultados definidos para los J\u00f3venes que participan en el proyecto.<\/li>\n\n\n\n<li>Los J\u00f3venes deber\u00e1n tener definido un plan de trabajo y resultados esperados relacionado con el proyecto propuesto. Este plan deber\u00e1 estar avalado por el tutor.<\/li>\n\n\n\n<li>Los J\u00f3venes deber\u00e1n cumplir con el cronograma de actividades establecidas en el plan de trabajo.<\/li>\n\n\n\n<li>Los J\u00f3venes Investigadores seleccionados como beneficiarios deber\u00e1n entregar un informe t\u00e9cnico de avance a la mitad del periodo de su vinculaci\u00f3n y un informe t\u00e9cnico final de las actividades de CTeI desarrolladas junto con los resultados de investigaci\u00f3n obtenidos en el marco del proyecto de I+D+i.<\/li>\n\n\n\n<li>Los J\u00f3venes Investigadores deber\u00e1n entregar como producto final un art\u00edculo en autor\u00eda o coautor\u00eda en formato de revista indexada con par\u00e1metros para ser publicado en una revista categorizada (categor\u00edas A1, A2, B y C) o Cap\u00edtulo de libro resultado de investigaci\u00f3n &#8211; Cap\u00edtulo de libro o borrador para ser sometido a evaluaci\u00f3n. Este producto ser\u00e1 entregado por proyecto, en el cual se mencionen los J\u00f3venes que participaron.<\/li>\n\n\n\n<li>En caso de ser requerido los J\u00f3venes como beneficiarios de esta convocatoria, deber\u00e1n participar en espacios que convoque el MINISTERIO o la ANH para la divulgaci\u00f3n de los resultados o para el fortalecimiento del proceso de formaci\u00f3n y vocaciones cient\u00edficas.<\/li>\n<\/ol>\n\n\n\n<p><span class=\"post-content__span\"> <strong>J\u00f3venes de pregrado&nbsp;<\/strong><\/p>\n\n\n\n<ol class=\"wp-block-list\">\n<li>Los J\u00f3venes que se vinculen deben pertenecer a un programa de pregrado de geolog\u00eda, geociencias, ingenier\u00eda geol\u00f3gica, geof\u00edsica e ingenier\u00edas de petr\u00f3leos y programas afines.&nbsp;<\/li>\n\n\n\n<li>Deben haber cursado al menos el 70% del pregrado, al cierre de la convocatoria.<\/li>\n\n\n\n<li>Los j\u00f3venes que se postulen deber\u00e1n mantener su estatus de joven de pregrado durante todo el desarrollo de la beca pasant\u00eda por un t\u00e9rmino de 12 meses. El MINISTERIO, no tendr\u00e1 impedimento en que el joven de pregrado obtenga su t\u00edtulo profesional durante el desarrollo de la beca pasant\u00eda.<\/li>\n\n\n\n<li>Si un joven de pregrado obtiene su t\u00edtulo profesional antes o durante el desarrollo de la beca pasant\u00eda, no podr\u00e1 cambiar a joven profesional, solamente lo podr\u00e1 hacer en caso de tener continuidad en el proyecto en un segundo per\u00edodo de asignaci\u00f3n de beca \u2013 pasant\u00eda, en tal caso ser\u00e1 vinculado en la segunda beca \u2013 pasant\u00eda como joven profesional.<\/li>\n\n\n\n<li>En los casos en los cuales se presente cambio de joven investigador de pregrado, el nuevo candidato debe haber cursado al menos el 70% del pregrado al momento de su vinculaci\u00f3n, as\u00ed como una edad m\u00e1xima de 28 a\u00f1os. Estos cambios est\u00e1n sujetos a la aprobaci\u00f3n por parte del supervisor designado por EL MINISTERIO.<\/li>\n\n\n\n<li>Los J\u00f3venes se vincular\u00e1n mediante una pr\u00e1ctica de investigaci\u00f3n en el grupo que los presenta por doce (12) meses<\/li>\n<\/ol>\n\n\n\n<p><span class=\"post-content__span\"> <strong>J\u00f3venes profesionales reci\u00e9n graduados<\/strong><\/p>\n\n\n\n<ol class=\"wp-block-list\">\n<li>Los J\u00f3venes que se vinculen deber\u00e1n haberse graduado del pregrado en las siguientes \u00e1reas del conocimiento: geolog\u00eda, geociencias, ingenier\u00eda geol\u00f3gica, geof\u00edsica e ingenier\u00edas de petr\u00f3leos y programas afines<\/li>\n\n\n\n<li>Los j\u00f3venes deben acreditar buen rendimiento acad\u00e9mico y haber obtenido el t\u00edtulo profesional dentro de los 3 a\u00f1os anteriores al cierre de la convocatoria. En caso de que los candidatos se encuentren pendientes del diploma o del acta de grado y resultan como elegibles, deber\u00e1n acreditar este requisito para su vinculaci\u00f3n.&nbsp;<\/li>\n\n\n\n<li>En los casos en los cuales se presente cambio de joven investigador profesional, el nuevo candidato debe tener m\u00e1ximo 3 a\u00f1os de haberse graduado al momento de su vinculaci\u00f3n, as\u00ed como una edad m\u00e1xima de 28 a\u00f1os. Estos cambios est\u00e1n sujetos a la aprobaci\u00f3n por parte del supervisor designado por EL MINISTERIO.&nbsp;<\/li>\n\n\n\n<li>La vinculaci\u00f3n de los J\u00f3venes se realizar\u00e1 a trav\u00e9s de una beca \u2013 pasant\u00eda por un per\u00edodo de doce (12) meses, la cual se define como una subvenci\u00f3n para la realizaci\u00f3n de una pr\u00e1ctica profesional en I+D+i.&nbsp;<\/li>\n<\/ol>\n\n\n\n<p><span class=\"post-content__span\"> <strong>MODALIDAD 3&nbsp;<\/strong><\/p>\n\n\n\n<p><span class=\"post-content__span\"> Se pretende con la modalidad 3 de la presente convocatoria:&nbsp;<\/p>\n\n\n\n<ol class=\"wp-block-list\">\n<li>Vincular semilleros de investigaci\u00f3n o j\u00f3venes de pregrado y\/o profesionales reci\u00e9n graduados en grupos de investigaci\u00f3n, innovaci\u00f3n y desarrollo tecnol\u00f3gico, con formaci\u00f3n en Geolog\u00eda, Geociencias, Ingenier\u00eda Geol\u00f3gica, Ingenier\u00edas de Petr\u00f3leos, o programas a fines y ciencias de la tierra o cuyas disciplinas tengan relaci\u00f3n directa con \u00e9stas y con la investigaci\u00f3n del conocimiento geo cient\u00edfico del sector de hidrocarburos.&nbsp;<\/li>\n\n\n\n<li>Incentivar y enfocar el talento joven que se est\u00e1 preparando para asumir los retos de las geociencias del sector de hidrocarburos del pa\u00eds, en las cuencas donde el conocimiento de estudios geol\u00f3gicos y geof\u00edsicos G&amp;G es insuficiente.<\/li>\n\n\n\n<li>Generar el acercamiento de j\u00f3venes colombianos con la investigaci\u00f3n y la innovaci\u00f3n, a trav\u00e9s de su vinculaci\u00f3n a estrategias que fomentan la investigaci\u00f3n en los diferentes actores del Sistema Nacional de Ciencia, Tecnolog\u00eda e Innovaci\u00f3n (SNCTI)<\/li>\n\n\n\n<li>Promover la formaci\u00f3n y fortalecimiento de las habilidades t\u00e9cnicas y vocacionales de los j\u00f3venes para su ingreso o permanencia en el SNCTI.<\/li>\n\n\n\n<li>Los J\u00f3venes Investigadores que se postulen tendr\u00e1n asignado un tutor perteneciente al grupo de investigaci\u00f3n de I+D+i al cual se vinculan. El tutor debe garantizar el acompa\u00f1amiento en las actividades y resultados definidos para los J\u00f3venes que participan en el proyecto. La informaci\u00f3n sobre el tutor debe ser presentada en el Anexo 6 y cargada en el SIGP.<\/li>\n\n\n\n<li>Los j\u00f3venes son vinculados como sujetos activos en la investigaci\u00f3n, con responsabilidades definidas en la producci\u00f3n de nuevo conocimiento.<\/li>\n\n\n\n<li>En caso de ser requerido los J\u00f3venes como beneficiarios del programa, deber\u00e1n participar en espacios que convoque el MINISTERIO o la ANH para la divulgaci\u00f3n de los resultados o para el fortalecimiento del proceso de formaci\u00f3n y vocaciones cient\u00edficas<\/li>\n<\/ol>\n\n\n\n<h3 class=\"wp-block-heading\"><strong>DURACI\u00d3N Y FINANCIACI\u00d3N<\/strong><\/h3>\n\n\n\n<p><span class=\"post-content__span\"> Se cuenta con un total de VEINTICINCO MIL DOSCIENTOS TREINTA Y CINCO MILLONES SETECIENTOS CATORCE MIL SESENTA Y UN PESOS M\/CTE. ($ 25.235.714.061) para financiar los proyectos de I+D+i elegibles (de acuerdo con los recursos disponibles), que den respuesta a los alcances identificados en el numeral 4: L\u00cdNEAS TEM\u00c1TICAS del presente documento, de acuerdo con la siguiente distribuci\u00f3n de recursos <a href=\"https:\/\/minciencias.gov.co\/convocatorias\/programa-y-proyectos-ctei-vocaciones-cientificas-ctei\/convocatoria-fortalecimiento\">[Ver t\u00e9rminos de Referencia]<\/a>.<\/p>\n\n\n\n<h3 class=\"wp-block-heading\"><strong>AVAL DEL COMIT\u00c9 DE BIO\u00c9TICA<\/strong><\/h3>\n\n\n\n<p><span class=\"post-content__span\"> Presentar concepto de un comit\u00e9 de \u00e9tica\/bio\u00e9tica, donde se especifique que la propuesta ha sido revisada y avalada. En caso de que ninguna de las instituciones que conforman la Alianza cuenten con un comit\u00e9 de \u00e9tica, se podr\u00e1 solicitar el concepto ante otra entidad que s\u00ed cuente con uno. Se debe anexar a este aval, el acto administrativo que soporta la conformaci\u00f3n del Comit\u00e9 de \u00e9tica o de Bio\u00e9tica que lo expide.&nbsp;&nbsp;<\/p>\n\n\n\n<p><span class=\"post-content__span\"> Por lo anterior, tenga en cuenta el cronograma de reuniones del CBE &#8211; UTP\u00a0<strong><a href=\"https:\/\/vicerrectorias.utp.edu.co\/viie\/sin-categoria\/comite-de-bioetica\/\">[VER]<\/a>\u00a0<\/strong><\/p>\n\n\n\n<h3 class=\"wp-block-heading\"><strong>CRONOGRAMA<\/strong><\/h3>\n\n\n\n<ul class=\"wp-block-list\">\n<li><strong>FECHA M\u00c1XIMA AVAL INSTITUCIONAL:&nbsp;<\/strong>Jueves, 11 de agosto de 2022 hasta las 6:00 p.m<\/li>\n\n\n\n<li><strong>PROCEDIMIENTO SOLICITUD DE AVAL INSTITUCIONAL:\u00a0<\/strong><a href=\"https:\/\/vicerrectorias.utp.edu.co\/viie\/sin-categoria\/solicitud-aval-institucional-para-la-participacion-en-convocatorias-externas-de-investigacion\/\">\u200bVER<\/a><\/li>\n\n\n\n<li><strong>INSCRIPCI\u00d3N PLATAFORMA&nbsp;SIGP:<a href=\"http:\/\/xn--inscripcin%20plataforma%20sigp-e6c\/\">&nbsp;<\/a><\/strong><a href=\"http:\/\/xn--inscripcin%20plataforma%20sigp-e6c\/\">https:\/\/plataformasigp.minciencias.gov.co:7003\/FormularioProyectos\/<\/a><\/li>\n<\/ul>\n\n\n\n<p><span class=\"post-content__span\"> <strong>NOTA:&nbsp;<\/strong>Para mayor informaci\u00f3n recomendamos revisar los t\u00e9rminos de referencia completos&nbsp;con el fin de evitar errores a la hora de la postulaci\u00f3n&nbsp;<a href=\"https:\/\/minciencias.gov.co\/convocatorias\/programa-y-proyectos-ctei-vocaciones-cientificas-ctei\/convocatoria-fortalecimiento\"><strong>[VER]<\/strong>.<\/a><\/p>\n\n\n\n<h3 class=\"wp-block-heading\"><span><strong>CONTACTO<\/strong><\/span><\/h3>\n\n\n\n<p><span class=\"post-content__span\"> Inquietudes al correo&nbsp;<a href=\"http:\/\/investigaciones@utp.edu.co\/\">investigaciones@utp.edu.co<\/a><\/p>\n\n\n\n<p><span class=\"post-content__span\"> <strong>Tel\u00e9fono<\/strong>:&nbsp;313 7300&nbsp;<strong>EXT<\/strong>&nbsp;7309 -7789<\/p>\n","protected":false},"excerpt":{"rendered":"<p>La Universidad Tecnol\u00f3gica de Pereira y la Vicerrector\u00eda de Investigaciones, Innovaci\u00f3n y Extensi\u00f3n invitan a participar en la&nbsp;Convocatoria 931 Fortalecimiento actores industria hidrocarburos. OBJETIVO Fortalecer las capacidades en investigaci\u00f3n en [&#8230;]<\/p>\n","protected":false},"author":0,"featured_media":0,"comment_status":"closed","ping_status":"closed","sticky":false,"template":"","format":"standard","meta":{"footnotes":""},"categories":[7],"tags":[],"class_list":["post-5191","post","type-post","status-publish","format-standard","hentry","category-convocatorias"],"_links":{"self":[{"href":"https:\/\/vicerrectorias.utp.edu.co\/viie\/wp-json\/wp\/v2\/posts\/5191","targetHints":{"allow":["GET"]}}],"collection":[{"href":"https:\/\/vicerrectorias.utp.edu.co\/viie\/wp-json\/wp\/v2\/posts"}],"about":[{"href":"https:\/\/vicerrectorias.utp.edu.co\/viie\/wp-json\/wp\/v2\/types\/post"}],"replies":[{"embeddable":true,"href":"https:\/\/vicerrectorias.utp.edu.co\/viie\/wp-json\/wp\/v2\/comments?post=5191"}],"version-history":[{"count":3,"href":"https:\/\/vicerrectorias.utp.edu.co\/viie\/wp-json\/wp\/v2\/posts\/5191\/revisions"}],"predecessor-version":[{"id":11493,"href":"https:\/\/vicerrectorias.utp.edu.co\/viie\/wp-json\/wp\/v2\/posts\/5191\/revisions\/11493"}],"wp:attachment":[{"href":"https:\/\/vicerrectorias.utp.edu.co\/viie\/wp-json\/wp\/v2\/media?parent=5191"}],"wp:term":[{"taxonomy":"category","embeddable":true,"href":"https:\/\/vicerrectorias.utp.edu.co\/viie\/wp-json\/wp\/v2\/categories?post=5191"},{"taxonomy":"post_tag","embeddable":true,"href":"https:\/\/vicerrectorias.utp.edu.co\/viie\/wp-json\/wp\/v2\/tags?post=5191"}],"curies":[{"name":"wp","href":"https:\/\/api.w.org\/{rel}","templated":true}]}}