{"id":5181,"date":"2022-08-24T11:15:03","date_gmt":"2023-12-01T14:53:00","guid":{"rendered":""},"modified":"2023-07-17T15:33:58","modified_gmt":"2023-12-01T14:53:00","slug":"convocatoria-interna-para-financiar-jovenes-investigadores-segundo-semestre-2022","status":"publish","type":"post","link":"https:\/\/vicerrectorias.utp.edu.co\/viie\/convocatoria-interna-para-financiar-jovenes-investigadores-segundo-semestre-2022\/","title":{"rendered":"CONVOCATORIA INTERNA PARA FINANCIAR J\u00d3VENES INVESTIGADORES SEGUNDO SEMESTRE 2022"},"content":{"rendered":"\n<h3 class=\"wp-block-heading\"><strong><span>RESULTADOS&nbsp;<\/span><\/strong><\/h3>\n\n\n\n<ul class=\"wp-block-list\">\n<li><a style=\"font-size: revert;\" href=\"https:\/\/media2.utp.edu.co\/archivos\/RESULTADOS%282%29.pdf\"><strong>[Ver]\u00a0Resultados de la CONVOCATORIA INTERNA PARA FINANCIAR J\u00d3VENES INVESTIGADORES SEGUNDO SEMESTRE 2022<\/strong><\/a> <\/li>\n\n\n\n<li><p><span class=\"post-content__span\"> <strong>Fecha de Publicaci\u00f3n:\u00a0<\/strong>25 de julio del 2022<\/p> <\/li>\n<\/ul>\n\n\n<div class=\"wp-block-image\">\n<figure class=\"aligncenter is-resized\"><img loading=\"lazy\" decoding=\"async\" src=\"https:\/\/media2.utp.edu.co\/imagenes\/Convocatoria%20J.I%20%282%29.png\" alt=\"\" width=\"540\" height=\"540\"\/><\/figure>\n<\/div>\n\n\n<h3 class=\"wp-block-heading\"><strong>ACUERDO CONSEJO ACAD\u00c9MICO No. 23<\/strong><\/h3>\n\n\n\n<p><span class=\"post-content__span\"> POR MEDIO DEL CUAL SE APRUEBA LA CONVOCATORIA INTERNA PARA FINANCIAR&nbsp;J\u00d3VENES INVESTIGADORES SEGUNDO SEMESTRE 2022.&nbsp;<a href=\"https:\/\/media2.utp.edu.co\/archivos\/Acuerdo%20No.%2023%20Convocatoria%20J%C3%B3venes%20Investigadores%20II%20sem%202022.pdf\"><strong>[Descargar]<\/strong><\/a><\/p>\n\n\n\n<h3 class=\"wp-block-heading\"><strong>OBJETIVO<\/strong><\/h3>\n\n\n\n<p><span class=\"post-content__span\"> Fomentar la cultura y vocaci\u00f3n cient\u00edfica entre los estudiantes de pregrado de la Universidad Tecnol\u00f3gica de Pereira a trav\u00e9s de la vinculaci\u00f3n a grupos institucionalizados en la Vicerrector\u00eda de Investigaciones, Innovaci\u00f3n y Extensi\u00f3n, que cuenten con un proyecto de investigaci\u00f3n activo en el cual se vincule el estudiante como joven investigador y pueda desarrollar su trabajo de grado a trav\u00e9s de la modalidad de pr\u00e1ctica en investigaci\u00f3n.<\/p>\n\n\n\n<h3 class=\"wp-block-heading\"><strong>JUSTIFICACI\u00d3N.<\/strong><\/h3>\n\n\n\n<p><span class=\"post-content__span\"> La Universidad Tecnol\u00f3gica de Pereira est\u00e1 comprometida con el fomento de la cultura investigativa entre los estudiantes de pregrado, como elemento fundamental para la b\u00fasqueda de la excelencia acad\u00e9mica y es por ello, que la presente convocatoria ofrece a dichos estudiantes que cuenta con inter\u00e9s y potencial en el campo de la investigaci\u00f3n, la posibilidad de aplicar los conocimientos y habilidades adquiridos durante su formaci\u00f3n acad\u00e9mica en los grupos de investigaci\u00f3n en el marco de un proyecto inscrito institucionalmente en la Vicerrector\u00eda de Investigaciones, Innovaci\u00f3n y Extensi\u00f3n o certificado como trabajo de grado de&nbsp; maestr\u00eda o doctorado, con el prop\u00f3sito de fortalecer sus capacidades cient\u00edficas, adquirir destrezas, competencias y herramientas necesarias para su formaci\u00f3n integral, que fortalecen su perfil profesional y que contribuyan al mejoramiento del medio social.<\/p>\n\n\n\n<h3 class=\"wp-block-heading\"><strong>DIRIGIDA A<\/strong><\/h3>\n\n\n\n<p><span class=\"post-content__span\"> Estudiantes de pregrado de la Universidad Tecnol\u00f3gica de Pereira postulados por grupos de investigaci\u00f3n institucionalizados en la Vicerrector\u00eda de Investigaciones, Innovaci\u00f3n y Extensi\u00f3n.<\/p>\n\n\n\n<h3 class=\"wp-block-heading\"><strong>FINANCIACI\u00d3N<\/strong><\/h3>\n\n\n\n<p><span class=\"post-content__span\"> Se financiar\u00e1 la vinculaci\u00f3n de un joven investigador (estudiante de pregrado) a un grupo de investigaci\u00f3n de la Universidad Tecnol\u00f3gica de Pereira durante seis meses, con un apoyo econ\u00f3mico mensual de 0.5 SMMLV m\u00e1s ARL, para una financiaci\u00f3n total de 3 SMMLV m\u00e1s ARL. La vinculaci\u00f3n se llevar\u00e1 a cabo a trav\u00e9s de un convenio de pr\u00e1ctica en investigaci\u00f3n.<\/p>\n\n\n\n<p><span class=\"post-content__span\"> <strong>NOTA:<\/strong> Se priorizar\u00e1 la financiaci\u00f3n de un joven investigador por grupo de investigaci\u00f3n.<\/p>\n\n\n\n<h3 class=\"wp-block-heading\"><strong>REQUISITOS DE LOS GRUPOS DE INVESTIGACI\u00d3N QUE POSTULEN CANDIDATOS A J\u00d3VENES INVESTIGADORES<\/strong><\/h3>\n\n\n\n<p><span class=\"post-content__span\"> En la presente convocatoria podr\u00e1n postular j\u00f3venes investigadores los grupos de investigaci\u00f3n de la Universidad Tecnol\u00f3gica de Pereira que cumplan con los siguientes requisitos:<\/p>\n\n\n\n<ol class=\"wp-block-list\">\n<li>Estar institucionalizado en la Universidad Tecnol\u00f3gica de Pereira y haber realizado el proceso de actualizaci\u00f3n de informaci\u00f3n en la vigencia 2021 solicitado por la Vicerrector\u00eda de Investigaciones, Innovaci\u00f3n y Extensi\u00f3n.<\/li>\n\n\n\n<li>Tener actualizada la informaci\u00f3n en el GrupLAC.<\/li>\n\n\n\n<li>Contar con un proyecto de investigaci\u00f3n activo registrado en la Vicerrector\u00eda de Investigaciones, Innovaci\u00f3n y Extensi\u00f3n o un trabajo de grado de maestr\u00eda o doctorado que deber\u00e1 ser certificado por el programa acad\u00e9mico respectivo. Dicho proyecto deber\u00e1 estar en ejecuci\u00f3n en el segundo semestre de 2022, per\u00edodo en el cual se realizar\u00e1 la contrataci\u00f3n del joven investigador.<\/li>\n\n\n\n<li>Estar a paz y salvo con la Vicerrector\u00eda de Investigaciones, Innovaci\u00f3n y Extensi\u00f3n en la presentaci\u00f3n de informes parciales y finales de los proyectos de investigaci\u00f3n y extensi\u00f3n adscritos al grupo.<\/li>\n\n\n\n<li>Asignar como tutor del joven investigador un integrante del grupo de investigaci\u00f3n docente de planta o transitorio, quien deber\u00e1 contar con su CvLAC actualizado, estar registrado en Google Scholar, Research Gate y ORCID. &nbsp;<\/li>\n<\/ol>\n\n\n\n<h3 class=\"wp-block-heading\"><strong>REQUISITOS DE LOS ESTUDIANTES DE PREGRADO CANDIDATOS A J\u00d3VENES INVESTIGADORES<\/strong><\/h3>\n\n\n\n<p><span class=\"post-content__span\"> En la presente convocatoria podr\u00e1n postularse como candidatos a j\u00f3venes investigadores los estudiantes de pregrado que cumplan con los siguientes requisitos:<\/p>\n\n\n\n<ul class=\"wp-block-list\">\n<li>Estar cursando los dos \u00faltimos semestres de su programa acad\u00e9mico profesional en la Universidad Tecnol\u00f3gica de Pereira, lo cual se validar\u00e1 ante Admisiones, Registro y Control Acad\u00e9mico.<\/li>\n<\/ul>\n\n\n\n<p><span class=\"post-content__span\"> <strong>NOTA: Se debe garantizar que el estudiante est\u00e9 matriculado durante la pr\u00e1ctica en investigaci\u00f3n de seis (6) meses.<\/strong><\/p>\n\n\n\n<ul class=\"wp-block-list\">\n<li>Haber realizado y aprobado el taller de pr\u00e1cticas universitarias, lo cual se validar\u00e1 ante la Oficina de Pr\u00e1cticas Universitarias.<\/li>\n<\/ul>\n\n\n\n<p><span class=\"post-content__span\"> <strong>NOTA: En caso de no contar con el taller de pr\u00e1cticas universitarias aprobado, podr\u00e1 acercarse a la Vicerrector\u00eda de Investigaciones, Innovaci\u00f3n y Extensi\u00f3n para el tr\u00e1mite de validaci\u00f3n. <\/strong><\/p>\n\n\n\n<ul class=\"wp-block-list\">\n<li>Contar con la recomendaci\u00f3n por parte del programa acad\u00e9mico para realizar pr\u00e1cticas, lo cual se validar\u00e1 ante la Oficina de Pr\u00e1cticas Universitarias.<\/li>\n\n\n\n<li>Tener como m\u00ednimo un promedio acumulado a la fecha de 3,6, lo cual se validar\u00e1 ante Admisiones, Registro y Control Acad\u00e9mico.<\/li>\n\n\n\n<li>Estar vinculado a un grupo o semillero de investigaci\u00f3n, lo cual se validar\u00e1 en el software de investigaciones, Innovaci\u00f3n y Extensi\u00f3n.<\/li>\n\n\n\n<li>Contar con CvLAC actualizado.<\/li>\n\n\n\n<li>No podr\u00e1 contar con contrataciones simult\u00e1neas como monitor a trav\u00e9s de la Vicerrector\u00eda de Investigaciones, Innovaci\u00f3n y Extensi\u00f3n, ya que su vinculaci\u00f3n al grupo o semillero de investigaci\u00f3n ser\u00e1 de medio tiempo, es decir, deber\u00e1 garantizar 20 horas semanales.<\/li>\n\n\n\n<li>No puede haber realizado pr\u00e1ctica empresarial o de investigaci\u00f3n en el programa acad\u00e9mico actual, lo cual se validar\u00e1 ante la Oficina de Pr\u00e1cticas Universitarias.<\/li>\n<\/ul>\n\n\n\n<h3 class=\"wp-block-heading\"><strong>COMPROMISOS DE LOS ESTUDIANTES DE PREGRADO CANDIDATOS A J\u00d3VENES INVESTIGADORES<\/strong><\/h3>\n\n\n\n<ul class=\"wp-block-list\">\n<li>Estar matriculado acad\u00e9mica (por lo menos una 1 asignatura) y financieramente a la Universidad durante el tiempo de la pr\u00e1ctica.<\/li>\n<\/ul>\n\n\n\n<p><span class=\"post-content__span\"> <strong>NOTA: Se debe garantizar que el estudiante est\u00e9 matriculado financiera y acad\u00e9micamente durante la pr\u00e1ctica en investigaci\u00f3n de seis (6) meses.<\/strong><\/p>\n\n\n\n<ul class=\"wp-block-list\">\n<li>El estudiante debe estar afiliado a la seguridad social en salud, en cualquiera de sus reg\u00edmenes durante la pr\u00e1ctica universitaria y certificar su afiliaci\u00f3n ante la Universidad.<\/li>\n\n\n\n<li>Cumplir con los productos de la pr\u00e1ctica en investigaci\u00f3n establecidos en el Acuerdo de Consejo Acad\u00e9mico No. 13 de 2021 (Ver anexo)<\/li>\n\n\n\n<li>Realizar el proceso de legalizaci\u00f3n establecido por Gesti\u00f3n del talento humano para la afiliaci\u00f3n a la ARL.<\/li>\n\n\n\n<li>Realizar el proceso de legalizaci\u00f3n y seguimiento de la pr\u00e1ctica establecido por la oficina de pr\u00e1cticas.<\/li>\n\n\n\n<li>Hacer entrega del plan de pr\u00e1ctica en la primera semana de vinculaci\u00f3n (Ver anexo 3).<\/li>\n<\/ul>\n\n\n\n<p><span class=\"post-content__span\"> <strong>NOTA: El docente gu\u00eda podr\u00e1 ser sugerido por el estudiante, siempre y cuando corresponda al \u00e1rea del conocimiento en la cual desarrolla su pr\u00e1ctica en el momento de remitir el plan de pr\u00e1cticas o en caso contrario ser\u00e1 asignado por el comit\u00e9 curricular.<\/strong><\/p>\n\n\n\n<h3 class=\"wp-block-heading\"><strong>PROCEDIMIENTO DE POSTULACI\u00d3N<\/strong><\/h3>\n\n\n\n<ol class=\"wp-block-list\">\n<li>Debe radicarse a trav\u00e9s de <a href=\"mailto:lazos@utp.edu.co\">lazos@utp.edu.co<\/a> a la Vicerrector\u00eda de Investigaciones, Innovaci\u00f3n y Extensi\u00f3n la carta de presentaci\u00f3n a la convocatoria (Ver Anexo 1). Fecha m\u00e1xima de radicaci\u00f3n: 15 de julio de 2022 a las 6:00 p.m.&nbsp;<\/li>\n\n\n\n<li>Una vez se cuente con la carta de presentaci\u00f3n radicada, se debe diligenciar el formulario de google forms dise\u00f1ado para tal fin <a href=\"https:\/\/forms.gle\/CM8n4oHGiLsaN1ff8\"><span>&nbsp;<\/span><span><span>https:\/\/forms.gle\/CM8n4oHGiLsaN1ff8<\/span><\/span><\/a>, en el cual se deber\u00e1 anexar:<\/li>\n<\/ol>\n\n\n\n<ul class=\"wp-block-list\">\n<li>Carta de presentaci\u00f3n a la convocatoria radicada en formato PDF. (Ver anexo 1)<\/li>\n\n\n\n<li>&nbsp;Plan de Actividades, que debe ser firmado por el candidato y el tutor respectivo.&nbsp; (Ver anexo 2)<\/li>\n<\/ul>\n\n\n\n<p><span class=\"post-content__span\"> La fecha m\u00e1xima de registro de la informaci\u00f3n en el formulario de google es el 18 de julio de 2022 a las 11:59 p.m. (UTC-5)<\/p>\n\n\n\n<ol class=\"wp-block-list\" start=\"3\">\n<li>La recepci\u00f3n de una propuesta no implica obligatoriedad ni compromiso alguno para la Universidad de asignar recursos, ni genera derecho a recibir apoyos econ\u00f3micos para quienes hayan presentado propuestas en esta convocatoria.<\/li>\n<\/ol>\n\n\n\n<h3 class=\"wp-block-heading\"><strong>CRONOGRAMA<\/strong><\/h3>\n\n\n<div class=\"wp-block-image\">\n<figure class=\"aligncenter\"><img decoding=\"async\" src=\"https:\/\/media2.utp.edu.co\/imagenes\/crono%20j.i\" alt=\"\"\/><\/figure>\n<\/div>\n\n\n<h3 class=\"wp-block-heading\"><strong>DOCUMENTOS ANEXOS A LA CONVOCATORIA<\/strong><\/h3>\n\n\n\n<p><span class=\"post-content__span\"> <strong>FECHA DE PUBLICACI\u00d3N DE LA CONVOCATORIA:<\/strong>&nbsp;16 de junio de 2022.<\/p>\n\n\n\n<p><span class=\"post-content__span\"> <a href=\"https:\/\/media2.utp.edu.co\/archivos\/Convocatoria%20Jovenes%20Investigadores%20UTP%202022.pdf\"><strong>T\u00c9RMINOS DE REFERENCIA (Ver)<\/strong><\/a><\/p>\n\n\n\n<p><span class=\"post-content__span\"> <a href=\"https:\/\/media2.utp.edu.co\/archivos\/21-%20Acuerdo%2013%20Reestructura%20Acuerdo%2038%20PRACTICAS%20%281%29.pdf\"><strong>ACUERDO DE CONSEJO ACAD\u00c9MICO NO. 13 DE 2021 (Ver)<\/strong><\/a><\/p>\n\n\n\n<p><span class=\"post-content__span\"> <a href=\"https:\/\/media2.utp.edu.co\/archivos\/Anexo%205%20-%20ODS%282%29%20%281%29.docx\"><strong>OBJETIVOS DE DESARROLLO SOSTENIBLE (Ver)<\/strong><\/a><\/p>\n\n\n\n<ul class=\"wp-block-list\">\n<li><a href=\"https:\/\/media2.utp.edu.co\/archivos\/Anexo%201%20-%20Carta%20de%20Presentacion%286%29.docx\"><strong>ANEXO 1:<\/strong>&nbsp;Carta de presentaci\u00f3n en la convocatoria.<\/a><\/li>\n\n\n\n<li><a href=\"https:\/\/media2.utp.edu.co\/archivos\/Anexo%202%20-%20Plan%20de%20Actividades.docx\"><strong>ANEXO 2:<\/strong><\/a><a href=\"https:\/\/media2.utp.edu.co\/archivos\/Anexo%202%20-%20Cuadro%20de%20participantes%20y%20certificacion%20de%20la%20propuesta.docx\">&nbsp;P<\/a><a href=\"https:\/\/media2.utp.edu.co\/archivos\/Anexo%202%20-%20Plan%20de%20Actividades.docx\">lan de Actividades.<\/a><\/li>\n\n\n\n<li><a href=\"https:\/\/media2.utp.edu.co\/archivos\/Anexo%203%20-%20Plan%20de%20pr%C3%A1ctica.docx\"><strong>ANEXO 3:<\/strong>&nbsp;<\/a><a href=\"https:\/\/media2.utp.edu.co\/archivos\/Anexo%203%20-%20Formulacion%20Semilleros.docx\">P<\/a><a href=\"https:\/\/media2.utp.edu.co\/archivos\/Anexo%203%20-%20Plan%20de%20pr%C3%A1ctica.docx\">lan de Pr\u00e1ctica.<\/a><\/li>\n<\/ul>\n\n\n\n<h3 class=\"wp-block-heading\"><strong>M\u00c1S INFORMACI\u00d3N<\/strong><\/h3>\n\n\n\n<p><span class=\"post-content__span\"> Vicerrector\u00eda de Investigaciones, Innovaci\u00f3n y Extensi\u00f3n<\/p>\n\n\n\n<p><span class=\"post-content__span\"> <strong>Email:<\/strong>&nbsp;<a href=\"mailto:investigaciones@utp.edu.co\">investigaciones@utp.edu.co<\/a><\/p>\n\n\n\n<p><span class=\"post-content__span\"> <strong>EXT:&nbsp;<\/strong>7309 -7789<\/p>\n","protected":false},"excerpt":{"rendered":"<p>RESULTADOS&nbsp; ACUERDO CONSEJO ACAD\u00c9MICO No. 23 POR MEDIO DEL CUAL SE APRUEBA LA CONVOCATORIA INTERNA PARA FINANCIAR&nbsp;J\u00d3VENES INVESTIGADORES SEGUNDO SEMESTRE 2022.&nbsp;[Descargar] OBJETIVO Fomentar la cultura y vocaci\u00f3n cient\u00edfica entre los [&#8230;]<\/p>\n","protected":false},"author":0,"featured_media":0,"comment_status":"closed","ping_status":"closed","sticky":false,"template":"","format":"standard","meta":{"footnotes":""},"categories":[7],"tags":[],"class_list":["post-5181","post","type-post","status-publish","format-standard","hentry","category-convocatorias"],"_links":{"self":[{"href":"https:\/\/vicerrectorias.utp.edu.co\/viie\/wp-json\/wp\/v2\/posts\/5181","targetHints":{"allow":["GET"]}}],"collection":[{"href":"https:\/\/vicerrectorias.utp.edu.co\/viie\/wp-json\/wp\/v2\/posts"}],"about":[{"href":"https:\/\/vicerrectorias.utp.edu.co\/viie\/wp-json\/wp\/v2\/types\/post"}],"replies":[{"embeddable":true,"href":"https:\/\/vicerrectorias.utp.edu.co\/viie\/wp-json\/wp\/v2\/comments?post=5181"}],"version-history":[{"count":2,"href":"https:\/\/vicerrectorias.utp.edu.co\/viie\/wp-json\/wp\/v2\/posts\/5181\/revisions"}],"predecessor-version":[{"id":10629,"href":"https:\/\/vicerrectorias.utp.edu.co\/viie\/wp-json\/wp\/v2\/posts\/5181\/revisions\/10629"}],"wp:attachment":[{"href":"https:\/\/vicerrectorias.utp.edu.co\/viie\/wp-json\/wp\/v2\/media?parent=5181"}],"wp:term":[{"taxonomy":"category","embeddable":true,"href":"https:\/\/vicerrectorias.utp.edu.co\/viie\/wp-json\/wp\/v2\/categories?post=5181"},{"taxonomy":"post_tag","embeddable":true,"href":"https:\/\/vicerrectorias.utp.edu.co\/viie\/wp-json\/wp\/v2\/tags?post=5181"}],"curies":[{"name":"wp","href":"https:\/\/api.w.org\/{rel}","templated":true}]}}