{"id":5171,"date":"2022-06-13T14:23:00","date_gmt":"2022-06-13T12:23:00","guid":{"rendered":""},"modified":"2023-11-29T15:02:04","modified_gmt":"2023-11-29T14:02:04","slug":"propuestas-para-el-desarrollo-de-la-iniciativa-estancias-con-proposito-del-programa-ondas","status":"publish","type":"post","link":"https:\/\/vicerrectorias.utp.edu.co\/viie\/propuestas-para-el-desarrollo-de-la-iniciativa-estancias-con-proposito-del-programa-ondas\/","title":{"rendered":"PROPUESTAS PARA EL DESARROLLO DE LA INICIATIVA   \u201cESTANCIAS CON PROP\u00d3SITO\u201d DEL PROGRAMA ONDAS"},"content":{"rendered":"\n<p><span class=\"post-content__span\"> <span>La Universidad Tecnol\u00f3gica de Pereira y la Vicerrector\u00eda de Investigaciones, Innovaci\u00f3n y Extensi\u00f3n invitan a participar en la&nbsp;Convocatoria para&nbsp;presentar propuesta para implementar la iniciativa \u201cEstancias con Prop\u00f3sito\u201d con el fin de fomentar las vocaciones cient\u00edficas de ni\u00f1os, ni\u00f1as y adolescentes (NNA) de acuerdo con los lineamientos del Programa Ondas del Ministerio de Ciencia, Tecnolog\u00eda e Innovaci\u00f3n (MINCIENCIAS).<\/span><\/p>\n\n\n\n<h3 class=\"wp-block-heading\"><strong>DIRIGIDO A:<\/strong><\/h3>\n\n\n\n<p><span class=\"post-content__span\"> Entidades del Sistema Nacional de Ciencia, Tecnolog\u00eda e Innovaci\u00f3n \u2013 SNCTeI interesadas en desarrollar estancias postdoctorales, donde un doctor de nacionalidad colombiana, con el apoyo de J\u00f3venes Investigadores e Innovadores, dise\u00f1e e implemente proyectos en I+D+i con grupos de investigaci\u00f3n Ondas, en temas relacionados con los focos de la Misi\u00f3n de Sabios para fomentar las vocaciones cient\u00edficas en ni\u00f1os, ni\u00f1as y adolescentes de los territorios del pa\u00eds.<\/p>\n\n\n\n<h3 class=\"wp-block-heading\"><strong><span>OBJETIVOS<\/span><\/strong><\/h3>\n\n\n\n<p><span class=\"post-content__span\"> Esta invitaci\u00f3n tiene como prop\u00f3sito seleccionar potenciales proyectos que puedan ser financiados para su ejecuci\u00f3n para fomentar las vocaciones cient\u00edficas en NNA del pa\u00eds, a trav\u00e9s del desarrollo de estancias posdoctorales, donde doctores, en articulaci\u00f3n con dos J\u00f3venes Investigadores e Innovadores y grupos de investigaci\u00f3n del Programa Ondas dise\u00f1en, implementen y validen proyectos en I+D+i relacionados con los focos de la Misi\u00f3n de Sabios.<\/p>\n\n\n\n<p><span class=\"post-content__span\"> <strong>Objetivos Espec\u00edficos<\/strong><\/p>\n\n\n\n<ul class=\"wp-block-list\">\n<li>Dise\u00f1ar la estrategia pedag\u00f3gica y metodol\u00f3gica a desarrollar con base en la Ruta de Investigaci\u00f3n Ondas para abordar el tema de investigaci\u00f3n seleccionado en el marco de la Misi\u00f3n de Sabios.<\/li>\n\n\n\n<li>Dise\u00f1ar, implementar y validar la propuesta de investigaci\u00f3n con los grupos de NNA vinculados.<\/li>\n\n\n\n<li>Construir la gu\u00eda metodol\u00f3gica del proyecto desarrollado, para su futuro uso en los grupos del Programa Ondas en todo el territorio nacional.&nbsp;<\/li>\n<\/ul>\n\n\n\n<h3 class=\"wp-block-heading\"><strong>\u00c1REASTEM\u00c1TICAS<\/strong><\/h3>\n\n\n\n<p><span class=\"post-content__span\"> Las propuestas para el desarrollo de las Estancias con prop\u00f3sito deber\u00e1n estar relacionadas&nbsp;con al menos uno de los focos tem\u00e1ticos de la Misi\u00f3n de Sabios se\u00f1alados a continuaci\u00f3n:<\/p>\n\n\n\n<p><span class=\"post-content__span\"> 1. Tecnolog\u00edas convergentes (nano, info y cognotecnolog\u00eda) \u2013 Industrias 4.0<\/p>\n\n\n\n<p><span class=\"post-content__span\"> 2. Industrias culturales y creativas.&nbsp;<\/p>\n\n\n\n<ol class=\"wp-block-list\">\n<li>Energ\u00eda sostenible<\/li>\n\n\n\n<li>Industrias culturales y creativas.<\/li>\n\n\n\n<li>Energ\u00eda sostenible.<\/li>\n\n\n\n<li>Biotecnolog\u00eda, medio ambiente y bioeconom\u00eda.<\/li>\n\n\n\n<li>Oc\u00e9anos y recursos hidrobiol\u00f3gicos.<\/li>\n\n\n\n<li>Ciencias sociales y desarrollo humano con equidad.<\/li>\n\n\n\n<li>Ciencias de la vida y de la salud<\/li>\n\n\n\n<li>Ciencias b\u00e1sicas y del espacio.<\/li>\n<\/ol>\n\n\n\n<h3 class=\"wp-block-heading\"><strong>Orientaciones generales de participaci\u00f3n<\/strong><\/h3>\n\n\n\n<p><span class=\"post-content__span\"> De la propuesta de estancia posdoctoral.<\/p>\n\n\n\n<ul class=\"wp-block-list\">\n<li>Las entidades participantes podr\u00e1n postular una o varias propuestas de Estancias con Prop\u00f3sito posdoctorales.<\/li>\n\n\n\n<li>En cada propuesta de estancia posdoctoral se debe garantizar la participaci\u00f3n de un doctor y dos JII que asesorar\u00e1n los proyectos de investigaci\u00f3n de m\u00ednimo diez (10) grupos de investigaci\u00f3n Ondas. Cada grupo deber\u00e1 estar conformado por al menos veinte (20) NNA. (para m\u00e1s informaci\u00f3n revisar los siguientes documentos: Gu\u00eda pedag\u00f3gica asesores Ondas, Gu\u00eda de grupos de investigaci\u00f3n juvenil, Gu\u00eda grupos de investigaci\u00f3n infantil, Gu\u00eda maestros Ondas, que se encuentran en el siguiente enlace: https:\/\/ondas.minciencias.gov.co\/&nbsp;<\/li>\n\n\n\n<li>\u25cf Las entidades postulantes deben garantizar que las estancias posdoctorales contar\u00e1n con un tiempo de ejecuci\u00f3n de doce (12) meses.<\/li>\n<\/ul>\n\n\n\n<p><span class=\"post-content__span\"> <strong>Del Doctor<\/strong><\/p>\n\n\n\n<ul class=\"wp-block-list\">\n<li>El doctor liderar\u00e1 el proyecto de investigaci\u00f3n y articular\u00e1 su desarrollo con las actividades de los JII y los grupos de investigaci\u00f3n del Programa Ondas.&nbsp;<\/li>\n\n\n\n<li>El doctor entregar\u00e1 un informe t\u00e9cnico final de las actividades de CTeI desarrolladas, junto con los resultados obtenidos acorde a la propuesta de la estancia posdoctoral.<\/li>\n\n\n\n<li>El doctor entregar\u00e1 un informe financiero de las actividades de CTeI desarrolladas junto con los resultados obtenidos acorde a la propuesta de la estancia posdoctoral.&nbsp;<\/li>\n\n\n\n<li>El doctor entregar\u00e1 una gu\u00eda metodol\u00f3gica del proyecto desarrollado, para su futuro uso en el Programa Ondas a nivel nacional, articulada con la ruta de investigaci\u00f3n del Programa (el documento debe contener: metodolog\u00eda, propuesta pedag\u00f3gica y did\u00e1ctica y las fases de desarrollo de la propuesta de investigaci\u00f3n).<\/li>\n\n\n\n<li>El doctor deber\u00e1 presentar un art\u00edculo de investigaci\u00f3n aprobado para su publicaci\u00f3n en revistas indexadas A1, A2, B y C, de acuerdo los \u00edndices y bases mencionados en Convocatoria Nacional para el Reconocimiento y Medici\u00f3n de Grupos de Investigaci\u00f3n, Desarrollo Tecnol\u00f3gico o de Innovaci\u00f3n y para el reconocimiento de investigadores del Sistema Nacional de Ciencia, Tecnolog\u00eda e Innovaci\u00f3n \u2013 SNCTeI, 2018 (https:\/\/www.minciencias.gov.co\/scienti-2).<\/li>\n<\/ul>\n\n\n\n<p><span class=\"post-content__span\"> <strong>Del Joven Investigador e Innovador.&nbsp;&nbsp;<\/strong><\/p>\n\n\n\n<ul class=\"wp-block-list\">\n<li>El JII seleccionado, ser\u00e1 vinculado por parte de la entidad ejecutora a trav\u00e9s de un contrato de prestaci\u00f3n de servicios.<\/li>\n\n\n\n<li>El JII ser\u00e1 vinculado como sujeto activo en la investigaci\u00f3n, con responsabilidades definidas en la producci\u00f3n de nuevo conocimiento. As\u00ed como, aportar\u00e1 nuevos elementos innovadores para el desarrollo de los procesos de investigaci\u00f3n y acercar\u00e1 el conocimiento a los grupos de inter\u00e9s.<\/li>\n\n\n\n<li>El JII contar\u00e1 con el apoyo del doctor, quien har\u00e1 las veces de tutor, garantizando el acompa\u00f1amiento en las actividades y resultados definidos.&nbsp;<\/li>\n\n\n\n<li>El JII orientar\u00e1 peri\u00f3dicamente (semanal o quincenal) a los grupos de investigaci\u00f3n del Programa Ondas, conformado por ni\u00f1os, ni\u00f1as y adolescentes siguiendo la metodolog\u00eda del Programa.<\/li>\n\n\n\n<li>El JII deber\u00e1 entregar un informe t\u00e9cnico final de las actividades de CTeI desarrolladas junto con los resultados obtenidos acorde a la propuesta de la estancia posdoctoral.<\/li>\n\n\n\n<li>El JII podr\u00e1 ser un estudiante o un profesional de pregrado reci\u00e9n graduado.&nbsp;<\/li>\n<\/ul>\n\n\n\n<p><span class=\"post-content__span\"> <strong>Del grupo de investigaci\u00f3n del Programa Onda conformado por NNA.<\/strong><\/p>\n\n\n\n<ul class=\"wp-block-list\">\n<li>Debe estar conformado por al menos veinte (20) NNA, estudiantes de entidades educativas p\u00fablicas.<\/li>\n\n\n\n<li>Debe contar con un maestro coinvestigador y responsable en la entidad educativa.<\/li>\n\n\n\n<li>Conformaci\u00f3n de grupos Ondas:\n<ul class=\"wp-block-list\">\n<li>Departamentos con entidad coordinadora: podr\u00e1n ser grupos de investigaci\u00f3n ya&nbsp;constituidos o nuevos, pero en ambos casos deben estar avalados por la entidad coordinadora.<\/li>\n\n\n\n<li>Departamentos sin entidad coordinadora. se podr\u00e1n conformar nuevos grupos que deber\u00e1n registrarse en la Comunidad Virtual H\u00e9roes Ondas a trav\u00e9s de Minciencias.<\/li>\n<\/ul>\n<\/li>\n\n\n\n<li>El grupo debe desarrollar su actividad en la estancia de investigaci\u00f3n bajo la ruta de investigaci\u00f3n Ondas la cual puede ser consultada en el siguiente enlace: https:\/\/ondas.minciencias.gov.co\/<\/li>\n<\/ul>\n\n\n\n<h3 class=\"wp-block-heading\"><strong>PLAZO DE EJECUCI\u00d3N O DURACI\u00d3N<\/strong><\/h3>\n\n\n\n<p><span class=\"post-content__span\"> El plazo de ejecuci\u00f3n de la propuesta es de doce (12) meses.<\/p>\n\n\n\n<h3 class=\"wp-block-heading\"><strong>VALOR ESTIMADO<\/strong><\/h3>\n\n\n\n<p><span class=\"post-content__span\"> La propuesta presentada podr\u00e1 solicitar a MINCIENCIAS-OEI un monto m\u00e1ximo de doscientos ochenta millones m\/cte. ($ 280.000.000), incluido IVA y dem\u00e1s impuestos a que haya lugar. Se realizar\u00e1 un \u00fanico desembolso del 100% al cumplimiento de los requisitos de perfeccionamiento y ejecuci\u00f3n del convenio, y a la entrega y la aprobaci\u00f3n del Plan de trabajo y cronograma de actividades ajustado.<\/p>\n\n\n\n<h3 class=\"wp-block-heading\"><strong>CRONOGRAMA<\/strong><\/h3>\n\n\n\n<ul class=\"wp-block-list\">\n<li><strong>FECHA M\u00c1XIMA AVAL INSTITUCIONAL:&nbsp;<\/strong>Jueves, 16 de junio&nbsp;de 2022 hasta las 6:00 p.m<\/li>\n\n\n\n<li><strong>PROCEDIMIENTO SOLICITUD DE AVAL INSTITUCIONAL:\u00a0<\/strong><a href=\"https:\/\/vicerrectorias.utp.edu.co\/viie\/sin-categoria\/solicitud-aval-institucional-para-la-participacion-en-convocatorias-externas-de-investigacion\/\">\u200bVER<\/a><\/li>\n\n\n\n<li><strong>RECEPCI\u00d3N DE PROPUESTAS:<a href=\"http:\/\/xn--inscripcin%20plataforma%20sigp-e6c\/\">&nbsp;<\/a><\/strong>&nbsp;correo <a href=\"http:\/\/EstanciasconProposito@oei.int\">EstanciasconProposito@oei.int <\/a>o en f\u00edsico en la Carrera 9 N. 76-27 Centro de Innovaci\u00f3n OEI Bogot\u00e1 D.C., de acuerdo al cronograma<\/li>\n<\/ul>\n\n\n\n<p><span class=\"post-content__span\"> <strong>NOTA:&nbsp;<\/strong>Para mayor informaci\u00f3n recomendamos revisar los t\u00e9rminos de referencia completos&nbsp;con el fin de evitar errores a la hora de la postulaci\u00f3n&nbsp;<a href=\"https:\/\/regionciencia.org\/estanciasconproposito\/\"><strong>[VER]<\/strong>.<\/a><\/p>\n\n\n\n<h3 class=\"wp-block-heading\"><span><strong>CONTACTO<\/strong><\/span><\/h3>\n\n\n\n<p><span class=\"post-content__span\"> Inquietudes al correo&nbsp;<a href=\"http:\/\/investigaciones@utp.edu.co\/\">investigaciones@utp.edu.co<\/a><\/p>\n\n\n\n<p><span class=\"post-content__span\"> <strong>Tel\u00e9fono<\/strong>:&nbsp;313 7300&nbsp;<strong>EXT<\/strong>&nbsp;7309 -7789<\/p>\n","protected":false},"excerpt":{"rendered":"<p>La Universidad Tecnol\u00f3gica de Pereira y la Vicerrector\u00eda de Investigaciones, Innovaci\u00f3n y Extensi\u00f3n invitan a participar en la&nbsp;Convocatoria para&nbsp;presentar propuesta para implementar la iniciativa \u201cEstancias con Prop\u00f3sito\u201d con el fin [&#8230;]<\/p>\n","protected":false},"author":0,"featured_media":0,"comment_status":"closed","ping_status":"closed","sticky":false,"template":"","format":"standard","meta":{"footnotes":""},"categories":[7],"tags":[],"class_list":["post-5171","post","type-post","status-publish","format-standard","hentry","category-convocatorias"],"_links":{"self":[{"href":"https:\/\/vicerrectorias.utp.edu.co\/viie\/wp-json\/wp\/v2\/posts\/5171","targetHints":{"allow":["GET"]}}],"collection":[{"href":"https:\/\/vicerrectorias.utp.edu.co\/viie\/wp-json\/wp\/v2\/posts"}],"about":[{"href":"https:\/\/vicerrectorias.utp.edu.co\/viie\/wp-json\/wp\/v2\/types\/post"}],"replies":[{"embeddable":true,"href":"https:\/\/vicerrectorias.utp.edu.co\/viie\/wp-json\/wp\/v2\/comments?post=5171"}],"version-history":[{"count":2,"href":"https:\/\/vicerrectorias.utp.edu.co\/viie\/wp-json\/wp\/v2\/posts\/5171\/revisions"}],"predecessor-version":[{"id":11494,"href":"https:\/\/vicerrectorias.utp.edu.co\/viie\/wp-json\/wp\/v2\/posts\/5171\/revisions\/11494"}],"wp:attachment":[{"href":"https:\/\/vicerrectorias.utp.edu.co\/viie\/wp-json\/wp\/v2\/media?parent=5171"}],"wp:term":[{"taxonomy":"category","embeddable":true,"href":"https:\/\/vicerrectorias.utp.edu.co\/viie\/wp-json\/wp\/v2\/categories?post=5171"},{"taxonomy":"post_tag","embeddable":true,"href":"https:\/\/vicerrectorias.utp.edu.co\/viie\/wp-json\/wp\/v2\/tags?post=5171"}],"curies":[{"name":"wp","href":"https:\/\/api.w.org\/{rel}","templated":true}]}}