{"id":5151,"date":"2022-06-07T11:23:12","date_gmt":"2022-06-07T09:23:12","guid":{"rendered":""},"modified":"2023-11-29T15:05:36","modified_gmt":"2023-11-29T14:05:36","slug":"convocatoria-925-concurso-innovacion-social-a-ciencia-cierta-circula-saberes-teje-oportunidades","status":"publish","type":"post","link":"https:\/\/vicerrectorias.utp.edu.co\/viie\/convocatoria-925-concurso-innovacion-social-a-ciencia-cierta-circula-saberes-teje-oportunidades\/","title":{"rendered":"CONVOCATORIA 925 CONCURSO INNOVACI\u00d3N SOCIAL: A CIENCIA CIERTA, CIRCULA SABERES, TEJE OPORTUNIDADES"},"content":{"rendered":"<div class=\"wp-block-image\">\n<figure class=\"aligncenter is-resized\"><img loading=\"lazy\" decoding=\"async\" src=\"https:\/\/media2.utp.edu.co\/imagenes\/925.jpg\" alt=\"\" style=\"width:540px;height:540px\" width=\"540\" height=\"540\"\/><\/figure>\n<\/div>\n\n\n<p><span class=\"post-content__span\"> <span>La Universidad Tecnol\u00f3gica de Pereira y la Vicerrector\u00eda de Investigaciones, Innovaci\u00f3n y Extensi\u00f3n invitan a participar en la&nbsp;Convocatoria 925 Concurso Innovaci\u00f3n Social: A Ciencia Cierta, circula saberes, teje oportunidades.<\/span><\/p>\n\n\n\n<h3 class=\"wp-block-heading\"><span><strong>OBJETIVO<\/strong><\/span><\/h3>\n\n\n\n<p><span class=\"post-content__span\"> <span>Conformar un banco de propuestas elegibles a trav\u00e9s de la identificaci\u00f3n y fortalecimiento de experiencias comunitarias en marcha, que promuevan procesos de producci\u00f3n o servicios que contribuyan a la mitigaci\u00f3n del impacto ambiental negativo e impulsen el crecimiento econ\u00f3mico de las comunidades en sus territorios, a trav\u00e9s de la recirculaci\u00f3n de materiales o transformaci\u00f3n de pr\u00e1cticas tradicionales, mediante procesos de apropiaci\u00f3n social del conocimiento, que en alianza con los grupos de inter\u00e9s del SNCTeI est\u00e9n interesados en fortalecer con ciencia, tecnolog\u00eda e innovaci\u00f3n las pr\u00e1cticas de econom\u00eda circular.<\/span><\/p>\n\n\n\n<h3 class=\"wp-block-heading\"><span><strong>DIRIGIDA A<\/strong><\/span><\/h3>\n\n\n\n<p><span class=\"post-content__span\"> <span>Grupos de inter\u00e9s del SNCTeI que, en alianza con organizaciones de base comunitaria, entendidas como grupos de personas de m\u00faltiples caracter\u00edsticas (edad, g\u00e9nero, escolaridad, raza, entre otras) que se organizan de manera voluntaria y comparten objetivos, intereses, territorios, necesidades o problemas para lograr un fin com\u00fan, que est\u00e9n interesados en promover las pr\u00e1cticas de econom\u00eda circularConformar un banco de propuestas elegibles a trav\u00e9s de la identificaci\u00f3n y fortalecimiento de experiencias comunitarias en marcha, que promuevan procesos de producci\u00f3n o servicios que contribuyan a la mitigaci\u00f3n del impacto ambiental negativo e impulsen el crecimiento econ\u00f3mico de las comunidades en sus territorios, a trav\u00e9s de la recirculaci\u00f3n de materiales o transformaci\u00f3n de pr\u00e1cticas tradicionales, mediante procesos de apropiaci\u00f3n social del conocimiento, que en alianza con los grupos de inter\u00e9s del SNCTeI est\u00e9n interesados en fortalecer con ciencia, tecnolog\u00eda e innovaci\u00f3n las pr\u00e1cticas de econom\u00eda circular<\/span><\/p>\n\n\n\n<h3 class=\"wp-block-heading\"><span><strong>TEMA PARA EL A\u00d1O 2022<\/strong><\/span><\/h3>\n\n\n\n<p><span class=\"post-content__span\"> <span>Para el abordaje de esta 6a versi\u00f3n la tem\u00e1tica definida es econom\u00eda circular, entendida como una oportunidad de cambio en el modelo convencional de generar productos y servicios, con los cuales se pretende romper el ciclo de \u2018extraer, producir, consumir y desechar\u2019, a fin de reducir el uso de recursos, materia prima para mitigar el efecto ambiental negativo que esto genera.&nbsp;<\/span><\/p>\n\n\n\n<p><span class=\"post-content__span\"> <span>La econom\u00eda circular es un modelo de desarrollo econ\u00f3mico que toma como eje principal el uso continuo de los recursos, el cierre de ciclos de materiales, agua y energ\u00eda, as\u00ed como la creaci\u00f3n de nuevos modelos de negocio, esto con el objetivo de optimizar la eficiencia en la extracci\u00f3n, producci\u00f3n y consumo de materiales, as\u00ed como la reducci\u00f3n de la huella h\u00eddrica y de carbono.<\/span><\/p>\n\n\n\n<p><span class=\"post-content__span\"> <span>A continuaci\u00f3n, se presentan los lineamientos de esta 6a versi\u00f3n denominada A Ciencia Cierta: Circula saberes, teje oportunidades.<\/span><\/p>\n\n\n\n<ol class=\"wp-block-list\">\n<li><span>Gesti\u00f3n circular y aprovechamiento productivo de los recursos<\/span><\/li>\n\n\n\n<li><span>Valoraci\u00f3n de residuos.<\/span><\/li>\n\n\n\n<li><span>Transformaci\u00f3n y adaptaci\u00f3n de pr\u00e1cticas<\/span><\/li>\n\n\n\n<li><span>Innovaci\u00f3n en tecnolog\u00edas<\/span><\/li>\n<\/ol>\n\n\n\n<h3 class=\"wp-block-heading\"><strong><span>REQUISITOS Y CONDICIONES PARA PARTICIPAR&nbsp;<\/span><\/strong><\/h3>\n\n\n\n<p><span class=\"post-content__span\"> Grupos Investigaci\u00f3n en alianza con organizaciones de base comunitaria que participen en el programa A Ciencia Cierta: Circula saberes, teje oportunidades, adem\u00e1s de atender \u201ca qui\u00e9n est\u00e1 dirigido\u201d debe cumplir con los siguientes requisitos:<\/p>\n\n\n\n<ol class=\"wp-block-list\">\n<li>Diligenciar en su totalidad y enviar el formulario de postulaci\u00f3n de experiencias a trav\u00e9s de la p\u00e1gina web https:\/\/apropiaconsentido.minciencias.gov.co\/a-ciencia-cierta\/<\/li>\n\n\n\n<li>Adjuntar una carta de presentaci\u00f3n de la alianza firmada por el l\u00edder del grupo de investigaci\u00f3n o representante legal de la instituci\u00f3n a la que pertenece el grupo y el l\u00edder de la organizaci\u00f3n de base comunitaria, en la que se manifieste su inter\u00e9s y compromiso de participar en el concurso Innovaci\u00f3n Social: A Ciencia Cierta: Circula saberes, teje oportunidades (Anexo 1).<\/li>\n\n\n\n<li>El grupo de inter\u00e9s del SNCTeI aliado debe tener reconocimiento vigente por parte del Ministerio de Ciencia, Tecnolog\u00eda e Innovaci\u00f3n al momento del cierre del concurso.<\/li>\n\n\n\n<li>Adjuntar el Acta de aprobaci\u00f3n de los miembros de la organizaci\u00f3n de base comunitaria para participar en Innovaci\u00f3n Social: A Ciencia Cierta: Circula saberes, teje oportunidades, en la que designan sus representantes \/ interlocutores, debidamente diligenciada y firmada por los miembros de la organizaci\u00f3n de base comunitaria (Anexo 2).<\/li>\n\n\n\n<li>La organizaci\u00f3n de base comunitaria debe estar registrada y actualizada su informaci\u00f3n ante C\u00e1mara de Comercio. En el caso que el postulante no cuente con un certificado de existencia y representaci\u00f3n legal expedido por una C\u00e1mara de Comercio, deber\u00e1 allegar el certificado de existencia y representaci\u00f3n legal emitido por la Entidad competente, o el documento jur\u00eddico con el cual se crea la persona jur\u00eddica.<\/li>\n\n\n\n<li>Adjuntar copia del documento de identidad de los representantes legales de la alianza.<\/li>\n<\/ol>\n\n\n\n<p><span class=\"post-content__span\"> <strong>Nota:<\/strong><\/p>\n\n\n\n<ul class=\"wp-block-list\">\n<li>Se aceptar\u00e1n \u00fanicamente las experiencias que se presenten a trav\u00e9s del formulario en l\u00ednea con toda la informaci\u00f3n solicitada en estas bases de concurso.<\/li>\n\n\n\n<li>El Ministerio de Ciencia, Tecnolog\u00eda e Innovaci\u00f3n podr\u00e1 solicitar en cualquier momento, informaci\u00f3n y documentaci\u00f3n adicional, complementaria o aclaraciones de los documentos entregados.<\/li>\n<\/ul>\n\n\n\n<h3 class=\"wp-block-heading\"><span><strong>DURACI\u00d3N Y FINANCIACI\u00d3N<\/strong><\/span><\/h3>\n\n\n\n<p><span class=\"post-content__span\"> <span>El t\u00e9rmino de duraci\u00f3n del fortalecimiento de las experiencias ser\u00e1 hasta de doce (12) meses contados a partir del cumplimiento de los requisitos de perfeccionamiento del respectivo contrato.<\/span><\/p>\n\n\n\n<p><span class=\"post-content__span\"> <span>Minciencias cuenta con MIL SETECIENTOS MILLONES DE PESOS M\/CTE ($1.700.000.000) para financiar 17 fortalecimientos de experiencias ganadoras, cada una por un monto m\u00e1ximo de CIEN MILLONES DE PESOS M\/CTE ($100.000.000), de acuerdo con el CONVENIO ESPECIAL DE COOPERACI\u00d3N No. 295-2022 Certificado de Disponibilidad de Recursos CDR Derivado 17546-2022 a favor de la Organizaci\u00f3n de Estados Iberoamericanos para la educaci\u00f3n, la ciencia y la cultura \u2013 OEI. <\/span><\/p>\n\n\n\n<p><span class=\"post-content__span\"> <span>Las organizaciones de base comunitaria ganadoras en este concurso deber\u00e1n aportar una contrapartida en efectivo y\/o especie por un monto m\u00ednimo del 40% del valor solicitado a Minciencias. Esta contrapartida debe quedar definida y soportada mediante un certificado de contrapartida, previo a la firma del respectivo contrato. Desembolsos: <\/span><\/p>\n\n\n\n<p><span class=\"post-content__span\"> <span>Un primer desembolso a la aprobaci\u00f3n del plan operativo por parte del Ministerio por un valor del 70% del total del contrato. <\/span><\/p>\n\n\n\n<p><span class=\"post-content__span\"> <span>Un segundo desembolso por el 30% restante a la mitad del plazo de ejecuci\u00f3n del fortalecimiento, siempre y cuando la comunidad haya justificado y soportado la ejecuci\u00f3n de m\u00ednimo el ochenta por ciento (80%) del primer desembolso, con el informe de avance t\u00e9cnico y financiero aprobado por el Ministerio y mencionados en las minutas de los contratos.&nbsp;<\/span><\/p>\n\n\n\n<h3 class=\"wp-block-heading\"><span><strong>AVAL DEL COMIT\u00c9 DE BIO\u00c9TICA<\/strong><\/span><\/h3>\n\n\n\n<p><span class=\"post-content__span\"> <span>Presentar concepto de un comit\u00e9 de \u00e9tica\/bio\u00e9tica, donde se especifique que la propuesta ha sido revisada y avalada. En caso de que ninguna de las instituciones que conforman la Alianza cuenten con un comit\u00e9 de \u00e9tica, se podr\u00e1 solicitar el concepto ante otra entidad que s\u00ed cuente con uno. Se debe anexar a este aval, el acto administrativo que soporta la conformaci\u00f3n del Comit\u00e9 de \u00e9tica o de Bio\u00e9tica que lo expide.&nbsp;&nbsp;<\/span><\/p>\n\n\n\n<p><span class=\"post-content__span\"> <span>Por lo anterior, tenga en cuenta el cronograma de reuniones del CBE &#8211; UTP\u00a0<strong><a href=\"https:\/\/vicerrectorias.utp.edu.co\/viie\/sin-categoria\/comite-de-bioetica\/\">[VER]<\/a>\u00a0<\/strong>con el fin de evitar contratiempos:<\/span><\/p>\n\n\n<div class=\"wp-block-image\">\n<figure class=\"aligncenter\"><img decoding=\"async\" src=\"https:\/\/media2.utp.edu.co\/imagenes\/CBE%20CRONO.PNG\" alt=\"\"\/><\/figure>\n<\/div>\n\n\n<h3 class=\"wp-block-heading\"><span><strong>CRITERIOS DE EVALUACI\u00d3N&nbsp;&nbsp;<\/strong><\/span><\/h3>\n\n\n<div class=\"wp-block-image\">\n<figure class=\"aligncenter is-resized\"><img loading=\"lazy\" decoding=\"async\" src=\"https:\/\/media2.utp.edu.co\/imagenes\/CRITERIO%201.PNG\" alt=\"\" style=\"width:592px;height:506px\" width=\"592\" height=\"506\"\/><\/figure>\n<\/div>\n\n<div class=\"wp-block-image\">\n<figure class=\"aligncenter is-resized\"><img loading=\"lazy\" decoding=\"async\" src=\"https:\/\/media2.utp.edu.co\/imagenes\/CRITERIO%202.PNG\" alt=\"\" style=\"width:478px;height:596px\" width=\"478\" height=\"596\"\/><\/figure>\n<\/div>\n\n\n<h3 class=\"wp-block-heading\"><span><strong>CRONOGRAMA<\/strong><\/span><\/h3>\n\n\n\n<ul class=\"wp-block-list\">\n<li><span><strong>FECHA M\u00c1XIMA AVAL INSTITUCIONAL:&nbsp;<\/strong>Jueves, 16 de junio de 2022&nbsp;hasta las 6:00 p.m<\/span><\/li>\n\n\n\n<li><span><strong>PROCEDIMIENTO SOLICITUD DE AVAL INSTITUCIONAL:\u00a0<\/strong><a href=\"https:\/\/vicerrectorias.utp.edu.co\/viie\/sin-categoria\/solicitud-aval-institucional-para-la-participacion-en-convocatorias-externas-de-investigacion\/\">\u200bVER<\/a><\/span><\/li>\n\n\n\n<li><span><strong>PLATAFORMA DE&nbsp;INSCRIPCI\u00d3N:<a href=\"http:\/\/xn--inscripcin%20plataforma%20sigp-e6c\/\">&nbsp;<\/a><\/strong><a href=\"https:\/\/apropiaconsentido.minciencias.gov.co\/a-ciencia-cierta\/\">https:\/\/apropiaconsentido.minciencias.gov.co\/a-ciencia-cierta\/<\/a><\/span><\/li>\n<\/ul>\n\n\n\n<p><span class=\"post-content__span\"> <span><strong>NOTA:&nbsp;<\/strong>Para mayor informaci\u00f3n recomendamos revisar los t\u00e9rminos de referencia completos&nbsp;con el fin de evitar errores a la hora de la postulaci\u00f3n&nbsp;<a href=\"https:\/\/minciencias.gov.co\/convocatorias\/apropiacion-social-del-conocimiento\/concurso-innovacion-social-ciencia-cierta-circula\"><strong>[VER]<\/strong>.<\/a><\/span><\/p>\n\n\n\n<h3 class=\"wp-block-heading\"><span><strong>CONTACTO<\/strong><\/span><\/h3>\n\n\n\n<p><span class=\"post-content__span\"> <span>Inquietudes al correo&nbsp;<a href=\"http:\/\/investigaciones@utp.edu.co\/\">investigaciones@utp.edu.co<\/a><\/span><\/p>\n\n\n\n<p><span class=\"post-content__span\"> <span><strong>Tel\u00e9fono<\/strong>:&nbsp;313 7300&nbsp;<strong>EXT<\/strong>&nbsp;7309 -7789<\/span><\/p>\n","protected":false},"excerpt":{"rendered":"<p>La Universidad Tecnol\u00f3gica de Pereira y la Vicerrector\u00eda de Investigaciones, Innovaci\u00f3n y Extensi\u00f3n invitan a participar en la&nbsp;Convocatoria 925 Concurso Innovaci\u00f3n Social: A Ciencia Cierta, circula saberes, teje oportunidades. OBJETIVO [&#8230;]<\/p>\n","protected":false},"author":0,"featured_media":0,"comment_status":"closed","ping_status":"closed","sticky":false,"template":"","format":"standard","meta":{"footnotes":""},"categories":[7],"tags":[],"class_list":["post-5151","post","type-post","status-publish","format-standard","hentry","category-convocatorias"],"_links":{"self":[{"href":"https:\/\/vicerrectorias.utp.edu.co\/viie\/wp-json\/wp\/v2\/posts\/5151","targetHints":{"allow":["GET"]}}],"collection":[{"href":"https:\/\/vicerrectorias.utp.edu.co\/viie\/wp-json\/wp\/v2\/posts"}],"about":[{"href":"https:\/\/vicerrectorias.utp.edu.co\/viie\/wp-json\/wp\/v2\/types\/post"}],"replies":[{"embeddable":true,"href":"https:\/\/vicerrectorias.utp.edu.co\/viie\/wp-json\/wp\/v2\/comments?post=5151"}],"version-history":[{"count":3,"href":"https:\/\/vicerrectorias.utp.edu.co\/viie\/wp-json\/wp\/v2\/posts\/5151\/revisions"}],"predecessor-version":[{"id":11495,"href":"https:\/\/vicerrectorias.utp.edu.co\/viie\/wp-json\/wp\/v2\/posts\/5151\/revisions\/11495"}],"wp:attachment":[{"href":"https:\/\/vicerrectorias.utp.edu.co\/viie\/wp-json\/wp\/v2\/media?parent=5151"}],"wp:term":[{"taxonomy":"category","embeddable":true,"href":"https:\/\/vicerrectorias.utp.edu.co\/viie\/wp-json\/wp\/v2\/categories?post=5151"},{"taxonomy":"post_tag","embeddable":true,"href":"https:\/\/vicerrectorias.utp.edu.co\/viie\/wp-json\/wp\/v2\/tags?post=5151"}],"curies":[{"name":"wp","href":"https:\/\/api.w.org\/{rel}","templated":true}]}}