{"id":5051,"date":"2022-06-01T15:43:21","date_gmt":"2022-06-01T13:43:21","guid":{"rendered":""},"modified":"2023-11-29T15:08:14","modified_gmt":"2023-11-29T14:08:14","slug":"convocatoria-930-fortalecimiento-de-capacidades-para-la-produccion-en-colombia-de-reactivos-insumos-y-metodologias-para-la-prevencion-diagnostico-y","status":"publish","type":"post","link":"https:\/\/vicerrectorias.utp.edu.co\/viie\/convocatoria-930-fortalecimiento-de-capacidades-para-la-produccion-en-colombia-de-reactivos-insumos-y-metodologias-para-la-prevencion-diagnostico-y\/","title":{"rendered":"CONVOCATORIA 930 FORTALECIMIENTO DE CAPACIDADES PARA LA PRODUCCI\u00d3N EN COLOMBIA DE REACTIVOS, INSUMOS Y METODOLOG\u00cdAS, PARA LA PREVENCI\u00d3N, DIAGN\u00d3STICO Y"},"content":{"rendered":"<div class=\"wp-block-image\">\n<figure class=\"aligncenter is-resized\"><img loading=\"lazy\" decoding=\"async\" src=\"https:\/\/media2.utp.edu.co\/imagenes\/930%281%29.png\" alt=\"\" style=\"width:810px;height:518px\" width=\"810\" height=\"518\"\/><\/figure>\n<\/div>\n\n\n<p><span class=\"post-content__span\"> <span>La Universidad Tecnol\u00f3gica de Pereira y la Vicerrector\u00eda de Investigaciones, Innovaci\u00f3n y Extensi\u00f3n invitan a participar en la&nbsp;<\/span>Convocatoria 930 fortalecimiento de capacidades para la producci\u00f3n en Colombia de reactivos, insumos y metodolog\u00edas, para la prevenci\u00f3n, diagn\u00f3stico y tratamiento de enfermedades de importancia en salud p\u00fablica.<\/p>\n\n\n\n<h3 class=\"wp-block-heading\"><strong>OBJETIVOS&nbsp;&nbsp;<\/strong><\/h3>\n\n\n\n<p><span class=\"post-content__span\"> GENERAL: Contribuir al fortalecimiento de proyectos de desarrollo tecnol\u00f3gico e innovaci\u00f3n en salud que conduzcan a la producci\u00f3n de reactivos, insumos y metodolog\u00edas con el fin de aportar a la soluci\u00f3n de la problem\u00e1tica relacionada con la importaci\u00f3n, escasez de productos, costos elevados, tiempos de acceso y dem\u00e1s aspectos relacionados con la dependencia tecnol\u00f3gica.&nbsp;<\/p>\n\n\n\n<p><span class=\"post-content__span\"> <strong>ESPEC\u00cdFICOS<\/strong><\/p>\n\n\n\n<p><span class=\"post-content__span\"> 1. Apoyar proyectos que conduzcan al desarrollo y obtenci\u00f3n de reactivos, insumos y tecnolog\u00edas, de tal manera que las soluciones presentadas demuestren un avance en los niveles de madurez tecnol\u00f3gica.<\/p>\n\n\n\n<p><span class=\"post-content__span\"> 2. Fomentar las capacidades tecnol\u00f3gicas y productivas nacionales, mediante alianzas estrat\u00e9gicas entre los actores del SNCTI y Personas Jur\u00eddicas p\u00fablicas o privadas4 , que contribuyan a potencializar la respuesta a las necesidades del pa\u00eds en cuanto a disponibilidad de insumos, reactivos y metodolog\u00edas para atender las enfermedades de inter\u00e9s en Salud P\u00fablica en Colombia.<\/p>\n\n\n\n<p><span class=\"post-content__span\"> 3 Promover la transferencia de resultados cient\u00edficos y tecnol\u00f3gicos que aporten a la prevenci\u00f3n, diagn\u00f3stico y seguimiento de las enfermedades de inter\u00e9s en Salud P\u00fablica en Colombia.<\/p>\n\n\n\n<h3 class=\"wp-block-heading\"><strong>DIRIGIDA A<\/strong><\/h3>\n\n\n\n<p><span class=\"post-content__span\"> La convocatoria est\u00e1 dirigida a alianzas estrat\u00e9gicas conformadas por:<\/p>\n\n\n\n<p><span class=\"post-content__span\"> <strong>GRUPO 1:<\/strong><\/p>\n\n\n\n<p><span class=\"post-content__span\"> &#8211; Instituciones de Educaci\u00f3n Superior, a trav\u00e9s de uno o varios grupos de investigaci\u00f3n reconocidos por EL MINISTERIO, categorizados como A1, A, B y C, con reconocimiento vigente al cierre de esta convocatoria.<\/p>\n\n\n\n<p><span class=\"post-content__span\"> &#8211; Universidades e institutos de investigaci\u00f3n a trav\u00e9s de sus Grupos T\u00e1ndem Max Planck5 creados en Colombia. &#8211; Institutos y centros de investigaci\u00f3n con reconocimiento vigente por EL MINISTERIO.<\/p>\n\n\n\n<p><span class=\"post-content__span\"> &#8211; Centros de desarrollo tecnol\u00f3gico con reconocimiento vigente por EL MINISTERIO.<\/p>\n\n\n\n<p><span class=\"post-content__span\"> <strong>GRUPO 2&nbsp;&nbsp;<\/strong><\/p>\n\n\n\n<p><span class=\"post-content__span\"> &#8211; Personas jur\u00eddicas p\u00fablicas o privadas nacionales6 o extranjeras legalmente constituidas con domicilio en Colombia como m\u00ednimo dos a\u00f1os antes de la fecha de cierre de la presente convocatoria.<\/p>\n\n\n\n<p><span class=\"post-content__span\"> La alianza deber\u00e1 conformarse entre al menos una (1) entidad del GRUPO 1 y al menos una (1) entidad del GRUPO 2, mostrando el car\u00e1cter interinstitucional e interdisciplinario, el compromiso y la participaci\u00f3n en t\u00e9rminos presupuestales, t\u00e9cnicos y operativos. Una vez cumplido el m\u00ednimo establecido para la conformaci\u00f3n de la alianza, podr\u00e1n participar m\u00e1s actores del SNCTI en calidad de COEJECUTORAS o COLABORADORAS.&nbsp;&nbsp;<\/p>\n\n\n\n<p><span class=\"post-content__span\"> La entidad que cumpla con el rol de EJECUTORA deber\u00e1 estar incluida en el GRUPO 1. Esta entidad recibir\u00e1 los recursos, ser\u00e1 la interlocutora con el MINISTERIO y la responsable de la correcta ejecuci\u00f3n y del alcance de los resultados esperados del proyecto, as\u00ed como de la entrega de los informes.&nbsp;&nbsp;<\/p>\n\n\n\n<p><span class=\"post-content__span\"> Las dem\u00e1s entidades que conformen la alianza, tanto del GRUPO 1 como del GRUPO 2, y aporten contrapartida (en dinero y\/o en especie) participar\u00e1n en calidad de COEJECUTORAS, estas entidades tambi\u00e9n asumen responsabilidades frente a los objetivos, compromisos y entregables del proyecto. Sin embargo, se precisa que s\u00f3lo las entidades del GRUPO 1 podr\u00e1n ser EJECUTORAS.<\/p>\n\n\n\n<h3 class=\"wp-block-heading\"><strong>L\u00cdNEAS TEM\u00c1TICAS&nbsp;&nbsp;<\/strong><\/h3>\n\n\n\n<p><span class=\"post-content__span\"> De acuerdo con los t\u00e9rminos de referencia, cada proyecto debe enmarcarse en una de las siguientes tem\u00e1ticas de acuerdo con las necesidades nacionales y teniendo en cuenta el objetivo de la convocatoria (Anexo 5):&nbsp;&nbsp;<\/p>\n\n\n\n<p><span class=\"post-content__span\"> \u2022 Condiciones Transmisibles e infecciosas.<\/p>\n\n\n\n<p><span class=\"post-content__span\"> \u2022 Condiciones cr\u00f3nicas no transmisibles, no incluye c\u00e1ncer.<\/p>\n\n\n\n<p><span class=\"post-content__span\"> \u2022 Discapacidad y rehabilitaci\u00f3n integral.<\/p>\n\n\n\n<p><span class=\"post-content__span\"> \u2022 Salud ambienta<\/p>\n\n\n\n<p><span class=\"post-content__span\"> Los proyectos deben ser abordadas desde el desarrollo experimental, desarrollo tecnol\u00f3gico o innovaci\u00f3n, involucrando diferentes disciplinas y actores para la generaci\u00f3n de resultados tangibles y verificables en respuesta a las necesidades descritas a continuaci\u00f3n (Anexo 5):<\/p>\n\n\n\n<p><span class=\"post-content__span\"> 1. Reactivos y sustancias de uso com\u00fan en laboratorios para el diagn\u00f3stico por biolog\u00eda molecular o serol\u00f3gico.<\/p>\n\n\n\n<p><span class=\"post-content__span\"> 2. Pruebas r\u00e1pidas o kits diagn\u00f3sticos.<\/p>\n\n\n\n<p><span class=\"post-content__span\"> 3. Equipos y dispositivos m\u00e9dicos.<\/p>\n\n\n\n<p><span class=\"post-content__span\"> 4. Insumos de laboratorio: materias primas, materiales e instrumentos de laboratorio (por ejemplo, tubos, puntas, placas de PCR y cultivo celular, etc.).<\/p>\n\n\n\n<p><span class=\"post-content__span\"> 5. Generaci\u00f3n y validaci\u00f3n de protocolos.&nbsp;<\/p>\n\n\n\n<p><span class=\"post-content__span\"> Para que los proyectos sean considerados en el proceso de evaluaci\u00f3n, estos deben encontrarse en un nivel de madurez tecnol\u00f3gica (TRL) entre TRL 4 y TRL6, de manera que al finalizar su ejecuci\u00f3n demuestren un TRL superior a la inicial, siendo coherentes con los productos que se planteen como resultados de las actividades de generaci\u00f3n de nuevo conocimiento, de desarrollo tecnol\u00f3gico e innovaci\u00f3n y mitigaci\u00f3n de la dependencia tecnol\u00f3gica, para m\u00e1s informaci\u00f3n consultar el Anexo 3. Niveles de madurez tecnol\u00f3gica (TRLs).&nbsp;<\/p>\n\n\n\n<h3 class=\"wp-block-heading\"><strong>DURACI\u00d3N Y FINANCIACI\u00d3N&nbsp;<\/strong><\/h3>\n\n\n\n<p><span class=\"post-content__span\"> El instrumento de apoyo financiero que aplica en el caso de esta convocatoria es RECUPERACI\u00d3N CONTINGENTE7 . EL MINISTERIO cuenta con una disponibilidad presupuestal de hasta CINCO MIL MILLONES DE PESOS M\/CTE ($5.000.000.000) de acuerdo con el CDP No. 522 del 05 de mayo de 2022.<\/p>\n\n\n\n<p><span class=\"post-content__span\"> El t\u00e9rmino de duraci\u00f3n de los proyectos por financiar en esta modalidad ser\u00e1 de m\u00ednimo DOCE (12) MESES y m\u00e1ximo TREINTA Y SEIS (36) MESES. El monto m\u00e1ximo financiable por proyecto es de MIL MILLONES DE PESOS M\/CTE ($ 1.000.000.000).<\/p>\n\n\n\n<p><span class=\"post-content__span\"> El MINISTERIO financiar\u00e1 m\u00e1ximo hasta el 70% del valor total del proyecto, que comprende el costo de ejecuci\u00f3n del proyecto y el rubro de Gesti\u00f3n de Instrumentos en CTeI (5%). El costo de Gesti\u00f3n de Instrumentos en CTeI que corresponde al 5% del monto de financiaci\u00f3n solicitado no estar\u00e1 disponible para ser ejecutado por el proponente, pero deber\u00e1 ser incluido en el presupuesto del proyecto.<\/p>\n\n\n\n<p><span class=\"post-content__span\"> La entidad EJECUTORA y las COEJECUTORAS deber\u00e1n aportar una contrapartida en dinero o especie por un monto m\u00ednimo equivalente al 30% del costo total del proyecto. Esta contrapartida debe quedar definida y soportada en la carta de aval unificada y compromiso institucional (Anexo 2).&nbsp;<\/p>\n\n\n\n<h3 class=\"wp-block-heading\"><span><strong>AVAL DEL COMIT\u00c9 DE BIO\u00c9TICA<\/strong><\/span><\/h3>\n\n\n\n<p><span class=\"post-content__span\"> Presentar concepto de un comit\u00e9 de \u00e9tica\/bio\u00e9tica, donde se especifique que la propuesta ha sido revisada y avalada. En caso de que ninguna de las instituciones que conforman la Alianza cuenten con un comit\u00e9 de \u00e9tica, se podr\u00e1 solicitar el concepto ante otra entidad que s\u00ed cuente con uno. Se debe anexar a este aval, el acto administrativo que soporta la conformaci\u00f3n del Comit\u00e9 de \u00e9tica o de Bio\u00e9tica que lo expide.&nbsp;&nbsp;<\/p>\n\n\n\n<p><span class=\"post-content__span\"> Por lo anterior, tenga en cuenta el cronograma de reuniones del CBE &#8211; UTP\u00a0<strong><a href=\"https:\/\/vicerrectorias.utp.edu.co\/viie\/sin-categoria\/comite-de-bioetica\/\">[VER]<\/a>\u00a0<\/strong>con el fin de evitar contratiempos:<\/p>\n\n\n<div class=\"wp-block-image\">\n<figure class=\"aligncenter\"><img decoding=\"async\" src=\"https:\/\/media2.utp.edu.co\/imagenes\/CBE%20CRONO.PNG\" alt=\"\"\/><\/figure>\n<\/div>\n\n\n<h3 class=\"wp-block-heading\"><strong>CRITERIOS DE EVALUACI\u00d3N&nbsp;&nbsp;<\/strong><\/h3>\n\n\n\n<p><span class=\"post-content__span\"> Los proyectos inscritos dentro de los plazos establecidos para la presente convocatoria, que cumplan con la totalidad de los requisitos, ser\u00e1n evaluados teniendo en cuenta los siguientes criterios de evaluaci\u00f3n:<\/p>\n\n\n<div class=\"wp-block-image\">\n<figure class=\"aligncenter is-resized\"><img loading=\"lazy\" decoding=\"async\" src=\"https:\/\/media2.utp.edu.co\/imagenes\/EVA.PNG\" alt=\"\" style=\"width:902px;height:249px\" width=\"902\" height=\"249\"\/><\/figure>\n<\/div>\n\n\n<p><span class=\"post-content__span\"> Ver el detalle de los criterios de evaluaci\u00f3n en el Anexo 8. Criterios de evaluaci\u00f3n.&nbsp;<\/p>\n\n\n\n<h3 class=\"wp-block-heading\"><strong>CRONOGRAMA<\/strong><\/h3>\n\n\n\n<ul class=\"wp-block-list\">\n<li><strong>FECHA M\u00c1XIMA AVAL INSTITUCIONAL:&nbsp;<\/strong>Mi\u00e9rcoles, 8 de junio&nbsp;de 2022 hasta las 6:00 p.m<\/li>\n\n\n\n<li><strong>PROCEDIMIENTO SOLICITUD DE AVAL INSTITUCIONAL:\u00a0<\/strong><a href=\"https:\/\/vicerrectorias.utp.edu.co\/viie\/sin-categoria\/solicitud-aval-institucional-para-la-participacion-en-convocatorias-externas-de-investigacion\/\">\u200bVER<\/a><\/li>\n\n\n\n<li><strong>INSCRIPCI\u00d3N&nbsp;PLATAFORMA&nbsp;SIGP:<a href=\"http:\/\/xn--inscripcin%20plataforma%20sigp-e6c\/\">&nbsp;<\/a><\/strong><a href=\"https:\/\/plataformasigp.minciencias.gov.co:7003\/FormularioProyectos\/faces\/proyecto\/crear.xhtml?faces-redirect=true\">https:\/\/plataformasigp.minciencias.gov.co:7003\/FormularioProyectos\/faces\/proyecto\/crear.xhtml?faces-redirect=true<\/a><\/li>\n<\/ul>\n\n\n\n<p><span class=\"post-content__span\"> <strong>NOTA:&nbsp;<\/strong>Para mayor informaci\u00f3n recomendamos revisar los t\u00e9rminos de referencia completos&nbsp;con el fin de evitar errores a la hora de la postulaci\u00f3n&nbsp;<a href=\"https:\/\/minciencias.gov.co\/convocatorias\/fortalecimiento-capacidades-para-la-generacion-conocimiento\/convocatoria-0\"><strong>[VER]<\/strong>.<\/a><\/p>\n\n\n\n<h3 class=\"wp-block-heading\"><span><strong>CONTACTO<\/strong><\/span><\/h3>\n\n\n\n<p><span class=\"post-content__span\"> Inquietudes al correo&nbsp;<a href=\"http:\/\/investigaciones@utp.edu.co\/\">investigaciones@utp.edu.co<\/a><\/p>\n\n\n\n<p><span class=\"post-content__span\"> <strong>Tel\u00e9fono<\/strong>:&nbsp;313 7300&nbsp;<strong>EXT<\/strong>&nbsp;7309 -7789<\/p>\n","protected":false},"excerpt":{"rendered":"<p>La Universidad Tecnol\u00f3gica de Pereira y la Vicerrector\u00eda de Investigaciones, Innovaci\u00f3n y Extensi\u00f3n invitan a participar en la&nbsp;Convocatoria 930 fortalecimiento de capacidades para la producci\u00f3n en Colombia de reactivos, insumos [&#8230;]<\/p>\n","protected":false},"author":0,"featured_media":0,"comment_status":"closed","ping_status":"closed","sticky":false,"template":"","format":"standard","meta":{"footnotes":""},"categories":[7],"tags":[],"class_list":["post-5051","post","type-post","status-publish","format-standard","hentry","category-convocatorias"],"_links":{"self":[{"href":"https:\/\/vicerrectorias.utp.edu.co\/viie\/wp-json\/wp\/v2\/posts\/5051","targetHints":{"allow":["GET"]}}],"collection":[{"href":"https:\/\/vicerrectorias.utp.edu.co\/viie\/wp-json\/wp\/v2\/posts"}],"about":[{"href":"https:\/\/vicerrectorias.utp.edu.co\/viie\/wp-json\/wp\/v2\/types\/post"}],"replies":[{"embeddable":true,"href":"https:\/\/vicerrectorias.utp.edu.co\/viie\/wp-json\/wp\/v2\/comments?post=5051"}],"version-history":[{"count":4,"href":"https:\/\/vicerrectorias.utp.edu.co\/viie\/wp-json\/wp\/v2\/posts\/5051\/revisions"}],"predecessor-version":[{"id":11497,"href":"https:\/\/vicerrectorias.utp.edu.co\/viie\/wp-json\/wp\/v2\/posts\/5051\/revisions\/11497"}],"wp:attachment":[{"href":"https:\/\/vicerrectorias.utp.edu.co\/viie\/wp-json\/wp\/v2\/media?parent=5051"}],"wp:term":[{"taxonomy":"category","embeddable":true,"href":"https:\/\/vicerrectorias.utp.edu.co\/viie\/wp-json\/wp\/v2\/categories?post=5051"},{"taxonomy":"post_tag","embeddable":true,"href":"https:\/\/vicerrectorias.utp.edu.co\/viie\/wp-json\/wp\/v2\/tags?post=5051"}],"curies":[{"name":"wp","href":"https:\/\/api.w.org\/{rel}","templated":true}]}}