{"id":5041,"date":"2022-09-27T11:18:14","date_gmt":"2023-12-01T14:53:00","guid":{"rendered":""},"modified":"2023-07-28T11:33:56","modified_gmt":"2023-12-01T14:53:00","slug":"primera-jornada-de-apropiacion-social-del-conocimiento-facultad-de-ciencias-de-la-salud","status":"publish","type":"post","link":"https:\/\/vicerrectorias.utp.edu.co\/viie\/primera-jornada-de-apropiacion-social-del-conocimiento-facultad-de-ciencias-de-la-salud\/","title":{"rendered":"PRIMERA JORNADA DE APROPIACI\u00d3N SOCIAL DEL CONOCIMIENTO FACULTAD DE CIENCIAS DE LA SALUD"},"content":{"rendered":"\n<p><span class=\"post-content__span\"> <strong>PROGRAMACI\u00d3N<\/strong><\/p>\n\n\n\n<p><span class=\"post-content__span\"> <a href=\"https:\/\/media2.utp.edu.co\/archivos\/Salud%20%20Social%20del%20Conocimiento%20UTP%20%285%29.pdf\"><strong>\u200b[Ver]&nbsp;<\/strong>Programaci\u00f3n Oficial<\/a><\/p>\n\n\n\n<p><span class=\"post-content__span\"> <strong>Fecha de publicaci\u00f3n: <\/strong>27 de septiembre&nbsp;de 2022<\/p>\n\n\n\n<h3 class=\"wp-block-heading\"><strong><span>RESULTADOS<\/span><\/strong><\/h3>\n\n\n\n<p><span class=\"post-content__span\"> <a href=\"https:\/\/media2.utp.edu.co\/archivos\/Resultados%20Ciencias%20de%20la%20Salud%20%281%29.pdf\"><strong>\u200b[Ver] Listado Ponencias Inscritas y cumplimiento de requisitos<\/strong>.<\/a><\/p>\n\n\n\n<p><span class=\"post-content__span\"> <strong>Fecha de publicaci\u00f3n: <\/strong>05 de agosto de 2022<\/p>\n\n\n\n<figure class=\"wp-block-image is-resized\"><img loading=\"lazy\" decoding=\"async\" src=\"https:\/\/media2.utp.edu.co\/imagenes\/WhatsApp%20Image%202022-09-26%20at%2011.46.07%20AM.jpeg\" alt=\"\" width=\"540\" height=\"540\"\/><\/figure>\n\n\n\n<hr class=\"wp-block-separator has-css-opacity\"\/>\n\n\n\n<p><span class=\"post-content__span\"> <span><strong><span>LA<\/span>&nbsp;<span>UNIVERSIDAD TECNOL\u00d3GICA DE PEREIRA Y LA VICERRECTOR\u00cdA DE INVESTIGACIONES, INNOVACI\u00d3N Y EXTENSI\u00d3N LOS INVITA A PARTICIPAR<\/span><\/strong><\/span><\/p>\n\n\n\n<p><span class=\"post-content__span\"> <span>En la primera jornada de Apropiaci\u00f3n Social del Conocimiento Facultad de Ciencias de la Salud la cual se llevar\u00e1 a cabo el d\u00eda 29 de septiembre de 2022.<\/span><\/p>\n\n\n\n<h3 class=\"wp-block-heading\"><span><strong>MODALIDADES DE PARTICIPACI\u00d3N<\/strong><\/span><\/h3>\n\n\n\n<ul class=\"wp-block-list\">\n<li><span><strong>PONENCIA: <\/strong>Presentaci\u00f3n oral de resultados de proyectos de investigaci\u00f3n de la facultad de Ciencias de la Salud inscritos en la Vicerrector\u00eda de Investigaciones, Innovaci\u00f3n y Extensi\u00f3n concluidos entre el 1 enero del 2017 al 1 de enero de 2022&nbsp;y Proyectos de Extensi\u00f3n registrados en el aplicativo de extensi\u00f3n donde se evidencia un impacto a la comunidad, concluidos entre el 1 enero del 2017 al 1 de enero de 2022, Para el desarrollo de la ponencia se otorgar\u00e1 un tiempo de 15 minutos, m\u00e1s 5 minutos para preguntas del p\u00fablico.<\/span><\/li>\n<\/ul>\n\n\n\n<p><span class=\"post-content__span\"> <span><strong>NOTA l<\/strong>: Se recibir\u00e1n los primeros 20 proyectos que cumplan con los t\u00e9rminos de referencia y se dar\u00e1 prioridad a los proyectos que deseen publicar sus resultados en el libro de apropiaci\u00f3n social del conocimiento de la Facultad de Ciencias de la Salud.<\/span><\/p>\n\n\n\n<p><span class=\"post-content__span\"> <span><strong>NOTA ll:<\/strong> Los ponentes podr\u00e1n participar en la convocatoria con un proyecto diferente a los que se presentaron en:<\/span><\/p>\n\n\n\n<ul class=\"wp-block-list\">\n<li><span>Cuarta, Quinta y Sexta Jornada de Apropiaci\u00f3n Social del Conocimiento \u201cINVESTIGACI\u00d3N, INNOVACI\u00d3N Y EXTENSI\u00d3N EN LA UTP\u201d, 2019 al 2021.<\/span><\/li>\n\n\n\n<li><span>Convocatoria para fomentar la publicaci\u00f3n de cap\u00edtulos de libro resultado de investigaci\u00f3n (Grupos de Investigaci\u00f3n) a\u00f1os 2019 al 2021.<\/span><\/li>\n\n\n\n<li><span>Convocatoria para fomentar la publicaci\u00f3n de cap\u00edtulos de libro resultado de investigaci\u00f3n a\u00f1o 2020. \u201cCatedr\u00e1ticos\u201d.<\/span><\/li>\n\n\n\n<li><span>Primera Jornada de Apropiaci\u00f3n Social del Conocimiento de Ciencias Ambientales, a\u00f1o 2020.<\/span><\/li>\n\n\n\n<li><span>Primera Jornada de Apropiaci\u00f3n Social del Conocimiento de la Facultad de Ingenier\u00eda Mec\u00e1nica, a\u00f1o 2020.<\/span><\/li>\n<\/ul>\n\n\n\n<h3 class=\"wp-block-heading\"><span><strong>METODOLOG\u00cdA<\/strong>&nbsp;<\/span><\/h3>\n\n\n\n<p><span class=\"post-content__span\"> <span>Se contar\u00e1 con una conferencia central de apertura, seguida de las ponencias orales de los proyectos de la Facultad de Ciencias de la Salud.<\/span><\/p>\n\n\n\n<h3 class=\"wp-block-heading\"><span><strong>LINEAMIENTOS PARA LA INSCRIPCI\u00d3N<\/strong><\/span><\/h3>\n\n\n\n<p><span class=\"post-content__span\"> <span><strong>PONENCIA y ANEXOS : Registrar la informaci\u00f3n solicitada en el enlace:&nbsp;<\/strong><\/span><strong><a href=\"http:\/\/docs.google.com\/forms\/d\/e\/1FAIpQLSdEmm3vvZn-HNxYUp1WX7j5GCAsU2URryOYJVDZk9zAVirb-g\/viewform?usp=sf_link\">\u200b\u200bLINK\u200b&nbsp;<\/a><\/strong><\/p>\n\n\n\n<ul class=\"wp-block-list\">\n<li><span>Formato para presentaci\u00f3n de las ponencias <a href=\"https:\/\/media2.utp.edu.co\/archivos\/ANEXO%201-20210913T053340Z-001%283%29.zip\">(Anexo 1).<\/a><\/span><\/li>\n\n\n\n<li><span>Formato de cap\u00edtulo de libro para memorias del evento <a href=\"https:\/\/media2.utp.edu.co\/archivos\/Anexo%202.Formato.Memorias%285%29.docx\">(Anexo 2)<\/a><\/span><\/li>\n\n\n\n<li><span>Formato de autorizaci\u00f3n de memorias <a href=\"https:\/\/media2.utp.edu.co\/archivos\/AUTORIZACION%20MEMORIAS%20Anexo%203%281%29.docx\">(Anexo 3)<\/a><\/span><\/li>\n<\/ul>\n\n\n\n<p><span class=\"post-content__span\"> <span><strong>Nota<\/strong>: Todos los documentos deben de ser subidos al momento de la inscripci\u00f3n al formulario de Google.<\/span><\/p>\n\n\n\n<h3 class=\"wp-block-heading\"><span><strong>CRONOGRAMA DE INSCRIPCI\u00d3N&nbsp;<\/strong><\/span><\/h3>\n\n\n\n<p><span class=\"post-content__span\"> <span><strong>PONENCIAS<\/strong><\/span><\/p>\n\n\n\n<figure class=\"wp-block-table is-style-stripes\"><table class=\"has-fixed-layout\"><tbody><tr><td>&nbsp;<strong>Recepci\u00f3n de memorias<\/strong><\/td><td>&nbsp;23 de septiembre de 2022<\/td><\/tr><tr><td><strong>Jornada de Apropiaci\u00f3n<\/strong><\/td><td>29 de septiembre de 2022<\/td><\/tr><\/tbody><\/table><\/figure>\n\n\n\n<p><span class=\"post-content__span\"> <span><strong>ASISTENTES<\/strong><\/span><\/p>\n\n\n\n<p><span class=\"post-content__span\"> <span><strong><strong>FECHA M\u00c1XIMA DE INSCRIPCI\u00d3N:<\/strong><\/strong> 28 de septiembre de 2022<\/span><\/p>\n\n\n\n<p><span class=\"post-content__span\"> <span>Se otorgar\u00e1 certificado de asistencia.<\/span><\/p>\n\n\n\n<p><span class=\"post-content__span\"> <span><strong>Formulario de Inscripci\u00f3n<\/strong>:<a href=\"https:\/\/docs.google.com\/forms\/d\/e\/1FAIpQLSeLqjQE4QU2tb35oBUZcAD7FGyNsAYa40H3eQ3JBv8DV1uAHA\/viewform?usp=sf_link\"> LINK<\/a><\/span><\/p>\n\n\n\n<h3 class=\"wp-block-heading\"><span><strong>CERTIFICACI\u00d3N DEL EVENTO<\/strong><\/span><\/h3>\n\n\n\n<p><span class=\"post-content__span\"> <span>A los investigadores que participen como ponentes en la Jornada de Apropiaci\u00f3n Social del Conocimiento de la Facultad de Ciencias de la Salud se les certifica:<\/span><\/p>\n\n\n\n<ul class=\"wp-block-list\">\n<li><span>Su participaci\u00f3n en el evento como ponente.<\/span><\/li>\n\n\n\n<li><span>La publicaci\u00f3n de la ponencia presentada como <strong><em>cap\u00edtulo de libro resultado de investigaci\u00f3n.<\/em><\/strong><\/span><\/li>\n\n\n\n<li><span>Su participaci\u00f3n como ponente.<\/span><\/li>\n<\/ul>\n\n\n\n<h3 class=\"wp-block-heading\"><span><strong>MAYOR INFORMACI\u00d3N<\/strong><\/span><\/h3>\n\n\n\n<p><span class=\"post-content__span\"> <span><strong>Jhonnier Adrian Rios Galvis<\/strong><\/span><\/p>\n\n\n\n<p><span class=\"post-content__span\"> <span>Vicerrector\u00eda de Investigaciones, Innovaci\u00f3n y Extensi\u00f3n. <\/span><\/p>\n\n\n\n<p><span class=\"post-content__span\"> <span>Tel\u00e9fono: 3206095784<\/span><\/p>\n\n\n\n<p><span class=\"post-content__span\"> <span>Ema<a href=\"mailto:investigaciones@utp.edu.co\">il: investigaciones@utp.edu.co<\/a><\/span><\/p>\n","protected":false},"excerpt":{"rendered":"<p>PROGRAMACI\u00d3N \u200b[Ver]&nbsp;Programaci\u00f3n Oficial Fecha de publicaci\u00f3n: 27 de septiembre&nbsp;de 2022 RESULTADOS \u200b[Ver] Listado Ponencias Inscritas y cumplimiento de requisitos. Fecha de publicaci\u00f3n: 05 de agosto de 2022 LA&nbsp;UNIVERSIDAD TECNOL\u00d3GICA DE [&#8230;]<\/p>\n","protected":false},"author":0,"featured_media":0,"comment_status":"closed","ping_status":"closed","sticky":false,"template":"","format":"standard","meta":{"footnotes":""},"categories":[7],"tags":[],"class_list":["post-5041","post","type-post","status-publish","format-standard","hentry","category-convocatorias"],"_links":{"self":[{"href":"https:\/\/vicerrectorias.utp.edu.co\/viie\/wp-json\/wp\/v2\/posts\/5041","targetHints":{"allow":["GET"]}}],"collection":[{"href":"https:\/\/vicerrectorias.utp.edu.co\/viie\/wp-json\/wp\/v2\/posts"}],"about":[{"href":"https:\/\/vicerrectorias.utp.edu.co\/viie\/wp-json\/wp\/v2\/types\/post"}],"replies":[{"embeddable":true,"href":"https:\/\/vicerrectorias.utp.edu.co\/viie\/wp-json\/wp\/v2\/comments?post=5041"}],"version-history":[{"count":2,"href":"https:\/\/vicerrectorias.utp.edu.co\/viie\/wp-json\/wp\/v2\/posts\/5041\/revisions"}],"predecessor-version":[{"id":10948,"href":"https:\/\/vicerrectorias.utp.edu.co\/viie\/wp-json\/wp\/v2\/posts\/5041\/revisions\/10948"}],"wp:attachment":[{"href":"https:\/\/vicerrectorias.utp.edu.co\/viie\/wp-json\/wp\/v2\/media?parent=5041"}],"wp:term":[{"taxonomy":"category","embeddable":true,"href":"https:\/\/vicerrectorias.utp.edu.co\/viie\/wp-json\/wp\/v2\/categories?post=5041"},{"taxonomy":"post_tag","embeddable":true,"href":"https:\/\/vicerrectorias.utp.edu.co\/viie\/wp-json\/wp\/v2\/tags?post=5041"}],"curies":[{"name":"wp","href":"https:\/\/api.w.org\/{rel}","templated":true}]}}