{"id":5031,"date":"2022-05-10T10:21:00","date_gmt":"2022-05-10T08:21:00","guid":{"rendered":""},"modified":"2023-11-29T15:54:18","modified_gmt":"2023-11-29T14:54:18","slug":"convocatoria-27-de-la-asignacion-para-la-ctei-del-sgr-para-la-conformacion-de-un-listado-de-propuestas-de-proyecto-elegibles-enfocados-en-la-implement","status":"publish","type":"post","link":"https:\/\/vicerrectorias.utp.edu.co\/viie\/convocatoria-27-de-la-asignacion-para-la-ctei-del-sgr-para-la-conformacion-de-un-listado-de-propuestas-de-proyecto-elegibles-enfocados-en-la-implement\/","title":{"rendered":"CONVOCATORIA 27 DE LA ASIGNACI\u00d3N PARA LA CTEI DEL SGR PARA LA CONFORMACI\u00d3N DE UN LISTADO DE PROPUESTAS DE PROYECTO ELEGIBLES ENFOCADOS EN LA IMPLEMENT"},"content":{"rendered":"\n<p><span class=\"post-content__span\"> <span>La Universidad Tecnol\u00f3gica de Pereira y la Vicerrector\u00eda de Investigaciones, Innovaci\u00f3n y Extensi\u00f3n invitan a participar en la&nbsp;<\/span>Convocatoria 27 de la asignaci\u00f3n para la CTeI del SGR para la conformaci\u00f3n de un listado de propuestas de proyecto elegibles enfocados en la implementaci\u00f3n de recomendaciones de la Misi\u00f3n de Sabios para el foco: Ciencias Sociales, Desarrollo Humano y Equidad<span>.<\/span><\/p>\n\n\n\n<h3 class=\"wp-block-heading\"><strong>OBJETIVO<\/strong><\/h3>\n\n\n\n<p><span class=\"post-content__span\"> Conformar un listado de propuestas de proyecto elegibles que contribuya a la implementaci\u00f3n de la estrategia de universalizaci\u00f3n de la educaci\u00f3n en atenci\u00f3n a la primera infancia, educaci\u00f3n b\u00e1sica y media, atendiendo las recomendaciones establecidos por la Misi\u00f3n de Sabios en el Foco de Ciencias Sociales, Desarrollo Humano y Equidad.<\/p>\n\n\n\n<h3 class=\"wp-block-heading\"><strong>DIRIGIDO A<\/strong><\/h3>\n\n\n\n<p><span class=\"post-content__span\"> Alianzas entre entidades del SNCTI que aseguren la participaci\u00f3n de los cuatro tipos de actores de la cu\u00e1druple h\u00e9lice (Academia, Sector productivo, Estado, Sociedad Civil Organizada). Es de estricto cumplimiento que la alianza incluya una entidad Territorial3 no certificada en educaci\u00f3n que pertenezca a uno de los departamentos de las regiones objeto de la propuesta.<\/p>\n\n\n\n<p><span class=\"post-content__span\"> As\u00ed mismo, los proponentes que presenten propuestas de proyectos deber\u00e1n cumplir con alguno de los siguientes literales, establecidos en el art\u00edculo 1.2.3.2.2 del Decreto 1821 de 2020:&nbsp;<\/p>\n\n\n\n<p><span class=\"post-content__span\"> a) Las que cuenten con reconocimiento vigente del Ministerio de Ciencia, Tecnolog\u00eda e Innovaci\u00f3n, como actores del Sistema Nacional de Ciencia, Tecnolog\u00eda e Innovaci\u00f3n &#8211; SNCTI.<\/p>\n\n\n\n<p><span class=\"post-content__span\"> b) Las que hayan realizado actividades de ciencia, tecnolog\u00eda e innovaci\u00f3n y que, sin contar con un reconocimiento previo por parte del Ministerio de Ciencia, Tecnolog\u00eda e Innovaci\u00f3n, cumplan con los criterios de idoneidad y trayectoria que se establezcan en los t\u00e9rminos de referencia y en los criterios de evaluaci\u00f3n de cada convocatoria.<\/p>\n\n\n\n<h3 class=\"wp-block-heading\"><strong>ALCANCE DE LAS PROPUESTAS&nbsp;<\/strong><\/h3>\n\n\n\n<p><span class=\"post-content__span\"> Las tem\u00e1ticas priorizadas para esta convocatoria se derivan de las propuestas realizadas por el foco de Ciencias Sociales, Desarrollo Humano y Equidad de la Misi\u00f3n Internacional de Sabios 2019, en las que se realiz\u00f3 un proceso de identificaci\u00f3n de \u00e1reas y tem\u00e1ticas relevantes, para trazar una hoja de ruta para la educaci\u00f3n con calidad y para el avance de la Ciencia, la Tecnolog\u00eda y la Innovaci\u00f3n como motores para el desarrollo humano y la equidad.<\/p>\n\n\n\n<p><span class=\"post-content__span\"> En este sentido, se esperan propuestas de proyecto que implementen de forma integral una estrategia de Universalizaci\u00f3n de la Educaci\u00f3n aplicada con Investigaci\u00f3n para los niveles de primera infancia, educaci\u00f3n b\u00e1sica y media, que incluyan:<\/p>\n\n\n\n<figure class=\"wp-block-image\"><img decoding=\"async\" src=\"https:\/\/media2.utp.edu.co\/imagenes\/SOCIALES.PNG\" alt=\"\"\/><\/figure>\n\n\n\n<p><span class=\"post-content__span\"> Para la presente convocatoria las propuestas de proyecto podr\u00e1n contemplar los siguientes alcances:&nbsp;<\/p>\n\n\n\n<p><span class=\"post-content__span\"> <strong>Propuestas regionales:<\/strong> Aquellas que contemplan 2 o m\u00e1s regiones del SGR. Debe asegurar el desarrollo de una (1) estrategia en cada regi\u00f3n del SGR objeto de la propuesta. Las propuestas regionales deber\u00e1n involucrar a la regi\u00f3n Llanos o la regi\u00f3n Centro Sur. <strong>Propuestas Nacionales:<\/strong> Aquellas que contemplan la totalidad de las seis (6) regiones del SGR con una estrategia (1) por cada regi\u00f3n del SGR.<\/p>\n\n\n\n<h3 class=\"wp-block-heading\"><strong>REQUISITOS<\/strong><\/h3>\n\n\n\n<p><span class=\"post-content__span\"> Los requisitos para participar en la presente convocatoria son:<\/p>\n\n\n\n<ol class=\"wp-block-list\">\n<li>Inscribir la propuesta de proyecto en el Sistema Integrado de Gesti\u00f3n de Proyectos &#8211; SIGP, el cual se debe ajustar al objetivo de la convocatoria. La propuesta deber\u00e1 contener la informaci\u00f3n requerida en el numeral 8-CONTENIDO DE LA PROPUESTA DE PROYECTO.&nbsp;<\/li>\n\n\n\n<li>Cumplir con las especificaciones del \u201cDirigido A\u201d establecido.&nbsp;<\/li>\n\n\n\n<li>Adjuntar la \u201cCarta de aval y compromiso institucional unificada\u201d debidamente diligenciada y firmada por los representantes legales o apoderados de todas las entidades nacionales e internacionales que tengan sede en el pa\u00eds, que conformen la alianza (Anexo 1b). En cualquier caso, deber\u00e1n anexarse el\/los documento(s) que lo(s) acrediten y faculten.&nbsp;<\/li>\n\n\n\n<li>Adjuntar el documento t\u00e9cnico de acuerdo con el contenido indicado en el numeral 8-CONTENIDO DE LA PROPUESTA DE PROYECTO&nbsp;(Anexo 2)<\/li>\n\n\n\n<li>Adjuntar el presupuesto requerido de acuerdo con lo establecido en el numeral 8-CONTENIDO DE LA PROPUESTA DE PROYECTO, subnumeral 8.2. (Anexo 3), el cual debe cumplir con las condiciones establecidas en el numeral 10-DURACI\u00d3N Y FINANCIACI\u00d3N.<\/li>\n\n\n\n<li>Anexar el Modelo de Gobernanza de la alianza suscrito por los representantes legales o apoderados de las entidades nacionales e internacionales que tengan sede en el pa\u00eds, que hacen parte de la alianza (Anexo 4).&nbsp;<\/li>\n\n\n\n<li>Adjuntar el formato de \u201cProyectos de CTeI gestionados, ejecutados o en ejecuci\u00f3n del proponente e integrantes de la alianza\u201d, debidamente diligenciado, atendiendo a lo dispuesto en las condiciones de participaci\u00f3n.<\/li>\n\n\n\n<li>El investigador principal deber\u00e1 estar vinculado a alguna de las entidades de la alianza y deber\u00e1 relacionar su CvLAC en la propuesta de proyecto.<\/li>\n\n\n\n<li>Los investigadores que participen en la ejecuci\u00f3n del proyecto, y que se encuentren vinculados en alguna de las entidades que hacen parte de la propuesta deber\u00e1n registrar las l\u00edneas de investigaci\u00f3n y el enlace de su ORCID en el anexo 11.<\/li>\n\n\n\n<li>La alianza deber\u00e1 registrar grupos de investigaci\u00f3n vinculados en alguna de las entidades que la conforman y deber\u00e1 asegurar que se encuentren en \u00e1reas relacionadas con generaci\u00f3n de conocimiento en educaci\u00f3n, educaci\u00f3n para los niveles de preescolar, educaci\u00f3n b\u00e1sica y educaci\u00f3n media.<\/li>\n<\/ol>\n\n\n\n<h3 class=\"wp-block-heading\"><strong>DURACI\u00d3N Y FINANCIACI\u00d3N&nbsp;<\/strong><\/h3>\n\n\n\n<p><span class=\"post-content__span\"> <strong>Plazo de ejecuci\u00f3n<\/strong>: El t\u00e9rmino de duraci\u00f3n m\u00e1ximo de las propuestas a financiar ser\u00e1 de treinta y seis (36) meses.<\/p>\n\n\n\n<p><span class=\"post-content__span\"> <strong>Financiaci\u00f3n<\/strong>: Para la presente convocatoria se asigna un monto de DIEZ MIL MILLONES DE PESOS M\/CTE ($ 10.000.000.000) de la Asignaci\u00f3n para la CTeI del SGR 2021- 2022.<\/p>\n\n\n\n<p><span class=\"post-content__span\"> Para propuestas de alcance regional, cada regi\u00f3n del SGR tendr\u00e1 un monto indicativo de m\u00e1ximo $1.666.666.666.&nbsp;<\/p>\n\n\n\n<p><span class=\"post-content__span\"> Se podr\u00e1n presentar propuestas para m\u00ednimo 2 regiones del SGR, en donde ser\u00e1 requisito incluir a las regiones Llanos o Centro Sur. Las propuestas podr\u00e1n solicitar desde m\u00ednimo TRES MIL MILLONES DE PESOS M\/CTE ($3.000.000.000) hasta m\u00e1ximo ($10.000.000.000) DIEZ MIL MILLONES DE PESOS M\/CTE<\/p>\n\n\n\n<h3 class=\"wp-block-heading\"><span><strong>AVAL DEL COMIT\u00c9 DE BIO\u00c9TICA<\/strong><\/span><\/h3>\n\n\n\n<p><span class=\"post-content__span\"> Presentar concepto de un comit\u00e9 de \u00e9tica\/bio\u00e9tica, donde se especifique que la propuesta ha sido revisada y avalada. En caso de que ninguna de las instituciones que conforman la Alianza cuenten con un comit\u00e9 de \u00e9tica, se podr\u00e1 solicitar el concepto ante otra entidad que s\u00ed cuente con uno. Se debe anexar a este aval, el acto administrativo que soporta la conformaci\u00f3n del Comit\u00e9 de \u00e9tica o de Bio\u00e9tica que lo expide.&nbsp;&nbsp;<\/p>\n\n\n\n<p><span class=\"post-content__span\"> Por lo anterior, tenga en cuenta el cronograma de reuniones del CBE &#8211; UTP\u00a0<strong><a href=\"https:\/\/vicerrectorias.utp.edu.co\/viie\/sin-categoria\/comite-de-bioetica\/\">[VER]<\/a>\u00a0<\/strong>con el fin de evitar contratiempos:<\/p>\n\n\n\n<figure class=\"wp-block-image\"><img decoding=\"async\" src=\"https:\/\/media2.utp.edu.co\/imagenes\/CBE%20CRONO%283%29.PNG\" alt=\"\"\/><\/figure>\n\n\n\n<h3 class=\"wp-block-heading\"><strong>CRONOGRAMA<\/strong><\/h3>\n\n\n\n<ul class=\"wp-block-list\">\n<li><strong>FECHA M\u00c1XIMA AVAL INSTITUCIONAL:&nbsp;<\/strong>Lunes, 23 de mayo de 2022 hasta las 6:00 p.m<\/li>\n\n\n\n<li><strong>PROCEDIMIENTO SOLICITUD DE AVAL INSTITUCIONAL:\u00a0<\/strong><a href=\"https:\/\/vicerrectorias.utp.edu.co\/viie\/sin-categoria\/solicitud-aval-institucional-para-la-participacion-en-convocatorias-externas-de-investigacion\/\">\u200bVER<\/a><\/li>\n\n\n\n<li><strong>INSCRIPCI\u00d3N PLATAFORMA&nbsp;SIGP:<a href=\"http:\/\/xn--inscripcin%20plataforma%20sigp-e6c\/\">&nbsp;<\/a><\/strong><a href=\"http:\/\/xn--inscripcin%20plataforma%20sigp-e6c\/\">https:\/\/plataformasigp.minciencias.gov.co:7003\/FormularioProyectos\/<\/a><\/li>\n<\/ul>\n\n\n\n<p><span class=\"post-content__span\"> <strong>NOTA:&nbsp;<\/strong>Para mayor informaci\u00f3n recomendamos revisar los t\u00e9rminos de referencia completos&nbsp;con el fin de evitar errores a la hora de la postulaci\u00f3n&nbsp;<a href=\"https:\/\/minciencias.gov.co\/convocatorias\/plan-convocatorias-asctei-2021-2022\/convocatoria-la-asignacion-para-la-ctei-del-sgr-10\"><strong>[VER]<\/strong>.<\/a><\/p>\n\n\n\n<h3 class=\"wp-block-heading\"><span><strong>CONTACTO<\/strong><\/span><\/h3>\n\n\n\n<p><span class=\"post-content__span\"> Inquietudes al correo&nbsp;<a href=\"http:\/\/investigaciones@utp.edu.co\/\">investigaciones@utp.edu.co<\/a><\/p>\n\n\n\n<p><span class=\"post-content__span\"> <strong>Tel\u00e9fono<\/strong>:&nbsp;313 7300&nbsp;<strong>EXT<\/strong>&nbsp;7309 -7789<\/p>\n","protected":false},"excerpt":{"rendered":"<p>La Universidad Tecnol\u00f3gica de Pereira y la Vicerrector\u00eda de Investigaciones, Innovaci\u00f3n y Extensi\u00f3n invitan a participar en la&nbsp;Convocatoria 27 de la asignaci\u00f3n para la CTeI del SGR para la conformaci\u00f3n [&#8230;]<\/p>\n","protected":false},"author":0,"featured_media":0,"comment_status":"closed","ping_status":"closed","sticky":false,"template":"","format":"standard","meta":{"footnotes":""},"categories":[7],"tags":[],"class_list":["post-5031","post","type-post","status-publish","format-standard","hentry","category-convocatorias"],"_links":{"self":[{"href":"https:\/\/vicerrectorias.utp.edu.co\/viie\/wp-json\/wp\/v2\/posts\/5031","targetHints":{"allow":["GET"]}}],"collection":[{"href":"https:\/\/vicerrectorias.utp.edu.co\/viie\/wp-json\/wp\/v2\/posts"}],"about":[{"href":"https:\/\/vicerrectorias.utp.edu.co\/viie\/wp-json\/wp\/v2\/types\/post"}],"replies":[{"embeddable":true,"href":"https:\/\/vicerrectorias.utp.edu.co\/viie\/wp-json\/wp\/v2\/comments?post=5031"}],"version-history":[{"count":3,"href":"https:\/\/vicerrectorias.utp.edu.co\/viie\/wp-json\/wp\/v2\/posts\/5031\/revisions"}],"predecessor-version":[{"id":11506,"href":"https:\/\/vicerrectorias.utp.edu.co\/viie\/wp-json\/wp\/v2\/posts\/5031\/revisions\/11506"}],"wp:attachment":[{"href":"https:\/\/vicerrectorias.utp.edu.co\/viie\/wp-json\/wp\/v2\/media?parent=5031"}],"wp:term":[{"taxonomy":"category","embeddable":true,"href":"https:\/\/vicerrectorias.utp.edu.co\/viie\/wp-json\/wp\/v2\/categories?post=5031"},{"taxonomy":"post_tag","embeddable":true,"href":"https:\/\/vicerrectorias.utp.edu.co\/viie\/wp-json\/wp\/v2\/tags?post=5031"}],"curies":[{"name":"wp","href":"https:\/\/api.w.org\/{rel}","templated":true}]}}