{"id":5021,"date":"2022-06-01T15:40:50","date_gmt":"2022-06-01T13:40:50","guid":{"rendered":""},"modified":"2023-11-29T15:09:45","modified_gmt":"2023-11-29T14:09:45","slug":"convocatoria-929-para-el-apoyo-de-proyectos-en-medicion-de-captura-y-secuestro-de-carbono-y-procesos-de-generacion-de-hidrogeno-de-bajas-emisiones","status":"publish","type":"post","link":"https:\/\/vicerrectorias.utp.edu.co\/viie\/convocatoria-929-para-el-apoyo-de-proyectos-en-medicion-de-captura-y-secuestro-de-carbono-y-procesos-de-generacion-de-hidrogeno-de-bajas-emisiones\/","title":{"rendered":"CONVOCATORIA 929 PARA EL APOYO DE PROYECTOS EN: MEDICI\u00d3N DE CAPTURA Y SECUESTRO DE CARBONO Y PROCESOS DE GENERACI\u00d3N DE HIDR\u00d3GENO DE BAJAS EMISIONES"},"content":{"rendered":"<div class=\"wp-block-image\">\n<figure class=\"aligncenter is-resized\"><img loading=\"lazy\" decoding=\"async\" src=\"https:\/\/media2.utp.edu.co\/imagenes\/929.png\" alt=\"\" style=\"width:540px;height:540px\" width=\"540\" height=\"540\"\/><\/figure>\n<\/div>\n\n\n<p><span class=\"post-content__span\"> <span>La Universidad Tecnol\u00f3gica de Pereira y la Vicerrector\u00eda de Investigaciones, Innovaci\u00f3n y Extensi\u00f3n invitan a participar en la <\/span>Convocatoria para el apoyo de proyectos en: Medici\u00f3n de captura y secuestro de carbono y procesos de generaci\u00f3n de hidr\u00f3geno de bajas emisiones.<\/p>\n\n\n\n<h3 class=\"wp-block-heading\"><strong>OBJETIVO<\/strong><\/h3>\n\n\n\n<p><span class=\"post-content__span\"> Conformar un listado de proyectos elegibles enfocados en: Medici\u00f3n de captura de carbono y otros servicios ecosist\u00e9micos basados en soluciones naturales del clima (SNC); y Estudios de procesos de generaci\u00f3n de hidr\u00f3geno de bajas emisiones, articulados con procesos de formaci\u00f3n de capacidades y generaci\u00f3n de valor con participaci\u00f3n de las comunidades \u00e9tnicas o rurales.<\/p>\n\n\n\n<h3 class=\"wp-block-heading\"><strong>DIRIGIDA A<\/strong><\/h3>\n\n\n\n<p><span class=\"post-content__span\"> La presente convocatoria est\u00e1 dirigida a Grupos de Investigaci\u00f3n, Desarrollo Tecnol\u00f3gico e Innovaci\u00f3n categorizados por el Ministerio de Ciencia, Tecnolog\u00eda e Innovaci\u00f3n al cierre de esta convocatoria y que se encuentren adscritos a entidades legalmente constituidas, que bajo la figura de alianza estrat\u00e9gica est\u00e9n interesados en presentar proyectos de I+D+i en las siguientes l\u00edneas tem\u00e1ticas:<\/p>\n\n\n\n<p><span class=\"post-content__span\"> <strong>1. L\u00cdNEA TEM\u00c1TICA: CAPTURA, SECUESTRO Y ALMACENAMIENTO DE CARBONO EN ECOSISTEMAS NATURALES ESTRAT\u00c9GICOS<\/strong><\/p>\n\n\n\n<p><span class=\"post-content__span\"> Para la presentaci\u00f3n de proyectos en esta l\u00ednea tem\u00e1tica la alianza estrat\u00e9gica debe conformarse cumpliendo las siguientes condiciones:<\/p>\n\n\n\n<ul class=\"wp-block-list\">\n<li>M\u00ednimo (1) un Grupo de investigaci\u00f3n A1, A o B con categor\u00eda vigente al cierre de la convocatoria, y que pertenezca a una entidad localizada en la zona geogr\u00e1fica a intervenir, quien tendr\u00e1 el rol de ejecutor.<\/li>\n\n\n\n<li>M\u00ednimo (1) una organizaci\u00f3n representativa de sociedad civil o de la Comunidad que se encuentre geogr\u00e1ficamente en la zona a intervenir y que cuente con al menos dos a\u00f1os de constituci\u00f3n jur\u00eddica o documento equivalente y cuyo objeto social contemple actividades afines al objeto de la convocatoria.&nbsp;<\/li>\n<\/ul>\n\n\n\n<p><span class=\"post-content__span\"> <strong>2. L\u00cdNEA TEM\u00c1TICA: HIDR\u00d3GENO DE BAJAS EMISIONES<\/strong><\/p>\n\n\n\n<p><span class=\"post-content__span\"> Para la presentaci\u00f3n de proyectos en esta l\u00ednea tem\u00e1tica la alianza estrat\u00e9gica debe conformarse cumpliendo las siguientes condiciones:<\/p>\n\n\n\n<ul class=\"wp-block-list\">\n<li>Un (1) grupo de investigaci\u00f3n A1 o A con categor\u00eda vigente al cierre de la convocatoria, que pertenezca a una entidad legalmente constituida quien tendr\u00e1 el rol de entidad ejecutora.<\/li>\n\n\n\n<li>M\u00ednimo un (1) grupo de investigaci\u00f3n con categor\u00eda B con categor\u00eda vigente al cierre de la convocatoria y adscrito a una instituci\u00f3n educativa de preferencia localizada en Departamentos IDIC medio-bajo o bajo.<\/li>\n\n\n\n<li>M\u00ednimo una (1) organizaci\u00f3n del sector productivo y con \u00e1nimo de lucro con inter\u00e9s en desarrollar actividades econ\u00f3micas en la tem\u00e1tica de investigaci\u00f3n del proyecto, que cuente con al menos dos a\u00f1os de constituci\u00f3n jur\u00eddica y cuyo objeto social contemple actividades afines al objeto de la convocatoria<\/li>\n<\/ul>\n\n\n\n<h3 class=\"wp-block-heading\"><strong>LINEAS TEMATICAS<\/strong><\/h3>\n\n\n\n<p><span class=\"post-content__span\"> Las l\u00edneas tem\u00e1ticas sobre las cuales se deben abordar las propuestas a ser presentadas a esta convocatoria son las siguientes:<\/p>\n\n\n\n<ol class=\"wp-block-list\">\n<li>CAPTURA, SECUESTRO Y ALMACENAMIENTO DE CARBONO EN ECOSISTEMAS NATURALES ESTRAT\u00c9GICOS<\/li>\n\n\n\n<li>HIDR\u00d3GENO DE BAJAS EMISIONES.<\/li>\n<\/ol>\n\n\n\n<p><span class=\"post-content__span\"> La descripci\u00f3n detallada de las l\u00edneas tem\u00e1ticas, as\u00ed como el alcance y los resultados esperados de cada una se encuentran en el Anexo 1.<\/p>\n\n\n\n<h3 class=\"wp-block-heading\"><strong>ENFOQUE TERRITORIAL<\/strong><\/h3>\n\n\n\n<p><span class=\"post-content__span\"> La presente convocatoria, en el componente relativo a la l\u00ednea tem\u00e1tica 1.) Captura, secuestro y almacenamiento de carbono en ecosistemas naturales estrat\u00e9gicos considera los siguientes aspectos de enfoque territorial, cuyo objetivo es democratizar la Ciencia, la Tecnolog\u00eda y la Innovaci\u00f3n, buscando, asimismo, el crecimiento y la consolidaci\u00f3n de las comunidades cient\u00edficas en los departamentos y municipios.&nbsp;<\/p>\n\n\n\n<p><span class=\"post-content__span\"> Es el inter\u00e9s fomentar la participaci\u00f3n de entidades de los territorios que se encuentren caracterizados en el \u00cdndice Departamental de Innovaci\u00f3n &#8211; IDIC 2020, en las siguientes categor\u00edas:<\/p>\n\n\n\n<ul class=\"wp-block-list\">\n<li><strong>Medio-bajo:<\/strong> Magdalena, Huila, Meta, Nari\u00f1o, Casanare, Sucre, C\u00f3rdoba y Cesar.<\/li>\n\n\n\n<li><strong>Bajo:<\/strong> Caquet\u00e1, Putumayo, Amazonas, Arauca, Guaviare, La Guajira, Guain\u00eda, Choc\u00f3 y Vichada.<\/li>\n<\/ul>\n\n\n\n<p><span class=\"post-content__span\"> Por tanto, en el criterio de Enfoque Territorial y Diferencial, se otorgar\u00e1 calificaci\u00f3n a los proyectos que contemplen la participaci\u00f3n de los territorios especificados anteriormente, con el prop\u00f3sito que a partir de dichas iniciativas se identifiquen las necesidades y oportunidades de los territorios en materia de ciencia, tecnolog\u00eda e innovaci\u00f3n, como eje fundamental para impulsar el desarrollo econ\u00f3mico, social y ambiental de los mismos, tal como se especifica en el numeral 13. de criterios de calificaci\u00f3n.<\/p>\n\n\n\n<h3 class=\"wp-block-heading\"><strong>REQUISITOS<\/strong><\/h3>\n\n\n\n<p><span class=\"post-content__span\"> Los requisitos para participar en la presente convocatoria son:<\/p>\n\n\n\n<ol class=\"wp-block-list\">\n<li>Inscribir la propuesta de proyecto en el Sistema Integrado de Gesti\u00f3n de Proyectos &#8211; SIGP, el cual se debe ajustar al objetivo de la convocatoria. La propuesta deber\u00e1 contener la informaci\u00f3n requerida en el numeral 10- CONTENIDO DE LA PROPUESTA DE PROYECTO.<\/li>\n\n\n\n<li>Cumplir con las especificaciones del \u201cDirigido A\u201d establecidas en las l\u00edneas de participaci\u00f3n al que se postula la propuesta.&nbsp;<\/li>\n\n\n\n<li>Anexar \u201cCarta de aval y compromiso institucional unificada\u201d debidamente diligenciada y firmada por los representantes legales o apoderados de todas las entidades nacionales que la conformen (Anexo 2). En cualquier caso, deber\u00e1n anexarse el\/los documento(s) que lo(s) acrediten y faculten.<\/li>\n\n\n\n<li>Diligenciar el formulario SIGP de acuerdo con el contenido indicado en el numeral 10-CONTENIDO DE LA PROPUESTA DE PROYECTO (Anexo 3).&nbsp;<\/li>\n\n\n\n<li>Anexar el Modelo de Gobernanza de la alianza que corresponde al conjunto de condiciones que regular\u00e1n la toma de decisiones y ejecuci\u00f3n de actividades del proyecto entre los miembros de la alianza estrat\u00e9gica. Dicho modelo debe incluir: a) Estructura de coordinaci\u00f3n y cooperaci\u00f3n interinstitucional para el logro de los resultados esperados, b) Definici\u00f3n del modelo de operaci\u00f3n formal de la alianza a nivel legal, administrativo, y financiero, c) Constituci\u00f3n del Comit\u00e9 T\u00e9cnico de la Alianza y sus funciones, d) Mecanismo de gesti\u00f3n de adquisiciones y transferencia de bienes y servicios entre la entidad ejecutora y las otras entidades de la alianza, y e) Estrategia de sostenibilidad de la Alianza. El modelo de gobernanza deber\u00e1 estar suscrito por los representantes legales o apoderados de las entidades nacionales que hacen parte de la alianza. (Anexo 4).<\/li>\n\n\n\n<li>En caso de entidades internacionales que formen parte de la propuesta, se deber\u00e1 anexar carta de intenci\u00f3n de participaci\u00f3n en la propuesta suscrita por el director del instituto, centro, escuela, departamento o grupo de investigaci\u00f3n de la instituci\u00f3n internacional. Las cartas de participaci\u00f3n podr\u00e1n ser remitidas \u00fanicamente en idioma espa\u00f1ol o ingl\u00e9s<\/li>\n<\/ol>\n\n\n\n<h3 class=\"wp-block-heading\"><span><strong>AVAL DEL COMIT\u00c9 DE BIO\u00c9TICA<\/strong><\/span><\/h3>\n\n\n\n<p><span class=\"post-content__span\"> Presentar concepto de un comit\u00e9 de \u00e9tica\/bio\u00e9tica, donde se especifique que la propuesta ha sido revisada y avalada. En caso de que ninguna de las instituciones que conforman la Alianza cuenten con un comit\u00e9 de \u00e9tica, se podr\u00e1 solicitar el concepto ante otra entidad que s\u00ed cuente con uno. Se debe anexar a este aval, el acto administrativo que soporta la conformaci\u00f3n del Comit\u00e9 de \u00e9tica o de Bio\u00e9tica que lo expide.&nbsp;&nbsp;<\/p>\n\n\n\n<p><span class=\"post-content__span\"> Por lo anterior, tenga en cuenta el cronograma de reuniones del CBE &#8211; UTP\u00a0<strong><a href=\"https:\/\/vicerrectorias.utp.edu.co\/viie\/sin-categoria\/comite-de-bioetica\/\">[VER]<\/a>\u00a0<\/strong>con el fin de evitar contratiempos:<\/p>\n\n\n<div class=\"wp-block-image\">\n<figure class=\"aligncenter\"><img decoding=\"async\" src=\"https:\/\/media2.utp.edu.co\/imagenes\/CBE%20CRONO%282%29.PNG\" alt=\"\"\/><\/figure>\n<\/div>\n\n\n<h3 class=\"wp-block-heading\"><strong>DURACI\u00d3N Y FINANCIACI\u00d3N<\/strong><\/h3>\n\n\n\n<p><span class=\"post-content__span\"> 1. Recursos disponibles para al apoyo a proyectos en la l\u00ednea Captura, secuestro y almacenamiento de carbono en ecosistemas naturales estrat\u00e9gicos: MIL SETECIENTOS TREINTA Y OCHO MILLONES OCHOCIENTOS MIL PESOS M\/CTE ($ 1.738.800.000).<\/p>\n\n\n\n<p><span class=\"post-content__span\"> 2.&nbsp;Recursos disponibles para proyectos en la l\u00ednea Hidr\u00f3geno de bajas emisiones: MIL SETECIENTOS TREINTA Y OCHO MILLONES OCHOCIENTOS MIL PESOS M\/CTE ($1.738.800.000) Las propuestas presentadas deber\u00e1n ajustarse a las siguientes condiciones:<\/p>\n\n\n\n<p><span class=\"post-content__span\"> <strong>Condiciones generales:<\/strong><\/p>\n\n\n\n<ul class=\"wp-block-list\">\n<li>Se financiar\u00e1 hasta el 70% del valor total de la propuesta en cualquiera de las dos l\u00edneas.<\/li>\n\n\n\n<li>Las entidades que participen en la Alianza deber\u00e1n aportar una contrapartida en dinero y\/o especie por un monto m\u00ednimo equivalente al 30% del valor total de la propuesta en las dos l\u00edneas. Esta contrapartida debe quedar definida y declarada en el Sistema Integral de Gesti\u00f3n de Proyectos -SIGP. Para evidenciar dicha informaci\u00f3n, adjuntar el reporte de contrapartidas por entidad generado por el SIGP<\/li>\n\n\n\n<li>Los Centros Aut\u00f3nomos o Institutos P\u00fablicos de Investigaci\u00f3n y Desarrollo Tecnol\u00f3gico reconocidos por el Ministerio de Ciencia, Tecnolog\u00eda e innovaci\u00f3n que hagan parte de la propuesta, no est\u00e1n obligados a realizar aportes de contrapartida, con base en lo definido en el numeral 8.2.2 Financiaci\u00f3n, del documento Pol\u00edtica Actores del Sistema Nacional de Ciencia, Tecnolog\u00eda e Innovaci\u00f3n adoptada mediante Resoluci\u00f3n No. 1473 de 2016.<\/li>\n<\/ul>\n\n\n\n<p><span class=\"post-content__span\"> <strong>Condiciones de la L\u00ednea Tem\u00e1tica: Captura de carbono a partir de soluciones basadas en la naturaleza<\/strong><\/p>\n\n\n\n<ul class=\"wp-block-list\">\n<li>El t\u00e9rmino de duraci\u00f3n de las propuestas que conformar\u00e1n el banco de elegibles en esta l\u00ednea ser\u00e1 de hasta sesenta (60) meses.&nbsp;<\/li>\n\n\n\n<li>El monto m\u00e1ximo financiable en el proyecto en la l\u00ednea deber\u00e1 ajustarse a MIL SETECIENTOS TREINTA Y OCHO MILLONES OCHOCIENTOS MIL PESOS M\/CTE ($1.738.800.000).<strong>&nbsp;&nbsp;<\/strong><\/li>\n<\/ul>\n\n\n\n<p><span class=\"post-content__span\"> <strong>Condiciones de la L\u00ednea Tem\u00e1tica: Hidr\u00f3geno de bajas emisiones<\/strong><\/p>\n\n\n\n<ul class=\"wp-block-list\">\n<li>El t\u00e9rmino de duraci\u00f3n de las propuestas que conformar\u00e1n el banco de elegibles en la l\u00ednea ser\u00e1 de hasta veinticuatro (24) meses.<\/li>\n\n\n\n<li>El monto m\u00e1ximo financiable en el proyecto en la l\u00ednea deber\u00e1 ajustarse a MIL SETECIENTOS TREINTA Y OCHO MILLONES OCHOCIENTOS MIL PESOS M\/CTE ($ 1.738.800.000).<\/li>\n<\/ul>\n\n\n\n<h3 class=\"wp-block-heading\"><strong>CRITERIOS DE EVALUACI\u00d3N<\/strong><\/h3>\n\n\n\n<p><span class=\"post-content__span\"> Las propuestas inscritas dentro de los plazos establecidos para la presente convocatoria y que cumplan con la totalidad de los requisitos se someter\u00e1n a los siguientes criterios de evaluaci\u00f3n, para cada una de las l\u00edneas propuestas. En el Anexo 7 se detallan los criterios de evaluaci\u00f3n:<\/p>\n\n\n\n<p><span class=\"post-content__span\"> <strong>1. Captura, secuestro y almacenamiento de carbono en ecosistemas naturales estrat\u00e9gicos.<\/strong><\/p>\n\n\n\n<figure class=\"wp-block-image\"><img decoding=\"async\" src=\"https:\/\/media2.utp.edu.co\/imagenes\/hidro.PNG\" alt=\"\"\/><\/figure>\n\n\n\n<p><span class=\"post-content__span\"> <strong>2. Hidr\u00f3geno de bajas emisiones.<\/strong><\/p>\n\n\n\n<figure class=\"wp-block-image\"><img decoding=\"async\" src=\"https:\/\/media2.utp.edu.co\/imagenes\/bajas.PNG\" alt=\"\"\/><\/figure>\n\n\n\n<h3 class=\"wp-block-heading\"><strong>CRONOGRAMA<\/strong><\/h3>\n\n\n\n<ul class=\"wp-block-list\">\n<li><strong>FECHA M\u00c1XIMA AVAL INSTITUCIONAL:&nbsp;<\/strong>Jueves, 23 de junio&nbsp;de 2022 hasta las 6:00 p.m<\/li>\n\n\n\n<li><strong>PROCEDIMIENTO SOLICITUD DE AVAL INSTITUCIONAL: <\/strong><a href=\"https:\/\/vicerrectorias.utp.edu.co\/viie\/sin-categoria\/solicitud-aval-institucional-para-la-participacion-en-convocatorias-externas-de-investigacion\/\">\u200bVER<\/a><\/li>\n\n\n\n<li><strong>INSCRIPCI\u00d3N PLATAFORMA&nbsp;SIGP:<a href=\"http:\/\/xn--inscripcin%20plataforma%20sigp-e6c\/\">&nbsp;<\/a><\/strong><a href=\"http:\/\/xn--inscripcin%20plataforma%20sigp-e6c\/\">https:\/\/plataformasigp.minciencias.gov.co:7003\/FormularioProyectos\/<\/a><\/li>\n<\/ul>\n\n\n\n<p><span class=\"post-content__span\"> <strong>NOTA:&nbsp;<\/strong>Para mayor informaci\u00f3n recomendamos revisar los t\u00e9rminos de referencia completos&nbsp;con el fin de evitar errores a la hora de la postulaci\u00f3n&nbsp;<a href=\"https:\/\/minciencias.gov.co\/convocatorias\/innovacion-y-productividad\/convocatoria-para-el-apoyo-proyectos-en-medicion-captura-y\"><strong>[VER]<\/strong>.<\/a><\/p>\n\n\n\n<h3 class=\"wp-block-heading\"><span><strong>CONTACTO<\/strong><\/span><\/h3>\n\n\n\n<p><span class=\"post-content__span\"> Inquietudes al correo&nbsp;<a href=\"http:\/\/investigaciones@utp.edu.co\/\">investigaciones@utp.edu.co<\/a><\/p>\n\n\n\n<p><span class=\"post-content__span\"> <strong>Tel\u00e9fono<\/strong>:&nbsp;313 7300&nbsp;<strong>EXT<\/strong>&nbsp;7309 -7789<\/p>\n","protected":false},"excerpt":{"rendered":"<p>La Universidad Tecnol\u00f3gica de Pereira y la Vicerrector\u00eda de Investigaciones, Innovaci\u00f3n y Extensi\u00f3n invitan a participar en la Convocatoria para el apoyo de proyectos en: Medici\u00f3n de captura y secuestro [&#8230;]<\/p>\n","protected":false},"author":0,"featured_media":0,"comment_status":"closed","ping_status":"closed","sticky":false,"template":"","format":"standard","meta":{"footnotes":""},"categories":[7],"tags":[],"class_list":["post-5021","post","type-post","status-publish","format-standard","hentry","category-convocatorias"],"_links":{"self":[{"href":"https:\/\/vicerrectorias.utp.edu.co\/viie\/wp-json\/wp\/v2\/posts\/5021","targetHints":{"allow":["GET"]}}],"collection":[{"href":"https:\/\/vicerrectorias.utp.edu.co\/viie\/wp-json\/wp\/v2\/posts"}],"about":[{"href":"https:\/\/vicerrectorias.utp.edu.co\/viie\/wp-json\/wp\/v2\/types\/post"}],"replies":[{"embeddable":true,"href":"https:\/\/vicerrectorias.utp.edu.co\/viie\/wp-json\/wp\/v2\/comments?post=5021"}],"version-history":[{"count":3,"href":"https:\/\/vicerrectorias.utp.edu.co\/viie\/wp-json\/wp\/v2\/posts\/5021\/revisions"}],"predecessor-version":[{"id":11498,"href":"https:\/\/vicerrectorias.utp.edu.co\/viie\/wp-json\/wp\/v2\/posts\/5021\/revisions\/11498"}],"wp:attachment":[{"href":"https:\/\/vicerrectorias.utp.edu.co\/viie\/wp-json\/wp\/v2\/media?parent=5021"}],"wp:term":[{"taxonomy":"category","embeddable":true,"href":"https:\/\/vicerrectorias.utp.edu.co\/viie\/wp-json\/wp\/v2\/categories?post=5021"},{"taxonomy":"post_tag","embeddable":true,"href":"https:\/\/vicerrectorias.utp.edu.co\/viie\/wp-json\/wp\/v2\/tags?post=5021"}],"curies":[{"name":"wp","href":"https:\/\/api.w.org\/{rel}","templated":true}]}}