{"id":5011,"date":"2022-06-01T15:40:07","date_gmt":"2022-06-01T13:40:07","guid":{"rendered":""},"modified":"2023-11-29T15:16:31","modified_gmt":"2023-11-29T14:16:31","slug":"convocatoria-927-para-el-apoyo-a-programas-de-idi-que-contribuyan-a-resolver-los-desafios-establecidos-en-la-mision-colombia-hacia-un-nuevo-modelo","status":"publish","type":"post","link":"https:\/\/vicerrectorias.utp.edu.co\/viie\/convocatoria-927-para-el-apoyo-a-programas-de-idi-que-contribuyan-a-resolver-los-desafios-establecidos-en-la-mision-colombia-hacia-un-nuevo-modelo\/","title":{"rendered":"CONVOCATORIA 927 PARA EL APOYO A PROGRAMAS DE I+D+I QUE CONTRIBUYAN A RESOLVER LOS DESAF\u00cdOS ESTABLECIDOS EN LA MISI\u00d3N \u201cCOLOMBIA HACIA UN NUEVO MODELO"},"content":{"rendered":"<div class=\"wp-block-image\">\n<figure class=\"aligncenter is-resized\"><img loading=\"lazy\" decoding=\"async\" src=\"https:\/\/media2.utp.edu.co\/imagenes\/927.jpg\" alt=\"\" style=\"width:512px;height:512px\" width=\"512\" height=\"512\"\/><\/figure>\n<\/div>\n\n\n<p><span class=\"post-content__span\"> La Universidad Tecnol\u00f3gica de Pereira y la Vicerrector\u00eda de Investigaciones, Innovaci\u00f3n y Extensi\u00f3n invitan a participar en la Convocatoria 927 para el apoyo a programas de I+D+i que contribuyan a resolver los desaf\u00edos establecidos en la misi\u00f3n \u201cColombia hacia un nuevo modelo productivo, sostenible y competitivo\u201d \u2013 \u00e1rea estrat\u00e9gica Ciencias de la Vida y de la Salud.<\/p>\n\n\n\n<h3 class=\"wp-block-heading\"><strong>OBJETIVO<\/strong><\/h3>\n\n\n\n<p><span class=\"post-content__span\"> Contribuir a lograr la soberan\u00eda y seguridad sanitaria de Colombia, promoviendo el cambio de la estructura productiva del pa\u00eds hacia industrias y servicios con contenido tecnol\u00f3gico alto y con proyecci\u00f3n exportadora, mediante el apoyo financiero a programas de I+D+i dirigidos a fortalecer las capacidades nacionales para desarrollar y producir vacunas y sus tecnolog\u00edas asociadas.<\/p>\n\n\n\n<p><span class=\"post-content__span\"> <strong>Objetivos espec\u00edficos:<\/strong><\/p>\n\n\n\n<p><span class=\"post-content__span\"> 1. Cofinanciar el fortalecimiento de capacidades de I+D para desarrollar y producir en Colombia vacunas y tecnolog\u00edas asociadas, destinadas al control de enfermedades inmunoprevenibles de importancia en la salud p\u00fablica.<\/p>\n\n\n\n<p><span class=\"post-content__span\"> 2. Fortalecer alianzas interdisciplinarias, intersectoriales e internacionales que potencialicen el desarrollo y la transferencia de tecnolog\u00eda para la producci\u00f3n y comercializaci\u00f3n de vacunas y tecnolog\u00edas asociadas.<\/p>\n\n\n\n<p><span class=\"post-content__span\"> 3. Incentivar el desarrollo de tecnolog\u00edas para la salud con potencial de transferencia al mercado.<\/p>\n\n\n\n<p><span class=\"post-content__span\"> 4. Promover la vinculaci\u00f3n de j\u00f3venes investigadores, doctores e investigadores colombianos residentes y laborando en el exterior, a las iniciativas de I+D+i que sean apoyadas en el marco de la convocatoria.&nbsp;<\/p>\n\n\n\n<h3 class=\"wp-block-heading\"><strong>DIRIGIDA A<\/strong><\/h3>\n\n\n\n<p><span class=\"post-content__span\"> La convocatoria est\u00e1 dirigida a la conformaci\u00f3n de alianzas interdisciplinarias, interinstitucionales e intersectoriales que demuestren experiencia en procesos de I+D+i en el \u00e1rea tem\u00e1tica propuesta en el cap\u00edtulo 4 y el anexo 3 de los actuales t\u00e9rminos de referencia y que cuenten con un equipo de trabajo con trayectoria verificable, dedicado a las actividades correspondientes.<\/p>\n\n\n\n<p><span class=\"post-content__span\"> La propuesta podr\u00e1 desarrollarse en el marco de la cooperaci\u00f3n cient\u00edfica y tecnol\u00f3gica con instituciones extranjeras con experiencia verificable en las \u00c1reas Estrat\u00e9gicas de la convocatoria, y que cuenten con la disponibilidad de recursos financieros para su participaci\u00f3n en el programa.<\/p>\n\n\n\n<p><span class=\"post-content__span\"> Las Alianzas deber\u00e1n estar conformadas por al menos tres de los actores que se enuncian a continuaci\u00f3n <strong>(Ver t\u00e9rminos de referencia)<\/strong><\/p>\n\n\n\n<p><span class=\"post-content__span\"> <strong>1. Instituciones de Educaci\u00f3n Superior (IES):<\/strong> IES colombianas, tales como Instituciones T\u00e9cnicas Profesionales, Instituciones Tecnol\u00f3gicas, Instituciones Universitarias o Escuelas Tecnol\u00f3gicas y Universidades5 , representadas por al menos un grupo de investigaci\u00f3n A, A1, B, C o reconocido, seg\u00fan la clasificaci\u00f3n del Ministerio de Ciencia, Tecnolog\u00eda e Innovaci\u00f3n. El reconocimiento debe estar vigente a la fecha de cierre de la convocatoria<\/p>\n\n\n\n<h3 class=\"wp-block-heading\"><strong>LINEAS TEM\u00c1TICAS&nbsp;<\/strong><\/h3>\n\n\n\n<p><span class=\"post-content__span\"> El \u00c1rea Estrat\u00e9gica, el desaf\u00edo, el reto y las actividades por medio de los cuales se busca aportar a la soluci\u00f3n del desaf\u00edo \u201cColombia productiva\u201d, a trav\u00e9s de la implementaci\u00f3n de la Misi\u00f3n \u201cColombia un nuevo modelo productivo, sostenible y competitivo\u201d se presentan a continuaci\u00f3n:<\/p>\n\n\n\n<p><span class=\"post-content__span\"> <strong>1. \u00c1REA ESTRAT\u00c9GICA: CIENCIAS DE LA VIDA Y DE LA SALUD<\/strong><\/p>\n\n\n\n<p><span class=\"post-content__span\"> <strong>Desaf\u00edo:<\/strong> Desarrollo de una industria nacional de tecnolog\u00edas para la salud, basada en la I+D+i<\/p>\n\n\n\n<p><span class=\"post-content__span\"> <strong>Reto:<\/strong> Fortalecimiento y consolidaci\u00f3n de capacidades de I+D+i para el desarrollo y producci\u00f3n nacional de vacunas y sus tecnolog\u00edas asociadas, de inter\u00e9s estrat\u00e9gico para el pa\u00eds.<\/p>\n\n\n\n<p><span class=\"post-content__span\"> <strong>2. ACTIVIDADES A DESARROLLAR EN EL MARCO DE LOS PROGRAMAS<\/strong><\/p>\n\n\n\n<p><span class=\"post-content__span\"> Con sustento en los logros alcanzados en etapas previas de investigaci\u00f3n, los programas que se sometan a consideraci\u00f3n del Ministerio de Ciencia, Tecnolog\u00eda e Innovaci\u00f3n en el marco de esta convocatoria, deber\u00e1n enfocarse en el desarrollo de las actividades de I+D+i que permitan alcanzar los siguientes resultados, de acuerdo con el Anexo 9: Niveles de Madurez tecnol\u00f3gica y de manufactura \u2013 TRL y MRL:<\/p>\n\n\n\n<p><span class=\"post-content__span\"> 1. Observaci\u00f3n de los principios b\u00e1sicos (TRL 1)&nbsp;<\/p>\n\n\n\n<p><span class=\"post-content__span\"> 2. Formulaci\u00f3n del concepto (TRL 2)<\/p>\n\n\n\n<p><span class=\"post-content__span\"> 3. Prueba experimental del concepto (TRL 3)<\/p>\n\n\n\n<p><span class=\"post-content__span\"> 4. Validaci\u00f3n del desarrollo en entorno laboratorio (TRL 4)<\/p>\n\n\n\n<p><span class=\"post-content__span\"> 5. Validaci\u00f3n del desarrollo en entorno pertinente (TRL 5)&nbsp;<\/p>\n\n\n\n<h3 class=\"wp-block-heading\"><strong>DURACI\u00d3N Y FINANCIACI\u00d3N&nbsp;<\/strong><\/h3>\n\n\n\n<p><span class=\"post-content__span\"> <strong>1. Duraci\u00f3n:<\/strong> El t\u00e9rmino de duraci\u00f3n de las propuestas que se presenten a la convocatoria ser\u00e1 de m\u00ednimo treinta y seis (36) meses y hasta cuarenta y ocho (48) meses, contados a partir del perfeccionamiento y legalizaci\u00f3n del contrato.<\/p>\n\n\n\n<p><span class=\"post-content__span\"> <strong>2. Financiaci\u00f3n:<\/strong> El Ministerio de Ciencia, Tecnolog\u00eda e Innovaci\u00f3n cuenta con una disponibilidad presupuestal de hasta QUINCE MIL&nbsp;MILLONES DE PESOS \u2013 M\/CTE ($15.000.000.000) de acuerdo con el CDP No. 422 de 2022, como monto m\u00e1ximo para financiar un (1) programa de I+D+i conformado por m\u00ednimo tres (3) proyectos.<\/p>\n\n\n\n<p><span class=\"post-content__span\"> <strong>3.<\/strong> <strong>Condiciones del apoyo:<\/strong> Las propuestas presentadas deber\u00e1n ajustarse a las siguientes condiciones:<\/p>\n\n\n\n<p><span class=\"post-content__span\"> 3.1. Se financiar\u00e1 hasta el 70% del valor total de la propuesta.<\/p>\n\n\n\n<p><span class=\"post-content__span\"> 3.2. Las entidades que participen en la Alianza deber\u00e1n aportar una contrapartida en dinero y\/o especie por un monto m\u00ednimo equivalente al 30% del valor total de la propuesta. Esta contrapartida debe quedar definida y declarada en el Sistema Integral de Gesti\u00f3n de Proyectos -SIGP. Para evidenciar dicha informaci\u00f3n, adjuntar el reporte de contrapartidas por entidad generado por el SIGP. Los aportes de contrapartida de las empresas que participen en la propuesta deber\u00e1n tener en cuenta un m\u00ednimo de contrapartida en dinero; este deber\u00e1 ser igual o superior al 10% del valor total de la contrapartida de la empresa.<\/p>\n\n\n\n<p><span class=\"post-content__span\"> 3.3. Los Centros Aut\u00f3nomos o Institutos P\u00fablicos de Investigaci\u00f3n y Desarrollo Tecnol\u00f3gico reconocidos por el Ministerio de Ciencia, Tecnolog\u00eda e Innovaci\u00f3n que hagan parte de la Propuesta, no est\u00e1n obligados a realizar aportes de contrapartida, con base en lo definido en el numeral 8.2.2 Financiaci\u00f3n, del documento Pol\u00edtica Actores del Sistema Nacional de Ciencia, Tecnolog\u00eda e Innovaci\u00f3n adoptada mediante Resoluci\u00f3n No. 1473 de 2016. En este caso, se permitir\u00e1 la inclusi\u00f3n de gastos de operaci\u00f3n de hasta el 15% del valor del proyecto y la remuneraci\u00f3n a personal de planta con los recursos recibidos del Ministerio de Ciencia, Tecnolog\u00eda e Innovaci\u00f3n.<\/p>\n\n\n\n<p><span class=\"post-content__span\"> 3.4. Las microempresas y las spin-off no est\u00e1n obligadas a realizar aportes de contrapartida en dinero, en el caso de la presente convocatoria.<\/p>\n\n\n\n<p><span class=\"post-content__span\"> 3.5. El monto financiable por programa deber\u00e1 ajustarse a un valor m\u00e1ximo de: QUINCE MIL MILLONES DE PESOS \u2013 M\/CTE ($15.000.000.000).<\/p>\n\n\n\n<p><span class=\"post-content__span\"> <strong>Nota: <\/strong>Las entidades que participen en el programa que sea seleccionado en el marco de la presente convocatoria podr\u00e1 acceder a los beneficios tributarios que establece la Ley para fomentar la inversi\u00f3n en I+D+i y promover la competitividad en las empresas y el desarrollo de investigaciones de alto impacto para el pa\u00eds. Los elementos a considerar para acceder autom\u00e1ticamente a los beneficios tributarios que aplican en el caso de los programas y proyectos que se presenten a esta convocatoria se detallan en el Anexo 13: Beneficios tributarios.&nbsp;<\/p>\n\n\n\n<h3 class=\"wp-block-heading\"><span><strong>AVAL DEL COMIT\u00c9 DE BIO\u00c9TICA<\/strong><\/span><\/h3>\n\n\n\n<p><span class=\"post-content__span\"> Presentar concepto de un comit\u00e9 de \u00e9tica\/bio\u00e9tica, donde se especifique que la propuesta ha sido revisada y avalada. En caso de que ninguna de las instituciones que conforman la Alianza cuenten con un comit\u00e9 de \u00e9tica, se podr\u00e1 solicitar el concepto ante otra entidad que s\u00ed cuente con uno. Se debe anexar a este aval, el acto administrativo que soporta la conformaci\u00f3n del Comit\u00e9 de \u00e9tica o de Bio\u00e9tica que lo expide.&nbsp;&nbsp;<\/p>\n\n\n\n<p><span class=\"post-content__span\"> <span>Por lo anterior, tenga en cuenta el cronograma de reuniones del CBE &#8211; UTP\u00a0<\/span><strong><a href=\"https:\/\/vicerrectorias.utp.edu.co\/viie\/sin-categoria\/comite-de-bioetica\/\">[VER]<\/a>\u00a0<\/strong><span>con el fin de evitar contratiempos:<\/span><\/p>\n\n\n\n<figure class=\"wp-block-image\"><img decoding=\"async\" src=\"https:\/\/media2.utp.edu.co\/imagenes\/CBE%20CRONO.PNG\" alt=\"\"\/><\/figure>\n\n\n\n<h3 class=\"wp-block-heading\"><strong>CRITERIOS DE EVALUACI\u00d3N&nbsp;<\/strong><\/h3>\n\n\n\n<p><span class=\"post-content__span\"> Las propuestas inscritas dentro de los plazos establecidos para la presente convocatoria y que cumplan con la totalidad de los requisitos se someter\u00e1n al proceso de evaluaci\u00f3n que contempla los siguientes criterios:<\/p>\n\n\n<div class=\"wp-block-image\">\n<figure class=\"aligncenter is-resized\"><img loading=\"lazy\" decoding=\"async\" src=\"https:\/\/media2.utp.edu.co\/imagenes\/CRITERIOS.PNG\" alt=\"\" style=\"width:821px;height:192px\" width=\"821\" height=\"192\"\/><\/figure>\n<\/div>\n\n\n<p><span class=\"post-content__span\"> Se asignar\u00e1n puntos adicionales a los proyectos que vinculen investigadores colombianos que residan y trabajen en el exterior o se encuentren en proceso de retorno al pa\u00eds y que materialicen los enfoques diferencial y participativo y territorial, de acuerdo con lo siguiente:<\/p>\n\n\n\n<p><span class=\"post-content__span\"> a. Dos (2) puntos en caso de la vinculaci\u00f3n de un investigador colombiano radicado y laborando en el exterior o en proceso de retorno a Colombia.<\/p>\n\n\n\n<p><span class=\"post-content__span\"> b. Dos (2) puntos s\u00ed el equipo de trabajo materializa el enfoque diferencial y participativo .<\/p>\n\n\n\n<p><span class=\"post-content__span\"> c. Dos (2) puntos s\u00ed el equipo de trabajo materializa el enfoque territorial9 En caso de que en la alianza participe una empresa, se asignar\u00e1n cuatro (4) puntos s\u00ed la empresa cumple con al menos una de las siguientes condiciones10: a. Tiene unidad de I+D+i reconocida. b. Es reconocida como empresa altamente innovadora.<\/p>\n\n\n\n<p><span class=\"post-content__span\"> c. Es firmante de pactos por la innovaci\u00f3n.<\/p>\n\n\n\n<p><span class=\"post-content__span\"> En caso de que en la alianza participe una empresa, se asignar\u00e1n cuatro (4) puntos s\u00ed la empresa cumple con al menos una de las siguientes condiciones:<\/p>\n\n\n\n<p><span class=\"post-content__span\"> a. Tiene unidad de I+D+i reconocida.<\/p>\n\n\n\n<p><span class=\"post-content__span\"> b. Es reconocida como empresa altamente innovadora.<\/p>\n\n\n\n<p><span class=\"post-content__span\"> c. Es firmante de pactos por la innovaci\u00f3n<\/p>\n\n\n\n<h3 class=\"wp-block-heading\"><strong>CRONOGRAMA<\/strong><\/h3>\n\n\n\n<ul class=\"wp-block-list\">\n<li><strong>FECHA M\u00c1XIMA AVAL INSTITUCIONAL: <\/strong>Mi\u00e9rcoles, 8 de junio&nbsp;de 2022 hasta las 6:00 p.m<\/li>\n\n\n\n<li><strong>PROCEDIMIENTO SOLICITUD DE AVAL INSTITUCIONAL:\u00a0<\/strong><a href=\"https:\/\/vicerrectorias.utp.edu.co\/viie\/sin-categoria\/solicitud-aval-institucional-para-la-participacion-en-convocatorias-externas-de-investigacion\/\">\u200bVER<\/a><\/li>\n\n\n\n<li><strong>INSCRIPCI\u00d3N PLATAFORMA&nbsp;SIGP:<a href=\"http:\/\/INSCRIPCI\u00d3N PLATAFORMA SIGP:\">&nbsp;<\/a><\/strong><a href=\"http:\/\/INSCRIPCI\u00d3N PLATAFORMA SIGP:\">https:\/\/plataformasigp.minciencias.gov.co:7003\/FormularioProyectos\/<\/a><\/li>\n<\/ul>\n\n\n\n<p><span class=\"post-content__span\"> <strong>NOTA:&nbsp;<\/strong>Para mayor informaci\u00f3n recomendamos revisar los t\u00e9rminos de referencia completos&nbsp;con el fin de evitar errores a la hora de la postulaci\u00f3n&nbsp;<a href=\"https:\/\/minciencias.gov.co\/convocatorias\/programa-y-proyectos-ctei\/convocatoria-para-el-apoyo-programas-idi-que-contribuyan\"><strong>[VER]<\/strong>.<\/a><\/p>\n\n\n\n<h3 class=\"wp-block-heading\"><span><strong>CONTACTO<\/strong><\/span><\/h3>\n\n\n\n<p><span class=\"post-content__span\"> Inquietudes al correo&nbsp;<a href=\"http:\/\/investigaciones@utp.edu.co\/\">investigaciones@utp.edu.co<\/a><\/p>\n\n\n\n<p><span class=\"post-content__span\"> <strong>Tel\u00e9fono<\/strong>:&nbsp;313 7300&nbsp;<strong>EXT<\/strong>&nbsp;7309 -7789<\/p>\n","protected":false},"excerpt":{"rendered":"<p>La Universidad Tecnol\u00f3gica de Pereira y la Vicerrector\u00eda de Investigaciones, Innovaci\u00f3n y Extensi\u00f3n invitan a participar en la Convocatoria 927 para el apoyo a programas de I+D+i que contribuyan a [&#8230;]<\/p>\n","protected":false},"author":0,"featured_media":0,"comment_status":"closed","ping_status":"closed","sticky":false,"template":"","format":"standard","meta":{"footnotes":""},"categories":[7],"tags":[],"class_list":["post-5011","post","type-post","status-publish","format-standard","hentry","category-convocatorias"],"_links":{"self":[{"href":"https:\/\/vicerrectorias.utp.edu.co\/viie\/wp-json\/wp\/v2\/posts\/5011","targetHints":{"allow":["GET"]}}],"collection":[{"href":"https:\/\/vicerrectorias.utp.edu.co\/viie\/wp-json\/wp\/v2\/posts"}],"about":[{"href":"https:\/\/vicerrectorias.utp.edu.co\/viie\/wp-json\/wp\/v2\/types\/post"}],"replies":[{"embeddable":true,"href":"https:\/\/vicerrectorias.utp.edu.co\/viie\/wp-json\/wp\/v2\/comments?post=5011"}],"version-history":[{"count":3,"href":"https:\/\/vicerrectorias.utp.edu.co\/viie\/wp-json\/wp\/v2\/posts\/5011\/revisions"}],"predecessor-version":[{"id":11499,"href":"https:\/\/vicerrectorias.utp.edu.co\/viie\/wp-json\/wp\/v2\/posts\/5011\/revisions\/11499"}],"wp:attachment":[{"href":"https:\/\/vicerrectorias.utp.edu.co\/viie\/wp-json\/wp\/v2\/media?parent=5011"}],"wp:term":[{"taxonomy":"category","embeddable":true,"href":"https:\/\/vicerrectorias.utp.edu.co\/viie\/wp-json\/wp\/v2\/categories?post=5011"},{"taxonomy":"post_tag","embeddable":true,"href":"https:\/\/vicerrectorias.utp.edu.co\/viie\/wp-json\/wp\/v2\/tags?post=5011"}],"curies":[{"name":"wp","href":"https:\/\/api.w.org\/{rel}","templated":true}]}}