{"id":5001,"date":"2022-05-26T10:53:37","date_gmt":"2023-12-01T14:53:00","guid":{"rendered":""},"modified":"2024-02-08T21:44:04","modified_gmt":"2024-02-08T20:44:04","slug":"el-salado-de-consota-como-un-espacio-de-apropiacion-social-del-conocimiento","status":"publish","type":"post","link":"https:\/\/vicerrectorias.utp.edu.co\/viie\/el-salado-de-consota-como-un-espacio-de-apropiacion-social-del-conocimiento\/","title":{"rendered":"El Salado de Consot\u00e1 como un espacio de apropiaci\u00f3n social del conocimiento"},"content":{"rendered":"\n<h3 class=\"wp-block-heading\"><strong><span>El Salado de Consot\u00e1 como un espacio de apropiaci\u00f3n social del conocimiento<\/span><\/strong><\/h3>\n\n\n\n<p><span class=\"post-content__span\"> En el marco de la ejecuci\u00f3n del proyecto financiado por el Ministerio de Educaci\u00f3n: \u00abConstrucci\u00f3n participativa de contenidos tem\u00e1ticos en torno al Salado Consot\u00e1 como un espacio de apropiaci\u00f3n social del conocimiento en el marco de las capacidades Institucionales\u00bb se desarrollaron los siguientes productos para la apropiaci\u00f3n social del conocimiento<\/p>\n\n\n\n<p><span class=\"post-content__span\"> Se realiz\u00f3 convocatoria interna dirigida a los grupos de investigaci\u00f3n para&nbsp;la construcci\u00f3n de manera participativa de contenidos tem\u00e1ticos en torno al salado Consot\u00e1 con el prop\u00f3sito de fortalecer los procesos de apropiaci\u00f3n social del conocimiento donde se ejecutaron las siguientes&nbsp;propuestas:<\/p>\n\n\n\n<figure class=\"wp-block-table table\"><table><thead><tr><th>T\u00edtulo de la propuesta<\/th><th>Grupo de Investigaci\u00f3n<\/th><th>Acento Tem\u00e1tico<\/th><\/tr><\/thead><tbody><tr><td>La interpretaci\u00f3n del patrimonio cultural del salado de Consot\u00e1, y su legado en las Artes y Oficios de las comunidades del corregimiento de Tribunas &#8211; un territorio escuela para la generaci\u00f3n de estrategias de turismo sostenible\u00bb<\/td><td>Turismo Sostenible<\/td><td>Historia y Paisaje Cultural Cafetero<\/td><\/tr><tr><td>La vida microsc\u00f3pica en condiciones extremas en el manantial salino: Salado de Consot\u00e1<\/td><td>Biodiversidad y Biotecnolog\u00eda<\/td><td>Biodiversidad y Ecosistemas<\/td><\/tr><tr><td>Salado de Consot\u00e1: ambiente y patrimonio excepcional en Pereira y en el paisaje cultural cafetero.<\/td><td>Gesti\u00f3n en Cultura y Educaci\u00f3n Ambiental<\/td><td>Arqueolog\u00eda y Antropolog\u00eda<\/td><\/tr><tr><td>Fondo Documental Salado de Consot\u00e1: patrimonio, memoria e historia regional.<\/td><td>Pol\u00edticas Sociabilidades y Representaciones Hist\u00f3rico-Educativas &#8211; PSORHE&nbsp;<\/td><td>Historia y Paisaje Cultural Cafetero<\/td><\/tr><\/tbody><\/table><\/figure>\n\n\n\n<p><span class=\"post-content__span\"> <strong>Libro compilatorio<\/strong>: Conociendo el patrimonio hist\u00f3rico y arqueol\u00f3gico de Pereira: El Salado de Consot\u00e1 bajo una mirada interdisciplinar&nbsp;<a href=\"https:\/\/media2.utp.edu.co\/archivos\/CONSOT%C3%81.pdf\">Documento completo<\/a><\/p>\n\n\n\n<p><span class=\"post-content__span\"> <strong>Anexos<\/strong><a href=\"https:\/\/media2.utp.edu.co\/archivos\/WEB%20-%20Fondo%20documental%20%281%29%20%281%29%20%281%29.pdf\">Fondo documental web<\/a><\/p>\n\n\n\n<p><span class=\"post-content__span\"> <a href=\"https:\/\/media2.utp.edu.co\/archivos\/WEB%20-%20Fondo%20documental%202%20%281%29%20%281%29%20%281%29.pdf\">Fondo documental anexos<\/a><\/p>\n\n\n\n<p><span class=\"post-content__span\"> <strong>Cartilla:&nbsp;<\/strong>El Salado Consot\u00e1: una historia de agua y sal&nbsp;<a href=\"https:\/\/media2.utp.edu.co\/archivos\/AF_Cartilla%20Salado%20-%20Consot%C3%A1%20%28Sin%20portada%20y%20contraportada%29%20-%202021.pdf\">Documento completo&nbsp;<\/a><\/p>\n\n\n\n<p><span class=\"post-content__span\"> <strong>Video:<\/strong>&nbsp;Video divulgativo con los resultados de los grupos de investigaci\u00f3n&nbsp;<a href=\"https:\/\/drive.google.com\/file\/d\/1a7b4zeCtBFlMzABPngnMkACErBF6uv7R\/view?usp=sharing\">Ver aqu\u00ed&nbsp;<\/a><\/p>\n\n\n\n<p><span class=\"post-content__span\"> <strong>Portal web: <\/strong>Portal WEB para la divulgaci\u00f3n permanente de resultados de proyectos de investigaci\u00f3n en la tem\u00e1tica&nbsp;<a href=\"https:\/\/saladoconsota.utp.edu.co\/\">Visitar qu\u00ed<\/a><\/p>\n","protected":false},"excerpt":{"rendered":"<p>El Salado de Consot\u00e1 como un espacio de apropiaci\u00f3n social del conocimiento En el marco de la ejecuci\u00f3n del proyecto financiado por el Ministerio de Educaci\u00f3n: \u00abConstrucci\u00f3n participativa de contenidos [&#8230;]<\/p>\n","protected":false},"author":0,"featured_media":0,"comment_status":"closed","ping_status":"closed","sticky":false,"template":"","format":"standard","meta":{"footnotes":""},"categories":[1],"tags":[],"class_list":["post-5001","post","type-post","status-publish","format-standard","hentry","category-sin-categoria"],"_links":{"self":[{"href":"https:\/\/vicerrectorias.utp.edu.co\/viie\/wp-json\/wp\/v2\/posts\/5001","targetHints":{"allow":["GET"]}}],"collection":[{"href":"https:\/\/vicerrectorias.utp.edu.co\/viie\/wp-json\/wp\/v2\/posts"}],"about":[{"href":"https:\/\/vicerrectorias.utp.edu.co\/viie\/wp-json\/wp\/v2\/types\/post"}],"replies":[{"embeddable":true,"href":"https:\/\/vicerrectorias.utp.edu.co\/viie\/wp-json\/wp\/v2\/comments?post=5001"}],"version-history":[{"count":3,"href":"https:\/\/vicerrectorias.utp.edu.co\/viie\/wp-json\/wp\/v2\/posts\/5001\/revisions"}],"predecessor-version":[{"id":11872,"href":"https:\/\/vicerrectorias.utp.edu.co\/viie\/wp-json\/wp\/v2\/posts\/5001\/revisions\/11872"}],"wp:attachment":[{"href":"https:\/\/vicerrectorias.utp.edu.co\/viie\/wp-json\/wp\/v2\/media?parent=5001"}],"wp:term":[{"taxonomy":"category","embeddable":true,"href":"https:\/\/vicerrectorias.utp.edu.co\/viie\/wp-json\/wp\/v2\/categories?post=5001"},{"taxonomy":"post_tag","embeddable":true,"href":"https:\/\/vicerrectorias.utp.edu.co\/viie\/wp-json\/wp\/v2\/tags?post=5001"}],"curies":[{"name":"wp","href":"https:\/\/api.w.org\/{rel}","templated":true}]}}