{"id":4991,"date":"2022-11-25T17:31:23","date_gmt":"2023-12-01T14:53:00","guid":{"rendered":""},"modified":"2025-03-17T16:23:59","modified_gmt":"2025-03-17T15:23:59","slug":"convocatoria-interna-para-financiacion-de-proyectos-de-grupos-de-investigacion-ano-2022","status":"publish","type":"post","link":"https:\/\/vicerrectorias.utp.edu.co\/viie\/convocatoria-interna-para-financiacion-de-proyectos-de-grupos-de-investigacion-ano-2022\/","title":{"rendered":"CONVOCATORIA INTERNA PARA FINANCIACI\u00d3N DE PROYECTOS DE GRUPOS DE INVESTIGACI\u00d3N A\u00d1O 2022"},"content":{"rendered":"\n<h3 class=\"wp-block-heading\"><strong><span>RESULTADOS&nbsp;<\/span><\/strong><\/h3>\n\n\n\n<ul class=\"wp-block-list\">\n<li><a href=\"https:\/\/vicerrectorias.utp.edu.co\/viie\/wp-content\/uploads\/sites\/3\/Ampliacion-banco-financiables-CONVOCATORIA-INTERNA-GRUPOS-DE-INVESTIGACION-2022.pdf\" data-type=\"link\" data-id=\"https:\/\/vicerrectorias.utp.edu.co\/viie\/wp-content\/uploads\/sites\/3\/Ampliacion-banco-financiables-CONVOCATORIA-INTERNA-GRUPOS-DE-INVESTIGACION-2022.pdf\"><strong>[Ver]\u00a0<\/strong>Ampliaci\u00f3n banco de financiables convocatoria de Grupos de Investigaci\u00f3n A\u00f1o 2022<\/a><\/li>\n\n\n\n<li><strong>Fecha de Publicaci\u00f3n: <\/strong>08 de junio de 2023.<\/li>\n<\/ul>\n\n\n\n<ul class=\"wp-block-list\">\n<li><a style=\"font-size: revert;\" href=\"https:\/\/media2.utp.edu.co\/archivos\/CONV.%20GRUPOS%202022%281%29.pdf\"><strong>[Ver]&nbsp;<\/strong>Resultados convocatoria de Grupos de Investigaci\u00f3n A\u00f1o 2022<\/a> <\/li>\n\n\n\n<li><strong>Fecha de Publicaci\u00f3n: <\/strong>25&nbsp;de noviembre de 2022.<\/li>\n<\/ul>\n\n\n\n<h3 class=\"wp-block-heading\"><strong>Adenda No 1:<\/strong><\/h3>\n\n\n\n<ul class=\"wp-block-list\">\n<li><a href=\"https:\/\/media2.utp.edu.co\/archivos\/Adenda%20Convocatoria%20Grupos%20A%C3%B1o%202022.pdf\"><strong>[Ver]<\/strong>&nbsp;<strong>Modificaci\u00f3n Cronograma: <\/strong>Fecha de Publicaci\u00f3n de Banco de Proyectos Financiables<\/a><\/li>\n\n\n\n<li><strong style=\"font-size: revert; color: initial;\">Fecha de Publicaci\u00f3n:&nbsp;<\/strong><span style=\"font-size: revert; color: initial;\">11 de noviembre del 2022<\/span> <\/li>\n<\/ul>\n\n\n\n<h3 class=\"wp-block-heading\"><strong><span>RESULTADO CUMPLIMIENTO DE REQUISITOS M\u00cdNIMOS<\/span><\/strong><\/h3>\n\n\n\n<ul class=\"wp-block-list\">\n<li><a style=\"font-size: revert;\" href=\"https:\/\/media2.utp.edu.co\/archivos\/RESULTADOS%20REVISI%C3%93N%20REQUISITOS%20MINIMOS%281%29.pdf\"><strong>[Ver]&nbsp;<\/strong>Listado de las propuestas presentadas y resultado revisi\u00f3n de requisitos m\u00ednimos<\/a> <\/li>\n\n\n\n<li><strong style=\"font-size: revert; color: initial;\">Fecha de Publicaci\u00f3n:&nbsp;<\/strong><span style=\"font-size: revert; color: initial;\">22 de agosto del 2022<\/span> <\/li>\n<\/ul>\n\n\n\n<h3 class=\"wp-block-heading\"><strong>RADICADOS<\/strong><\/h3>\n\n\n\n<p><span class=\"post-content__span\"> <a href=\"https:\/\/media2.utp.edu.co\/archivos\/Validaci%C3%B3n%20Radicados%20Convocatoria%20Interna.xlsx\"><strong>[VER] Validaci\u00f3n radicados convocatoria interna<\/strong><\/a><\/p>\n\n\n\n<p><span class=\"post-content__span\"> <strong>Fecha de Publicaci\u00f3n:&nbsp;<\/strong>26 de julio de 2022<\/p>\n\n\n<div class=\"wp-block-image\">\n<figure class=\"aligncenter is-resized\"><img decoding=\"async\" src=\"https:\/\/media2.utp.edu.co\/imagenes\/GRUPOS22.png\" alt=\"\" style=\"width:563px;height:563px\"\/><\/figure>\n<\/div>\n\n\n<h3 class=\"wp-block-heading\"><a href=\"https:\/\/media2.utp.edu.co\/archivos\/Acuerdo%20No.%2014%20Convocatoria%20Interna%20Financiaci%C3%B3n%20Grupos%20de%20Investigaci%C3%B3n%20a%C3%B1o%202022%281%29.pdf\"><strong><span>ACUERDO CONSEJO ACAD\u00c9MICO No.&nbsp;<\/span>14<\/strong><\/a><\/h3>\n\n\n\n<p><span class=\"post-content__span\"> POR MEDIO DEL CUAL SE APRUEBA LA CONVOCATORIA INTERNA PARA FINANCIACI\u00d3N DE PROYECTOS DE GRUPOS DE INVESTIGACI\u00d3N A\u00d1O 2022 <a href=\"https:\/\/media2.utp.edu.co\/archivos\/Acuerdo%20No.%2014%20Convocatoria%20Interna%20Financiaci%C3%B3n%20Grupos%20de%20Investigaci%C3%B3n%20a%C3%B1o%202022.pdf\">\u200b[VER]<\/a><\/p>\n\n\n\n<h3 class=\"wp-block-heading\"><strong>CONVOCATORIA INTERNA PARA FINANCIACI\u00d3N DE PROYECTOS DE GRUPOS DE INVESTIGACI\u00d3N A\u00d1O 2022<\/strong><\/h3>\n\n\n\n<p><span class=\"post-content__span\"> Podr\u00e1n ser presentadas propuestas de investigaci\u00f3n en cualquier rama del saber dentro del sano principio de plena libertad de manifestaci\u00f3n de las actividades acad\u00e9micas.<\/p>\n\n\n\n<h3 class=\"wp-block-heading\"><strong>OBJETIVO<\/strong><\/h3>\n\n\n\n<p><span class=\"post-content__span\"> Fomentar la investigaci\u00f3n en la Universidad Tecnol\u00f3gica de Pereira, a trav\u00e9s de propuestas formuladas por los Grupos de Investigaci\u00f3n adscritos a la Vicerrector\u00eda de Investigaciones, Innovaci\u00f3n y Extensi\u00f3n y que hayan participado en la Convocatoria 894 de 2021 para el reconocimiento y medici\u00f3n de grupos de investigaci\u00f3n, desarrollo tecnol\u00f3gico o de innovaci\u00f3n y para el reconocimiento de investigadores del Sistema Nacional de Ciencia, Tecnolog\u00eda e Innovaci\u00f3n &#8211; SNCTI 2021.<\/p>\n\n\n\n<h3 class=\"wp-block-heading\"><strong>L\u00cdNEAS DE LA CONVOCATORIA<\/strong><\/h3>\n\n\n<div class=\"wp-block-image\">\n<figure class=\"aligncenter\"><img decoding=\"async\" src=\"https:\/\/media2.utp.edu.co\/imagenes\/l%C3%ADneas.PNG\" alt=\"\"\/><\/figure>\n<\/div>\n\n\n<p><span class=\"post-content__span\"> <strong>NOTA 1:<\/strong> Se debe presupuestar en el primer a\u00f1o entre el 40% y el 60% del total de financiaci\u00f3n y el valor restante para el a\u00f1o 2. Se except\u00faan de esta restricci\u00f3n las propuestas en las que el rubro de compra de equipos y reactivos correspondan a m\u00e1s del 60% del valor total del proyecto.<\/p>\n\n\n\n<p><span class=\"post-content__span\"> <strong>RECURSOS DE LA CONVOCATORIA: <\/strong>El n\u00famero de proyectos a financiar depender\u00e1 de los recursos asignados a la Vicerrector\u00eda de Investigaciones, Innovaci\u00f3n y Extensi\u00f3n.<\/p>\n\n\n\n<p><span class=\"post-content__span\"> <strong>NOTA 2:<\/strong> La recepci\u00f3n de un proyecto no implica obligatoriedad ni compromiso alguno para la Universidad de asignar recursos, ni genera derecho a recibir apoyos econ\u00f3micos para quienes hayan presentado propuestas en esta convocatoria.<\/p>\n\n\n\n<h3 class=\"wp-block-heading\"><strong>REQUISITOS GENERALES: <\/strong><\/h3>\n\n\n\n<ol class=\"wp-block-list\">\n<li>La carta de presentaci\u00f3n a la convocatoria (Ver Anexo 1)&nbsp;debe radicarse a trav\u00e9s de&nbsp;<a href=\"mailto:lazos@utp.edu.co\">lazos@utp.edu.co<\/a>&nbsp;a la Vicerrector\u00eda de Investigaciones, Innovaci\u00f3n y Extensi\u00f3n.<strong> Fecha m\u00e1xima de radicaci\u00f3n<\/strong>: 15 de julio de 2022 a las 6:00 p.m.<\/li>\n\n\n\n<li>Una vez se cuente con la carta de presentaci\u00f3n radicada, se debe diligenciar el formulario de google forms dise\u00f1ado para tal fin <strong><a href=\"https:\/\/forms.gle\/Wn6oqMqWUmenxGMh8\">https:\/\/forms.gle\/Wn6oqMqWUmenxGMh8<\/a><\/strong>, en el cual se deber\u00e1 anexar:<\/li>\n<\/ol>\n\n\n\n<ul class=\"wp-block-list\">\n<li>Carta de presentaci\u00f3n a la convocatoria radicada en formato PDF. (Ver anexo 1)<\/li>\n\n\n\n<li>Relaci\u00f3n de participantes y Certificaci\u00f3n de la propuesta en formato PDF o Word. (Ver anexo 2)<\/li>\n\n\n\n<li>Formulaci\u00f3n de la propuesta en formato PDF. (Ver anexo 3)<\/li>\n\n\n\n<li>Presupuesto de la propuesta en formato de Excel. (Ver anexo 4)<\/li>\n<\/ul>\n\n\n\n<p><span class=\"post-content__span\"> La fecha m\u00e1xima de registro de la informaci\u00f3n en el formulario de google es el 22 de julio de 2022 a las 11:59 p.m. (UTC-5)<\/p>\n\n\n\n<h3 class=\"wp-block-heading\"><strong>REQUISITOS M\u00cdNIMOS PARA LA PRESENTACI\u00d3N DE LAS PROPUESTAS<\/strong><\/h3>\n\n\n\n<ol class=\"wp-block-list\">\n<li>Los grupos de investigaci\u00f3n deber\u00e1n haber participado en la Convocatoria 894 de 2021 para el reconocimiento y medici\u00f3n de grupos de investigaci\u00f3n, desarrollo tecnol\u00f3gico o de innovaci\u00f3n y para el reconocimiento de investigadores del Sistema Nacional de Ciencia, Tecnolog\u00eda e Innovaci\u00f3n &#8211; SNCTI 2021.<\/li>\n\n\n\n<li>Los investigadores participantes del proyecto, incluyendo los estudiantes, deben tener su hoja de vida inscrita en el CvLac de MinCiencias. Este punto no aplica para los investigadores extranjeros (Asesores Internacionales). La Vicerrector\u00eda de Investigaciones, Innovaci\u00f3n y Extensi\u00f3n prestar\u00e1 la asesor\u00eda necesaria para el cumplimiento de este requisito.<\/li>\n\n\n\n<li>Los investigadores participantes del proyecto (docentes UTP) deber\u00e1n registrarse en el Google Scholar, researchgate y en ORCID.<\/li>\n\n\n\n<li>El investigador principal deber\u00e1 ser docente transitorio o de planta de la Universidad Tecnol\u00f3gica de Pereira y estar vinculado al grupo de investigaci\u00f3n que presenta la propuesta. <strong>NOTA: Para los grupos cuyos directores son transitorios administrativos, estos podr\u00e1n desempe\u00f1ar el rol de investigador principal.<\/strong><strong>&nbsp;<\/strong><\/li>\n\n\n\n<li>Un profesor solo podr\u00e1 ser investigador principal en una sola propuesta de la<strong> <strong>CONVOCATORIA INTERNA PARA FINANCIACI\u00d3N DE PROYECTOS DE INVESTIGACI\u00d3N A\u00d1O 2022, <\/strong>en cualquiera de sus l\u00edneas<strong>.<\/strong><\/strong><\/li>\n\n\n\n<li>En la presente convocatoria no podr\u00e1n postularse aquellos docentes que, a la fecha de apertura, tengan activo un proyecto de investigaci\u00f3n&nbsp;con financiaci\u00f3n interna, en el que&nbsp;act\u00faen como investigador principal,&nbsp;cuyo cronograma de finalizaci\u00f3n est\u00e9 contemplado para&nbsp;despu\u00e9s del 30 de enero de 2023. No obstante, los docentes s\u00ed podr\u00e1n hacer parte de proyectos en los que asuman el rol de coinvestigadores.<\/li>\n\n\n\n<li>El proyecto debe estar respaldado con la firma del director del grupo de investigaci\u00f3n al cual pertenece el investigador principal.<\/li>\n\n\n\n<li>El investigador principal deber\u00e1 declarar el nivel de riesgo bio\u00e9tico si aplica, diligenciado el&nbsp;anexo 2 (relaci\u00f3n de integrantes y certificaci\u00f3n de la propuesta), la formulaci\u00f3n de la propuesta &nbsp;y la ficha de identificaci\u00f3n de la propuesta (Formulario de google) y&nbsp;la Vicerrector\u00eda de Investigaciones, Innovaci\u00f3n y Extensi\u00f3n ser\u00e1 la encargada de tramitar el&nbsp;aval respectivo ante el Comit\u00e9 de Bio\u00e9tica de la Universidad Tecnol\u00f3gica de Pereira.<\/li>\n\n\n\n<li>Las investigaciones que involucran en sus propuestas animales deben ser evaluadas por un comit\u00e9 de \u00e9tica veterinaria. Este tr\u00e1mite ser\u00e1 coordinado por la Vicerrector\u00eda de Investigaciones, Innovaci\u00f3n y Extensi\u00f3n.<\/li>\n\n\n\n<li>Un Grupo de Investigaci\u00f3n podr\u00e1 presentar m\u00e1ximo dos propuestas en la convocatoria 2022, en cualquiera de las l\u00edneas establecidas, pero se priorizar\u00e1, para financiaci\u00f3n, la que obtenga mayor puntaje.<\/li>\n\n\n\n<li>Cada propuesta deber\u00e1 tener como m\u00ednimo dos docentes vinculados de la Universidad Tecnol\u00f3gica de Pereira (Investigador principal&nbsp;&nbsp; y un coinvestigador), en la cual el investigador principal deber\u00e1 ser docente transitorio o de planta y el coinvestigador podr\u00e1 tener cualquier modalidad de contrataci\u00f3n.<\/li>\n\n\n\n<li>Los investigadores y coinvestigadores que se postulen a la presente convocatoria deber\u00e1n encontrarse a Paz y Salvo en la Vicerrector\u00eda de Investigaciones, Innovaci\u00f3n y Extensi\u00f3n por todo concepto a la fecha de cierre de la convocatoria. Se validar\u00e1 el cumplimiento de:<\/li>\n<\/ol>\n\n\n\n<ul class=\"wp-block-list\">\n<li>Presentaci\u00f3n de Informes Proyectos de Extensi\u00f3n en los cuales es responsable.<\/li>\n\n\n\n<li>Presentaci\u00f3n de Informes Proyectos de Investigaci\u00f3n y Registros de Productos en los cuales es investigador principal.<\/li>\n\n\n\n<li>Actualizaci\u00f3n del Grupo de Investigaci\u00f3n en la Vicerrector\u00eda de Investigaciones, Innovaci\u00f3n y Extensi\u00f3n en el cual es director.<\/li>\n\n\n\n<li>Actualizaci\u00f3n del Semillero de Investigaci\u00f3n en la Vicerrector\u00eda de Investigaciones, Innovaci\u00f3n y Extensi\u00f3n en el cual es tutor.<\/li>\n<\/ul>\n\n\n\n<ol start=\"13\" class=\"wp-block-list\">\n<li>Es obligatoria la vinculaci\u00f3n de estudiantes de pregrado o postgrado para el desarrollo del proyecto.<\/li>\n\n\n\n<li>El investigador principal deber\u00e1 informar si la propuesta requiere la gesti\u00f3n de tr\u00e1mites ambientales, diligenciando la ficha de identificaci\u00f3n del proyecto (Formulario en google).<\/li>\n\n\n\n<li>Al finalizar el proyecto se deber\u00e1 cumplir como m\u00ednimo con los siguientes productos esperados seg\u00fan tipolog\u00eda de productos establecida por MinCiencias, es decir, un producto por tipolog\u00eda y adicionalmente, un producto institucional. En caso de que la propuesta presentada no tenga como producto esperado una actividad de investigaci\u00f3n, desarrollo e innovaci\u00f3n, es posible reemplazarlo por un producto de otra categor\u00eda. En todos los casos, se deber\u00e1 cumplir con cinco productos esperados como m\u00ednimo:<\/li>\n<\/ol>\n\n\n<div class=\"wp-block-image\">\n<figure class=\"aligncenter is-resized\"><img decoding=\"async\" src=\"https:\/\/media2.utp.edu.co\/imagenes\/Productos.PNG\" alt=\"\" style=\"width:584px;height:513px\"\/><\/figure>\n<\/div>\n\n\n<h3 class=\"wp-block-heading\"><strong>CRONOGRAMA<\/strong><\/h3>\n\n\n<div class=\"wp-block-image\">\n<figure class=\"aligncenter size-large is-resized\"><img decoding=\"async\" src=\"https:\/\/media2.utp.edu.co\/imagenes\/Cronogramaconvocatoriainterna.png\" alt=\"\" style=\"width:623px;height:558px\"\/><\/figure>\n<\/div>\n\n\n<h3 class=\"wp-block-heading\"><span><strong>DOCUMENTOS<\/strong><\/span><\/h3>\n\n\n\n<p><span class=\"post-content__span\"> <strong>FECHA DE PUBLICACI\u00d3N DE LA CONVOCATORIA:<\/strong>&nbsp;03 de mayo de 2022.<\/p>\n\n\n\n<p><span class=\"post-content__span\"> <a href=\"https:\/\/media2.utp.edu.co\/archivos\/Terminos%20de%20Referencia%281%29.pdf\"><strong>T\u00c9RMINOS DE REFERENCIA (VER)<\/strong><\/a><\/p>\n\n\n\n<p><span class=\"post-content__span\"> <a href=\"https:\/\/media2.utp.edu.co\/archivos\/Formato%20de%20%20Evaluaci%C3%B3n.docx\"><strong>FORMATO DE EVALUACI\u00d3N (VER)<\/strong><\/a><\/p>\n\n\n\n<p><span class=\"post-content__span\"> <a href=\"https:\/\/media2.utp.edu.co\/archivos\/Anexo%201%20-%20Carta%20de%20Presentacion%283%29.docx\"><strong>ANEXO 1:<\/strong> Carta de presentaci\u00f3n a la convocatoria.<\/a><\/p>\n\n\n\n<p><span class=\"post-content__span\"> <a href=\"https:\/\/media2.utp.edu.co\/archivos\/Anexo%202%20-%20Relaci%C3%B3n%20de%20participantes%20%20y%20Certificaci%C3%B3n%20de%20la%20propuesta%20%20%284%29%281%29.docx\"><strong>ANEXO 2: <\/strong>Relaci\u00f3n de participantes y certificaci\u00f3n&nbsp;de la propuesta<\/a><\/p>\n\n\n\n<p><span class=\"post-content__span\"> <a href=\"https:\/\/media2.utp.edu.co\/archivos\/Anexo%203%20-%20Formulaci%C3%B3n%282%29.docx\"><strong>ANEXO 3: <\/strong>Formulaci\u00f3n de la propuesta.<\/a><\/p>\n\n\n\n<p><span class=\"post-content__span\"> <a href=\"https:\/\/media2.utp.edu.co\/archivos\/Anexo%204%20%20Presupuesto%20Grupos%283%29.xlsx\"><strong>ANEXO 4:<\/strong> Presupuesto de la propuesta.<\/a><\/p>\n\n\n\n<p><span class=\"post-content__span\"> <a href=\"https:\/\/media2.utp.edu.co\/archivos\/Anexo%205%20-%20ODS%282%29.docx\"><strong>ANEXO 5: <\/strong>ODS \u2013 Objetivos de Desarrollo Sostenible<\/a><\/p>\n\n\n\n<p><span class=\"post-content__span\"> <a href=\"https:\/\/media2.utp.edu.co\/archivos\/Anexo%206%20-%20RESOLUCION-8430-DE-1993.pdf\"><strong>ANEXO 6: <\/strong>Resoluci\u00f3n 8430 de 1993 del Ministerio de Salud<\/a><\/p>\n\n\n\n<h3 class=\"wp-block-heading\"><strong>M\u00c1S INFORMACI\u00d3N<\/strong><\/h3>\n\n\n\n<p><span class=\"post-content__span\"> Vicerrector\u00eda de Investigaciones, Innovaci\u00f3n y Extensi\u00f3n<\/p>\n\n\n\n<p><span class=\"post-content__span\"> <strong>Email:<\/strong>&nbsp;<a href=\"mailto:investigaciones@utp.edu.co\">investigaciones@utp.edu.co<\/a><\/p>\n\n\n\n<p><span class=\"post-content__span\"> <strong>EXT: <\/strong>7309 -7789<\/p>\n","protected":false},"excerpt":{"rendered":"<p>RESULTADOS&nbsp; Adenda No 1: RESULTADO CUMPLIMIENTO DE REQUISITOS M\u00cdNIMOS RADICADOS [VER] Validaci\u00f3n radicados convocatoria interna Fecha de Publicaci\u00f3n:&nbsp;26 de julio de 2022 ACUERDO CONSEJO ACAD\u00c9MICO No.&nbsp;14 POR MEDIO DEL CUAL [&#8230;]<\/p>\n","protected":false},"author":0,"featured_media":0,"comment_status":"closed","ping_status":"closed","sticky":false,"template":"","format":"standard","meta":{"footnotes":""},"categories":[7],"tags":[],"class_list":["post-4991","post","type-post","status-publish","format-standard","hentry","category-convocatorias"],"_links":{"self":[{"href":"https:\/\/vicerrectorias.utp.edu.co\/viie\/wp-json\/wp\/v2\/posts\/4991","targetHints":{"allow":["GET"]}}],"collection":[{"href":"https:\/\/vicerrectorias.utp.edu.co\/viie\/wp-json\/wp\/v2\/posts"}],"about":[{"href":"https:\/\/vicerrectorias.utp.edu.co\/viie\/wp-json\/wp\/v2\/types\/post"}],"replies":[{"embeddable":true,"href":"https:\/\/vicerrectorias.utp.edu.co\/viie\/wp-json\/wp\/v2\/comments?post=4991"}],"version-history":[{"count":5,"href":"https:\/\/vicerrectorias.utp.edu.co\/viie\/wp-json\/wp\/v2\/posts\/4991\/revisions"}],"predecessor-version":[{"id":18710,"href":"https:\/\/vicerrectorias.utp.edu.co\/viie\/wp-json\/wp\/v2\/posts\/4991\/revisions\/18710"}],"wp:attachment":[{"href":"https:\/\/vicerrectorias.utp.edu.co\/viie\/wp-json\/wp\/v2\/media?parent=4991"}],"wp:term":[{"taxonomy":"category","embeddable":true,"href":"https:\/\/vicerrectorias.utp.edu.co\/viie\/wp-json\/wp\/v2\/categories?post=4991"},{"taxonomy":"post_tag","embeddable":true,"href":"https:\/\/vicerrectorias.utp.edu.co\/viie\/wp-json\/wp\/v2\/tags?post=4991"}],"curies":[{"name":"wp","href":"https:\/\/api.w.org\/{rel}","templated":true}]}}