{"id":4981,"date":"2022-04-28T11:15:00","date_gmt":"2023-12-01T14:53:00","guid":{"rendered":""},"modified":"2023-08-01T11:38:09","modified_gmt":"2023-12-01T14:53:00","slug":"como-se-esta-fomentando-la-propiedad-industrial-en-los-jovenes-desde-la-sic","status":"publish","type":"post","link":"https:\/\/vicerrectorias.utp.edu.co\/viie\/como-se-esta-fomentando-la-propiedad-industrial-en-los-jovenes-desde-la-sic\/","title":{"rendered":"\u00bfC\u00f3mo se est\u00e1 fomentando la Propiedad Industrial en los j\u00f3venes, desde la SIC?"},"content":{"rendered":"\n<p><span class=\"post-content__span\"> <span>La Delegada para la Propiedad Industrial, Mar\u00eda Jos\u00e9 Lamus Becerra, presenta algunos datos clave que muestran la gesti\u00f3n que se ha realizado desde la Entidad para promocionar la Propiedad Industrial en la juventud colombiana. \u00bfSab\u00edas que la SIC cuenta con una tasa preferencial de registro de marcas para j\u00f3venes? Todos los detalles aqu\u00ed:<\/span><\/p>\n\n\n\n<p><span class=\"post-content__span\"> <object width=\"640\" height=\"360\"><param name=\"movie\" value=\"\/\/www.youtube.com\/v\/wBVNsA7tlfo?hl=es_CO&amp;version=3\"><param name=\"allowFullScreen\" value=\"true\"><param name=\"allowscriptaccess\" value=\"always\"><embed allowscriptaccess=\"always\" src=\"\/\/www.youtube.com\/v\/wBVNsA7tlfo?hl=es_CO&amp;version=3\" type=\"application\/x-shockwave-flash\" width=\"640\" height=\"360\"><\/object><\/p>\n\n\n\n<p><span class=\"post-content__span\"> <em>Fuente:&nbsp;<\/em><\/p>\n\n\n\n<p><span class=\"post-content__span\"> <a href=\"https:\/\/www.sic.gov.co\/ruta-pi\/abril-2022\/editorial-pi\/como-se-esta-fomentando-la-propiedad-industrial-en-los-jovenes-desde-la-sic\" target=\"_blank\" rel=\"noreferrer noopener\">https:\/\/www.sic.gov.co\/ruta-pi\/abril-2022\/editorial-pi\/como-se-esta-fomentando-la-propiedad-industrial-en-los-jovenes-desde-la-sic<\/a><\/p>\n","protected":false},"excerpt":{"rendered":"<p>La Delegada para la Propiedad Industrial, Mar\u00eda Jos\u00e9 Lamus Becerra, presenta algunos datos clave que muestran la gesti\u00f3n que se ha realizado desde la Entidad para promocionar la Propiedad Industrial [&#8230;]<\/p>\n","protected":false},"author":0,"featured_media":10302,"comment_status":"closed","ping_status":"closed","sticky":false,"template":"","format":"standard","meta":{"footnotes":""},"categories":[5],"tags":[],"class_list":["post-4981","post","type-post","status-publish","format-standard","has-post-thumbnail","hentry","category-noticias-y-eventos-propiedad-intelectual"],"_links":{"self":[{"href":"https:\/\/vicerrectorias.utp.edu.co\/viie\/wp-json\/wp\/v2\/posts\/4981","targetHints":{"allow":["GET"]}}],"collection":[{"href":"https:\/\/vicerrectorias.utp.edu.co\/viie\/wp-json\/wp\/v2\/posts"}],"about":[{"href":"https:\/\/vicerrectorias.utp.edu.co\/viie\/wp-json\/wp\/v2\/types\/post"}],"replies":[{"embeddable":true,"href":"https:\/\/vicerrectorias.utp.edu.co\/viie\/wp-json\/wp\/v2\/comments?post=4981"}],"version-history":[{"count":2,"href":"https:\/\/vicerrectorias.utp.edu.co\/viie\/wp-json\/wp\/v2\/posts\/4981\/revisions"}],"predecessor-version":[{"id":11134,"href":"https:\/\/vicerrectorias.utp.edu.co\/viie\/wp-json\/wp\/v2\/posts\/4981\/revisions\/11134"}],"wp:featuredmedia":[{"embeddable":true,"href":"https:\/\/vicerrectorias.utp.edu.co\/viie\/wp-json\/wp\/v2\/media\/10302"}],"wp:attachment":[{"href":"https:\/\/vicerrectorias.utp.edu.co\/viie\/wp-json\/wp\/v2\/media?parent=4981"}],"wp:term":[{"taxonomy":"category","embeddable":true,"href":"https:\/\/vicerrectorias.utp.edu.co\/viie\/wp-json\/wp\/v2\/categories?post=4981"},{"taxonomy":"post_tag","embeddable":true,"href":"https:\/\/vicerrectorias.utp.edu.co\/viie\/wp-json\/wp\/v2\/tags?post=4981"}],"curies":[{"name":"wp","href":"https:\/\/api.w.org\/{rel}","templated":true}]}}