{"id":4921,"date":"2022-04-22T18:01:32","date_gmt":"2023-12-01T14:53:00","guid":{"rendered":""},"modified":"2023-07-11T19:30:52","modified_gmt":"2023-12-01T14:53:00","slug":"convocatoria-para-la-vinculacion-de-estudiantes-en-practica-laboral-2022","status":"publish","type":"post","link":"https:\/\/vicerrectorias.utp.edu.co\/viie\/convocatoria-para-la-vinculacion-de-estudiantes-en-practica-laboral-2022\/","title":{"rendered":"CONVOCATORIA PARA LA VINCULACI\u00d3N DE ESTUDIANTES EN PR\u00c1CTICA LABORAL 2022"},"content":{"rendered":"\n<h3 class=\"wp-block-heading\"><strong>CONVOCATORIA PARA LA VINCULACI\u00d3N DE ESTUDIANTES EN PR\u00c1CTICA LABORAL EN EL MARCO DEL PROGRAMA ESTADO J\u00d3VEN 9 GENERACI\u00d3N DEL MINISTERIO DEL TRABAJO \u2013 SEGUNDO SEMESTRE DE 2022.<\/strong><\/h3>\n\n\n\n<p><span class=\"post-content__span\"> La Universidad Tecnol\u00f3gica de Pereira a trav\u00e9s de la Vicerrector\u00eda de Investigaciones, Innovaci\u00f3n y Extensi\u00f3n realiza la convocatoria interna para la postulaci\u00f3n de plazas de pr\u00e1ctica laboral para el segundo semestre de 2022 en el marco del programa estado joven 9 generaci\u00f3n del Ministerio de Trabajo<\/p>\n\n\n\n<p><span class=\"post-content__span\"> <strong>OBJETIVO:&nbsp;<\/strong>Seleccionar 10 plazas de pr\u00e1ctica laboral o vacantes que para la postulaci\u00f3n a la convocatoria que permita la asignaci\u00f3n de estudiantes para la realizaci\u00f3n de pr\u00e1cticas laborales que permitan apoyar el desarrollo de las actividades propias de la Instituci\u00f3n y contribuir al proceso formativo de los estudiantes.<\/p>\n\n\n\n<p><span class=\"post-content__span\"> <strong>DIRIGIDO A:&nbsp;<\/strong>La presente convocatoria se encuentra dirigida a todas las dependencias acad\u00e9micas y administrativas de la Universidad Tecnol\u00f3gica de Pereira.<\/p>\n\n\n\n<p><span class=\"post-content__span\"> <strong>Fecha de cierre:&nbsp;<\/strong><span>jueves 21 de abril de 2022 a las 06:00 p.m<\/span><\/p>\n\n\n\n<ul class=\"wp-block-list\"><li><strong><a href=\"https:\/\/media2.utp.edu.co\/archivos\/CONVOCATORIAS%20PLAZAS%20ESTADO%20JOVEN%202022-2%20%281%29.pdf\">Terminos de referencia<\/a><\/strong><\/li><li><strong><a href=\"https:\/\/media2.utp.edu.co\/archivos\/Anexo%201.%20Postulaci%C3%B3n%20Plaza%20Pr%C3%A1ctica.xlsx\">Anexo 1:&nbsp;Ficha de registro de plazas de pr\u00e1ctica&nbsp;<\/a><\/strong><\/li><li><a href=\"https:\/\/media2.utp.edu.co\/archivos\/RESULTADOS%20PROCESO%20DE%20SELECCI%C3%93N.pdf\"><strong>LISTADO DE PLAZAS DE PR\u00c1CTICA SELECCIONADAS&nbsp;<\/strong><\/a><\/li><\/ul>\n","protected":false},"excerpt":{"rendered":"<p>CONVOCATORIA PARA LA VINCULACI\u00d3N DE ESTUDIANTES EN PR\u00c1CTICA LABORAL EN EL MARCO DEL PROGRAMA ESTADO J\u00d3VEN 9 GENERACI\u00d3N DEL MINISTERIO DEL TRABAJO \u2013 SEGUNDO SEMESTRE DE 2022. La Universidad Tecnol\u00f3gica [&#8230;]<\/p>\n","protected":false},"author":0,"featured_media":0,"comment_status":"closed","ping_status":"closed","sticky":false,"template":"","format":"standard","meta":{"footnotes":""},"categories":[1],"tags":[],"class_list":["post-4921","post","type-post","status-publish","format-standard","hentry","category-sin-categoria"],"_links":{"self":[{"href":"https:\/\/vicerrectorias.utp.edu.co\/viie\/wp-json\/wp\/v2\/posts\/4921","targetHints":{"allow":["GET"]}}],"collection":[{"href":"https:\/\/vicerrectorias.utp.edu.co\/viie\/wp-json\/wp\/v2\/posts"}],"about":[{"href":"https:\/\/vicerrectorias.utp.edu.co\/viie\/wp-json\/wp\/v2\/types\/post"}],"replies":[{"embeddable":true,"href":"https:\/\/vicerrectorias.utp.edu.co\/viie\/wp-json\/wp\/v2\/comments?post=4921"}],"version-history":[{"count":1,"href":"https:\/\/vicerrectorias.utp.edu.co\/viie\/wp-json\/wp\/v2\/posts\/4921\/revisions"}],"predecessor-version":[{"id":5957,"href":"https:\/\/vicerrectorias.utp.edu.co\/viie\/wp-json\/wp\/v2\/posts\/4921\/revisions\/5957"}],"wp:attachment":[{"href":"https:\/\/vicerrectorias.utp.edu.co\/viie\/wp-json\/wp\/v2\/media?parent=4921"}],"wp:term":[{"taxonomy":"category","embeddable":true,"href":"https:\/\/vicerrectorias.utp.edu.co\/viie\/wp-json\/wp\/v2\/categories?post=4921"},{"taxonomy":"post_tag","embeddable":true,"href":"https:\/\/vicerrectorias.utp.edu.co\/viie\/wp-json\/wp\/v2\/tags?post=4921"}],"curies":[{"name":"wp","href":"https:\/\/api.w.org\/{rel}","templated":true}]}}