{"id":4901,"date":"2022-04-06T09:56:14","date_gmt":"2022-04-06T07:56:14","guid":{"rendered":""},"modified":"2023-11-29T16:37:08","modified_gmt":"2023-11-29T15:37:08","slug":"convocatoria-publica-para-seleccionar-el-representante-estudiantil-de-pregrado-ante-el-comite-central-de-investigaciones","status":"publish","type":"post","link":"https:\/\/vicerrectorias.utp.edu.co\/viie\/convocatoria-publica-para-seleccionar-el-representante-estudiantil-de-pregrado-ante-el-comite-central-de-investigaciones\/","title":{"rendered":"CONVOCATORIA P\u00daBLICA PARA SELECCIONAR EL REPRESENTANTE ESTUDIANTIL DE PREGRADO ANTE EL COMIT\u00c9 CENTRAL DE INVESTIGACIONES"},"content":{"rendered":"<div class=\"wp-block-image\">\n<figure class=\"aligncenter is-resized\"><img loading=\"lazy\" decoding=\"async\" src=\"https:\/\/media2.utp.edu.co\/imagenes\/CCI%20ESTUDIANTES.png\" alt=\"\" style=\"width:540px;height:540px\" width=\"540\" height=\"540\"\/><\/figure>\n<\/div>\n\n\n<p><span class=\"post-content__span\"> <span>La Universidad Tecnol\u00f3gica de Pereira a trav\u00e9s de la Vicerrector\u00eda de Investigaciones, Innovaci\u00f3n Y Extensi\u00f3n, invita&nbsp;a participar en la Convocatoria P\u00fablica para seleccionar el representante estudiantil de pregrado ante el Comit\u00e9 Central de Investigaciones.<\/span><\/p>\n\n\n\n<h3 class=\"wp-block-heading\"><span><strong>OBJETIVO<\/strong><\/span><\/h3>\n\n\n\n<p><span class=\"post-content__span\"> <span>Seleccionar el representante estudiantil de pregrado ante el Comit\u00e9 Central de Investigaciones, seg\u00fan el Acuerdo del Consejo Superior Universitario <a href=\"https:\/\/vicerrectorias.utp.edu.co\/viie\/sin-categoria\/acuerdos\/\" target=\"_blank\" rel=\"noreferrer noopener\">No 028 del 03 de agosto de 2016<\/a> por medio del cual se actualiza la normatividad vigente sobre fomento a la investigaci\u00f3n en la Universidad Tecnol\u00f3gica de Pereira y se adoptan otras disposiciones.\u00a0<\/span><\/p>\n\n\n\n<h3 class=\"wp-block-heading\"><span><strong>DIRIGIDO A<\/strong><\/span><\/h3>\n\n\n\n<ul class=\"wp-block-list\">\n<li><span style=\"font-size: revert; color: initial;\">Estudiantes de pregrado de la Universidad Tecnol\u00f3gica de Pereira que se encuentren cursando m\u00e1ximo el 70% de los cr\u00e9ditos acad\u00e9micos del programa al cual pertenecen y que est\u00e9n activos financiera y acad\u00e9micamente.&nbsp;<\/span> <\/li>\n\n\n\n<li><span style=\"font-size: revert; color: initial;\">Estudiantes vinculados institucionalmente a un grupo o semillero de investigaci\u00f3n y que cuenten con al menos una publicaci\u00f3n, la cual puede ser: un art\u00edculo en revista indexada, un cap\u00edtulo de libro, un libro, una memoria en evento acad\u00e9mico, una publicaci\u00f3n en una revista de divulgaci\u00f3n o cartilla, etc.&nbsp;&nbsp;<\/span> <\/li>\n<\/ul>\n\n\n\n<h3 class=\"wp-block-heading\"><span><strong>GENERALIDADES&nbsp;<\/strong><\/span><\/h3>\n\n\n\n<ol class=\"wp-block-list\">\n<li><span style=\"font-size: revert; color: initial;\">La presente convocatoria tiene como fin dar cumplimiento a lo establecido en el Acuerdo del Consejo Superior Universitario <\/span><a href=\"https:\/\/vicerrectorias.utp.edu.co\/viie\/sin-categoria\/acuerdos\/\" target=\"_blank\" rel=\"noreferrer noopener\">No 028 del 03 de agosto de 2016<\/a><span style=\"font-size: revert; color: initial;\"> por medio del cual se actualiza la normatividad vigente sobre fomento a la investigaci\u00f3n en la Universidad Tecnol\u00f3gica de Pereira y se adoptan otras disposiciones, en el cual en su cap\u00edtulo III y en su art\u00edculo 9, establece que el comit\u00e9 estar\u00e1 conformado por:\u00a0<\/span> <\/li>\n<\/ol>\n\n\n\n<ul class=\"wp-block-list\">\n<li><span>Un representante de los estudiantes de pregrado de la Universidad Tecnol\u00f3gica de Pereira, que pertenezca a un grupo de investigaci\u00f3n o semillero de investigaci\u00f3n y que cuente con al menos una publicaci\u00f3n.&nbsp;<\/span><\/li>\n<\/ul>\n\n\n\n<ol class=\"wp-block-list\" start=\"2\">\n<li><span style=\"font-size: revert; color: initial;\">Las funciones del Comit\u00e9 Central de Investigaciones seg\u00fan el Acuerdo del Consejo Superior Universitario <\/span><a href=\"https:\/\/vicerrectorias.utp.edu.co\/viie\/sin-categoria\/acuerdos\/\" target=\"_blank\" rel=\"noreferrer noopener\">No 028 del 03 de agosto de 2016<\/a><span style=\"font-size: revert; color: initial;\">\u00a0 son las siguientes:\u00a0<\/span> <\/li>\n<\/ol>\n\n\n\n<ul class=\"wp-block-list\">\n<li><span>Asesorar a la Vicerrector\u00eda de Investigaciones, Innovaci\u00f3n y Extensi\u00f3n en temas relacionados con el fomento a la investigaci\u00f3n, para el cumplimiento de sus objetivos.&nbsp;<\/span><\/li>\n\n\n\n<li><span>Recomendar al Consejo Acad\u00e9mico orientaciones o medidas concretas sobre pol\u00edticas o aspectos organizacionales de la investigaci\u00f3n.&nbsp;<\/span><\/li>\n\n\n\n<li><span>Presentar a consideraci\u00f3n del Consejo Acad\u00e9mico los criterios para la asignaci\u00f3n de los recursos en las convocatorias internas.&nbsp;<\/span><\/li>\n\n\n\n<li><span>Presentar a consideraci\u00f3n del Consejo Acad\u00e9mico los criterios para los distintos reconocimientos y premios de los investigadores de la Universidad.&nbsp;<\/span><\/li>\n\n\n\n<li><span>Asesorar en el dise\u00f1o de los t\u00e9rminos de referencia de las convocatorias para la financiaci\u00f3n interna de proyectos de investigaci\u00f3n.&nbsp;<\/span><\/li>\n\n\n\n<li><span>Acompa\u00f1ar el proceso de selecci\u00f3n y clasificar los proyectos a financiar de acuerdo con los resultados de cada convocatoria, respetando los criterios aprobados por el Consejo Acad\u00e9mico.&nbsp;<\/span><\/li>\n\n\n\n<li><span>Analizar y aprobar la creaci\u00f3n de nuevos grupos y semilleros de investigaci\u00f3n procurando la consolidaci\u00f3n y el fortalecimiento de los mismos, y de acuerdo con el Plan de Gesti\u00f3n de las facultades.&nbsp;<\/span><\/li>\n<\/ul>\n\n\n\n<ol class=\"wp-block-list\" start=\"3\">\n<li><span style=\"font-size: revert; color: initial;\">Las reuniones del Comit\u00e9 Central de Investigaciones se llevan a cabo una vez al mes como m\u00ednimo, los viernes de 3:00 a 5:00 p.m de manera presencial.&nbsp;<\/span> <\/li>\n<\/ol>\n\n\n\n<h3 class=\"wp-block-heading\">\n<span><strong>MODO DE PARTICIPACI\u00d3N<\/strong><\/span><\/h3>\n\n\n\n<p><span class=\"post-content__span\"> <span>Los estudiantes interesados deber\u00e1n diligenciar el siguiente formulario: <strong>[<a href=\"https:\/\/docs.google.com\/forms\/d\/e\/1FAIpQLSfmWN1M1ZPB7hPi7sLus15qVoB4kNhQOqtcFAFSzSdZmjjjGQ\/viewform\">VER<\/a>]<\/strong>, para manifestar su postulaci\u00f3n.&nbsp;<\/span><\/p>\n\n\n\n<h3 class=\"wp-block-heading\"><span><strong>PROCESO DE EVALUACI\u00d3N<\/strong><\/span><\/h3>\n\n\n\n<p><span class=\"post-content__span\"> <span>La evaluaci\u00f3n la realizar\u00e1 el Comit\u00e9 Central de Investigaciones, con base en la trayectoria en investigaci\u00f3n del candidato (Verificaci\u00f3n Cvlac y base de datos interna Vicerrector\u00eda de Investigaciones, Innovaci\u00f3n y Extensi\u00f3n).<\/span><\/p>\n\n\n\n<h3 class=\"wp-block-heading\"><span><strong>CRONOGRAMA<\/strong><\/span><\/h3>\n\n\n\n<p><span class=\"post-content__span\"> <span><strong>Fecha de apertura: <\/strong>lunes 4 de abril de 2022&nbsp;<\/span><\/p>\n\n\n\n<p><span class=\"post-content__span\"> <span><strong>Fecha de cierre:<\/strong> lunes 2 de mayo de 2022<\/span><\/p>\n\n\n\n<h3 class=\"wp-block-heading\">\n<span><strong>MAYORES INFORMES<\/strong><\/span><\/h3>\n\n\n\n<p><span class=\"post-content__span\"> <span>Yesica Marcela Rojas Orozco&nbsp;<\/span><\/p>\n\n\n\n<p><span class=\"post-content__span\"> <span>Profesional Administraci\u00f3n Institucional de la Investigaci\u00f3n&nbsp;<\/span><\/p>\n\n\n\n<p><span class=\"post-content__span\"> <span><a href=\"mailto:investigaciones@utp.edu.co\" target=\"_blank\" rel=\"noopener noreferrer\">investigaciones@utp.edu.co<\/a>&nbsp;<\/span><\/p>\n\n\n\n<p><span class=\"post-content__span\"> <span>3137309<\/span><\/p>\n","protected":false},"excerpt":{"rendered":"<p>La Universidad Tecnol\u00f3gica de Pereira a trav\u00e9s de la Vicerrector\u00eda de Investigaciones, Innovaci\u00f3n Y Extensi\u00f3n, invita&nbsp;a participar en la Convocatoria P\u00fablica para seleccionar el representante estudiantil de pregrado ante el [&#8230;]<\/p>\n","protected":false},"author":0,"featured_media":0,"comment_status":"closed","ping_status":"closed","sticky":false,"template":"","format":"standard","meta":{"footnotes":""},"categories":[7],"tags":[],"class_list":["post-4901","post","type-post","status-publish","format-standard","hentry","category-convocatorias"],"_links":{"self":[{"href":"https:\/\/vicerrectorias.utp.edu.co\/viie\/wp-json\/wp\/v2\/posts\/4901","targetHints":{"allow":["GET"]}}],"collection":[{"href":"https:\/\/vicerrectorias.utp.edu.co\/viie\/wp-json\/wp\/v2\/posts"}],"about":[{"href":"https:\/\/vicerrectorias.utp.edu.co\/viie\/wp-json\/wp\/v2\/types\/post"}],"replies":[{"embeddable":true,"href":"https:\/\/vicerrectorias.utp.edu.co\/viie\/wp-json\/wp\/v2\/comments?post=4901"}],"version-history":[{"count":3,"href":"https:\/\/vicerrectorias.utp.edu.co\/viie\/wp-json\/wp\/v2\/posts\/4901\/revisions"}],"predecessor-version":[{"id":11513,"href":"https:\/\/vicerrectorias.utp.edu.co\/viie\/wp-json\/wp\/v2\/posts\/4901\/revisions\/11513"}],"wp:attachment":[{"href":"https:\/\/vicerrectorias.utp.edu.co\/viie\/wp-json\/wp\/v2\/media?parent=4901"}],"wp:term":[{"taxonomy":"category","embeddable":true,"href":"https:\/\/vicerrectorias.utp.edu.co\/viie\/wp-json\/wp\/v2\/categories?post=4901"},{"taxonomy":"post_tag","embeddable":true,"href":"https:\/\/vicerrectorias.utp.edu.co\/viie\/wp-json\/wp\/v2\/tags?post=4901"}],"curies":[{"name":"wp","href":"https:\/\/api.w.org\/{rel}","templated":true}]}}