{"id":4881,"date":"2022-05-02T10:46:38","date_gmt":"2022-05-02T08:46:38","guid":{"rendered":""},"modified":"2023-11-29T16:09:05","modified_gmt":"2023-11-29T15:09:05","slug":"convocatoria-920-para-el-financiamiento-de-ecosistemas-cientificos-en-alianzas-que-fortalezcan-las-capacidades-nacionales-en-modelos-de-atencion-integ","status":"publish","type":"post","link":"https:\/\/vicerrectorias.utp.edu.co\/viie\/convocatoria-920-para-el-financiamiento-de-ecosistemas-cientificos-en-alianzas-que-fortalezcan-las-capacidades-nacionales-en-modelos-de-atencion-integ\/","title":{"rendered":"CONVOCATORIA 920 PARA EL FINANCIAMIENTO DE ECOSISTEMAS CIENT\u00cdFICOS EN ALIANZAS QUE FORTALEZCAN LAS CAPACIDADES NACIONALES EN MODELOS DE ATENCI\u00d3N INTEG"},"content":{"rendered":"\n<p><span class=\"post-content__span\"> La Universidad Tecnol\u00f3gica de Pereira y la Vicerrector\u00eda de Investigaciones, Innovaci\u00f3n y Extensi\u00f3n invitan&nbsp;a participar&nbsp;en la&nbsp;Convocatoria 920 para el financiamiento de ecosistemas cient\u00edficos en alianzas que fortalezcan las capacidades nacionales en modelos de atenci\u00f3n integral para la prevenci\u00f3n, detecci\u00f3n temprana, tratamiento y rehabilitaci\u00f3n integral del control del c\u00e1ncer.<\/p>\n\n\n\n<h3 class=\"wp-block-heading\"><strong><span>OBJETIVO&nbsp;<\/span><\/strong><\/h3>\n\n\n\n<p><span class=\"post-content__span\"> <span>Fortalecer las capacidades nacionales y la generaci\u00f3n de conocimiento a partir de acciones efectivas y estrategias integrales para la prevenci\u00f3n, detecci\u00f3n temprana, tratamiento y rehabilitaci\u00f3n integral del c\u00e1ncer, con enfoque diferencial, derivados de programas de CTeI ejecutados por Alianzas intersectoriales; que generen evidencia y conocimiento pertinente, que respondan a los retos de esta problem\u00e1tica nacional, con resultados perdurables y sostenibles en el tiempo.<\/span><\/p>\n\n\n\n<p><span class=\"post-content__span\"> <strong>DIRIGIDA A<\/strong><\/p>\n\n\n\n<p><span class=\"post-content__span\"> La convocatoria est\u00e1 dirigida a alianzas estrat\u00e9gicas conformadas por:<\/p>\n\n\n\n<p><span class=\"post-content__span\"> GRUPO 1:<\/p>\n\n\n\n<ul class=\"wp-block-list\">\n<li>Instituciones de Educaci\u00f3n Superior.<\/li>\n\n\n\n<li>Institutos \/ Centros de investigaci\u00f3n y Centros de desarrollo tecnol\u00f3gico con reconocimiento vigente por el Ministerio de Ciencia, Tecnolog\u00eda e Innovaci\u00f3n.<\/li>\n<\/ul>\n\n\n\n<p><span class=\"post-content__span\"> Dicha participaci\u00f3n, se podr\u00e1 realizar \u00fanicamente a trav\u00e9s de uno o varios grupos de investigaci\u00f3n pertenecientes a la entidad proponente, reconocidos por el Ministerio de Ciencia, Tecnolog\u00eda e Innovaci\u00f3n seg\u00fan convocatoria 833-2018 y categorizados como A1, A o B. Las entidades del GRUPO 1 actuar\u00e1n en calidad de ejecutor de la alianza.<\/p>\n\n\n\n<h3 class=\"wp-block-heading\"><strong>L\u00cdNEAS TEM\u00c1TICAS&nbsp;<\/strong><\/h3>\n\n\n\n<p><span class=\"post-content__span\"> Programas de CTeI con \u00e9nfasis en la implementaci\u00f3n de estrategias efectivas desde la visi\u00f3n de diferentes actores del SNCTI, dirigidos a mejorar la atenci\u00f3n en c\u00e1ncer, el diagn\u00f3stico temprano, el control y la calidad de vida de la poblaci\u00f3n que padece de esta patolog\u00eda y la disminuci\u00f3n de la carga de la enfermedad, utilizando como referente un enfoque social y regional.&nbsp;<\/p>\n\n\n\n<p><span class=\"post-content__span\"> <strong>RETO <\/strong><\/p>\n\n\n\n<p><span class=\"post-content__span\"> Contribuir a la prevenci\u00f3n, detecci\u00f3n temprana, tratamiento y rehabilitaci\u00f3n integral del c\u00e1ncer a trav\u00e9s de la conformaci\u00f3n de programas innovadores, sostenibles e inclusivos, que promuevan la participaci\u00f3n intersectorial, en pro de disminuir la carga de la enfermedad y fortalecer la atenci\u00f3n integral en c\u00e1ncer.<\/p>\n\n\n\n<p><span class=\"post-content__span\"> <strong>L\u00edneas tem\u00e1ticas:<\/strong><\/p>\n\n\n\n<p><span class=\"post-content__span\"> 1. Prevenci\u00f3n y detecci\u00f3n temprana<\/p>\n\n\n\n<ol class=\"wp-block-list\">\n<li>Control del riesgo de consumo y exposici\u00f3n a productos de tabaco y sus derivados.<\/li>\n\n\n\n<li>Control de riesgo frente a cancer\u00edgenos ocupacionales.<\/li>\n\n\n\n<li>Control de riesgos frente a la radiaci\u00f3n solar ultravioleta.<\/li>\n\n\n\n<li>Coberturas de vacunaci\u00f3n contra el VPH.<\/li>\n\n\n\n<li>Estrategias efectivas para el acceso a la detecci\u00f3n temprana en c\u00e1ncer en zonas urbanas, rurales y dispersas.<\/li>\n<\/ol>\n\n\n\n<p><span class=\"post-content__span\"> 2. Tratamiento y rehabilitaci\u00f3n integral<\/p>\n\n\n\n<ol class=\"wp-block-list\">\n<li>Desarrollo de capacidades para la atenci\u00f3n integral y el enfoque intercultural.<\/li>\n\n\n\n<li>Medicina traslacional y\/o personalizada para el tratamiento y la rehabilitaci\u00f3n integral.<\/li>\n\n\n\n<li>Cuidado paliativo del c\u00e1ncer.<\/li>\n\n\n\n<li>Cuidado a los cuidadores.<\/li>\n\n\n\n<li>Estrategias sostenibles para brindar servicios de apoyo social.<\/li>\n<\/ol>\n\n\n\n<p><span class=\"post-content__span\"> Las propuestas pueden ser abordadas de manera transversal con un enfoque de medicina traslacional y\/o personalizada. Ver Anexo 3.&nbsp;<\/p>\n\n\n\n<h3 class=\"wp-block-heading\"><strong>REQUISITOS<\/strong><\/h3>\n\n\n\n<p><span class=\"post-content__span\"> Cada programa debe contar con m\u00ednimo dos (2) proyectos asociados.<\/p>\n\n\n\n<p><span class=\"post-content__span\"> Inscribir la propuesta a trav\u00e9s del Sistema Integral de Gesti\u00f3n de Proyectos \u2013 SIGP, en una \u00fanica tem\u00e1tica de las establecidas en el numeral 4.<\/p>\n\n\n\n<p><span class=\"post-content__span\"> Presentar carta unificada de aval y compromiso institucional debidamente diligenciada y firmada por los Representantes Legales de las entidades que hagan parte de la alianza en calidad de ejecutor y coejecutor, o quien haga sus veces, siempre y cuando se anexe el documento que lo faculte para firmar. La contrapartida debe corresponder m\u00ednimo al 30% del valor total de la propuesta constituido en aportes en efectivo o en especie, que refleje la participaci\u00f3n y aportes de todas las entidades que conforman la alianza (Anexo 2).<\/p>\n\n\n\n<p><span class=\"post-content__span\"> El director del programa debe estar categorizado como S\u00e9nior o Asociado seg\u00fan los resultados de la convocatoria 833- 2018 o categor\u00eda Em\u00e9rito y estar vinculado a la entidad ejecutora y adscrito a uno de los grupos de Investigaci\u00f3n A1, A o B proponente.<\/p>\n\n\n\n<h3 class=\"wp-block-heading\"><span><strong>AVAL DEL COMIT\u00c9 DE BIO\u00c9TICA<\/strong><\/span><\/h3>\n\n\n\n<p><span class=\"post-content__span\"> Presentar el aval del Comit\u00e9 de \u00c9tica\/Bio\u00e9tica nacional donde especifique claramente que el programa y cada uno de sus proyectos ha sido revisado y avalado integralmente en sus componentes \u00e9ticos e instrumentos a emplear. Adicionalmente, se debe anexar a este aval, el acto administrativo que soporta la conformaci\u00f3n del Comit\u00e9 de \u00e9tica que lo expide. En caso de que la instituci\u00f3n que presenta la propuesta no cuente con un Comit\u00e9 de \u00e9tica, podr\u00e1 solicitar este aval ante otra entidad nacional que cuente con este Comit\u00e9.&nbsp;<\/p>\n\n\n\n<p><span class=\"post-content__span\"> Por lo anterior, tenga en cuenta el cronograma de reuniones del CBE &#8211; UTP\u00a0<strong><a href=\"https:\/\/vicerrectorias.utp.edu.co\/viie\/sin-categoria\/comite-de-bioetica\/\">[VER]<\/a>\u00a0<\/strong>con el fin de evitar contratiempos:<\/p>\n\n\n\n<figure class=\"wp-block-image\"><img decoding=\"async\" src=\"https:\/\/media2.utp.edu.co\/imagenes\/CRONOCBE%281%29.PNG\" alt=\"\"\/><\/figure>\n\n\n\n<h3 class=\"wp-block-heading\"><strong>DURACI\u00d3N Y FINANCIACI\u00d3N<\/strong><\/h3>\n\n\n\n<p><span class=\"post-content__span\"> <strong>1. Duraci\u00f3n:&nbsp;<\/strong>El t\u00e9rmino de duraci\u00f3n de los programas a financiar ser\u00e1 m\u00ednimo de VEINTICUATRO (24) meses y m\u00e1ximo de TREINTA Y SEIS (36) meses, contados a partir del perfeccionamiento y legalizaci\u00f3n del contrato.<\/p>\n\n\n\n<p><span class=\"post-content__span\"> <strong>2 Financiamiento:<\/strong> El Ministerio de Ciencia, Tecnolog\u00eda e Innovaci\u00f3n cuenta con una disponibilidad presupuestal de hasta ONCE MIL DOSCIENTOS CINCUENTA MILLONES DE PESOS \u2013 MCT ($11.250.000.000) para esta convocatoria de acuerdo con el CDP No. 222 con fecha del 15-03-2022 y un monto m\u00e1ximo de CINCO MIL SEISCIENTOS VEINTICINCO MILLONES DE PESOS -MCT ($5.625.000.000) para cada programa conformado por m\u00ednimo dos (2) proyectos, por un valor m\u00ednimo de DOS MIL MILLONES DE PESOS \u2013 MCT ($2.000.000.000) por proyecto.<\/p>\n\n\n\n<p><span class=\"post-content__span\"> Se pueden incluir proyectos adicionales por un monto inferior, siempre y cuando se cumpla con el m\u00ednimo establecido (dos (2) proyectos, monto m\u00ednimo: $2.000.000.000) y se tengan en cuenta los valores propios del programa que no se pueden discriminar por proyecto que corresponden a rubros propios del programa: 7% para el rubro de gastos de operaci\u00f3n (15% para centros) y el 5% para el rubro de gesti\u00f3n de instrumentos de CTeI, el cual es de estimaci\u00f3n presupuestal obligatoria.<\/p>\n\n\n\n<h3 class=\"wp-block-heading\"><span><strong>CRONOGRAMA<\/strong><\/span><\/h3>\n\n\n\n<ul class=\"wp-block-list\">\n<li><strong>FECHA M\u00c1XIMA AVAL INSTITUCIONAL: J<\/strong>ueves 05 de mayo&nbsp;de 2022&nbsp;hasta las 6:00 p.m<\/li>\n\n\n\n<li><strong>INSCRIPCI\u00d3N PLATAFORMA&nbsp;SIGP:&nbsp;<\/strong><\/li>\n<\/ul>\n\n\n\n<p><span class=\"post-content__span\"> <strong>\u200b<\/strong><a href=\"https:\/\/plataformasigp.minciencias.gov.co:7003\/FormularioProyectos\/faces\/proyecto\/crear.xhtml?faces-redirect=true\">https:\/\/plataformasigp.minciencias.gov.co:7003\/FormularioProyectos\/faces\/proyecto\/crear.xhtml?faces-redirect=true<\/a><\/p>\n\n\n\n<p><span class=\"post-content__span\"> <strong>NOTA:&nbsp;<\/strong>Para mayor informaci\u00f3n recomendamos revisar los t\u00e9rminos de referencia completos&nbsp;con el fin de evitar errores a la hora de la postulaci\u00f3n&nbsp;<a href=\"https:\/\/minciencias.gov.co\/convocatorias\/programa-y-proyectos-ctei\/convocatoria-para-el-financiamiento-ecosistemas-cientificos\"><strong>[VER]<\/strong>.<\/a><\/p>\n\n\n\n<h3 class=\"wp-block-heading\"><span><strong>CONTACTO<\/strong><\/span><\/h3>\n\n\n\n<p><span class=\"post-content__span\"> Inquietudes al correo&nbsp;<a href=\"http:\/\/investigaciones@utp.edu.co\/\">investigaciones@utp.edu.co<\/a><\/p>\n\n\n\n<p><span class=\"post-content__span\"> <strong>Tel\u00e9fono<\/strong>:&nbsp;313 7300&nbsp;<strong>EXT<\/strong>&nbsp;7309 -7789<\/p>\n","protected":false},"excerpt":{"rendered":"<p>La Universidad Tecnol\u00f3gica de Pereira y la Vicerrector\u00eda de Investigaciones, Innovaci\u00f3n y Extensi\u00f3n invitan&nbsp;a participar&nbsp;en la&nbsp;Convocatoria 920 para el financiamiento de ecosistemas cient\u00edficos en alianzas que fortalezcan las capacidades nacionales [&#8230;]<\/p>\n","protected":false},"author":0,"featured_media":0,"comment_status":"closed","ping_status":"closed","sticky":false,"template":"","format":"standard","meta":{"footnotes":""},"categories":[7],"tags":[],"class_list":["post-4881","post","type-post","status-publish","format-standard","hentry","category-convocatorias"],"_links":{"self":[{"href":"https:\/\/vicerrectorias.utp.edu.co\/viie\/wp-json\/wp\/v2\/posts\/4881","targetHints":{"allow":["GET"]}}],"collection":[{"href":"https:\/\/vicerrectorias.utp.edu.co\/viie\/wp-json\/wp\/v2\/posts"}],"about":[{"href":"https:\/\/vicerrectorias.utp.edu.co\/viie\/wp-json\/wp\/v2\/types\/post"}],"replies":[{"embeddable":true,"href":"https:\/\/vicerrectorias.utp.edu.co\/viie\/wp-json\/wp\/v2\/comments?post=4881"}],"version-history":[{"count":2,"href":"https:\/\/vicerrectorias.utp.edu.co\/viie\/wp-json\/wp\/v2\/posts\/4881\/revisions"}],"predecessor-version":[{"id":11508,"href":"https:\/\/vicerrectorias.utp.edu.co\/viie\/wp-json\/wp\/v2\/posts\/4881\/revisions\/11508"}],"wp:attachment":[{"href":"https:\/\/vicerrectorias.utp.edu.co\/viie\/wp-json\/wp\/v2\/media?parent=4881"}],"wp:term":[{"taxonomy":"category","embeddable":true,"href":"https:\/\/vicerrectorias.utp.edu.co\/viie\/wp-json\/wp\/v2\/categories?post=4881"},{"taxonomy":"post_tag","embeddable":true,"href":"https:\/\/vicerrectorias.utp.edu.co\/viie\/wp-json\/wp\/v2\/tags?post=4881"}],"curies":[{"name":"wp","href":"https:\/\/api.w.org\/{rel}","templated":true}]}}