{"id":4871,"date":"2022-05-02T10:45:40","date_gmt":"2022-05-02T08:45:40","guid":{"rendered":""},"modified":"2023-11-29T16:11:05","modified_gmt":"2023-11-29T15:11:05","slug":"convocatoria-919-para-el-financiamiento-de-ecosistemas-cientificos-en-alianza-que-fortalezcan-las-capacidades-nacionales-para-la-atencion-y-manejo-de","status":"publish","type":"post","link":"https:\/\/vicerrectorias.utp.edu.co\/viie\/convocatoria-919-para-el-financiamiento-de-ecosistemas-cientificos-en-alianza-que-fortalezcan-las-capacidades-nacionales-para-la-atencion-y-manejo-de\/","title":{"rendered":"CONVOCATORIA 919 PARA EL FINANCIAMIENTO DE ECOSISTEMAS CIENT\u00cdFICOS EN ALIANZA QUE FORTALEZCAN LAS CAPACIDADES NACIONALES PARA LA ATENCION Y MANEJO DE"},"content":{"rendered":"\n<p><span class=\"post-content__span\"> La Universidad Tecnol\u00f3gica de Pereira y la Vicerrector\u00eda de Investigaciones, Innovaci\u00f3n y Extensi\u00f3n invitan&nbsp;a participar&nbsp;en la&nbsp;Convocatoria 919 para el financiamiento de ecosistemas cient\u00edficos orientados por misiones en alianza que fortalezcan las capacidades nacionales para la atenci\u00f3n y manejo&nbsp;de la salud mental&nbsp;y convivencia social&nbsp;en Colombia.<\/p>\n\n\n\n<h3 class=\"wp-block-heading\"><strong>OBJETIVO<\/strong><\/h3>\n\n\n\n<p><span class=\"post-content__span\"> <span>Promover el desarrollo e implementaci\u00f3n de acciones efectivas y estrategias integrales de promoci\u00f3n, prevenci\u00f3n, diagn\u00f3stico, tratamiento y rehabilitaci\u00f3n en salud mental con enfoque diferencial, derivados de programas de CTeI ejecutados por Alianzas intersectoriales, que impulsen el desarrollo regional, generen conocimiento pertinente y respondan a los retos de esta problem\u00e1tica nacional, con resultados perdurables y sostenibles en el tiempo.<\/span><\/p>\n\n\n\n<h3 class=\"wp-block-heading\"><strong>DIRIGIDA A<\/strong><\/h3>\n\n\n\n<p><span class=\"post-content__span\"> La convocatoria est\u00e1 dirigida a alianzas estrat\u00e9gicas conformadas por:<\/p>\n\n\n\n<p><span class=\"post-content__span\"> <strong>GRUPO 1:<\/strong><\/p>\n\n\n\n<ul class=\"wp-block-list\">\n<li>Instituciones de Educaci\u00f3n Superior.<\/li>\n\n\n\n<li>Institutos\/centros de investigaci\u00f3n y centros de desarrollo tecnol\u00f3gico<\/li>\n<\/ul>\n\n\n\n<p><span class=\"post-content__span\"> Dicha participaci\u00f3n, se podr\u00e1 realizar \u00fanicamente a trav\u00e9s de uno o varios grupos de investigaci\u00f3n pertenecientes a la entidad proponente, reconocidos por el Ministerio de Ciencia, Tecnolog\u00eda e Innovaci\u00f3n seg\u00fan convocatoria 833-2018 y categorizados como A1, A o B. Las entidades del GRUPO 1 actuar\u00e1n en calidad de ejecutor de la alianza.<\/p>\n\n\n\n<h3 class=\"wp-block-heading\"><strong>L\u00cdNEAS TEM\u00c1TICAS<\/strong><\/h3>\n\n\n\n<p><span class=\"post-content__span\"> Contribuir al mejoramiento de la salud mental y calidad de vida de la poblaci\u00f3n colombiana, a trav\u00e9s de la conformaci\u00f3n de programas transformadores, inclusivos y sostenibles, que promuevan la participaci\u00f3n intersectorial, en pro de disminuir las barreras en los entornos sociales y fortalecer la convivencia social y la atenci\u00f3n integral en salud mental en Colombia.&nbsp;<\/p>\n\n\n\n<p><span class=\"post-content__span\"> Para responder al reto de la convocatoria se requiere la ejecuci\u00f3n de Programas de CTeI en Salud P\u00fablica, con \u00e9nfasis en la implementaci\u00f3n de estrategias efectivas desde la visi\u00f3n de diferentes actores, cadenas y sectores sociales, dirigidas a promover la convivencia social, mejorar la atenci\u00f3n en salud mental y reducir la carga de la enfermedad, utilizando como referente la equidad en salud, con enfoque social y territorial. De tal manera, cada programa debe enmarcarse en el reto de la convocatoria de acuerdo con las necesidades de la regi\u00f3n a intervenir e impactar, en las l\u00edneas tem\u00e1ticas priorizadas.<\/p>\n\n\n\n<p><span class=\"post-content__span\"> Considerando que el ecosistema debe abordar los ejes centrales de la Pol\u00edtica Nacional de Salud Mental y la Pol\u00edtica Integral de Prevenci\u00f3n y atenci\u00f3n al consumo de sustancias psicoactivas, se deben proponer las programas teniendo como marco de referencia las siguientes l\u00edneas tem\u00e1ticas y sus orientaciones, con el fin de generar un modelo escalable para fortalecer e implementar capacidades de atenci\u00f3n primaria en salud mental en el pa\u00eds ver Anexo 3.<\/p>\n\n\n\n<p><span class=\"post-content__span\"> <strong>L\u00edneas tem\u00e1ticas:<\/strong><\/p>\n\n\n\n<ol class=\"wp-block-list\">\n<li>Promoci\u00f3n de la salud mental y convivencia social.<\/li>\n\n\n\n<li>Prevenci\u00f3n de problemas mentales, trastornos mentales, consumo de sustancias psicoactivas y epilepsia.<\/li>\n\n\n\n<li>Tratamiento integral de personas con problemas mentales, trastornos mentales, consumo de sustancias psicoactivas y epilepsia.<\/li>\n\n\n\n<li>Rehabilitaci\u00f3n e inclusi\u00f3n social de personas con problemas mentales, trastornos mentales, consumo de sustancias psicoactivas y epilepsia<\/li>\n\n\n\n<li>Gesti\u00f3n, articulaci\u00f3n y coordinaci\u00f3n sectorial e intersectorial<\/li>\n<\/ol>\n\n\n\n<p><span class=\"post-content__span\"> El programa propuesto debe abordar todas las l\u00edneas tem\u00e1ticas, teniendo como marco de referencia una o varias de las condiciones de salud mental establecidas (problemas mentales, trastornos mentales, consumo de sustancias psicoactivas y epilepsia), de acuerdo con su \u00e1rea de trabajo, experiencia comprobable y alianza establecida.<\/p>\n\n\n\n<h3 class=\"wp-block-heading\"><span><strong>REQUISITOS<\/strong><\/span><\/h3>\n\n\n\n<ul class=\"wp-block-list\">\n<li>Cada programa debe contar con al menos cuatro (4) proyectos asociados.<\/li>\n\n\n\n<li>Registrar la propuesta a trav\u00e9s del Sistema Integral de Gesti\u00f3n de Proyectos \u2013 SIGP, en las l\u00edneas tem\u00e1ticas, de acuerdo a lo establecido en el numeral 4.<\/li>\n\n\n\n<li>Presentar carta unificada de aval y compromiso institucional debidamente diligenciada y firmada por los Representantes Legales de las entidades que hagan parte de la alianza en calidad de ejecutor y coejecutor, o quien haga sus veces, siempre y cuando se anexe el documento que lo faculte para firmar. La contrapartida debe corresponder m\u00ednimo al 30% del valor total del programa constituido en aportes en efectivo o en especie, que refleje la participaci\u00f3n y aportes de todas las entidades que conforman la alianza (Anexo 2)<\/li>\n\n\n\n<li>El director del programa debe estar categorizado como Senior o Asociado seg\u00fan los resultados de la convocatoria 833- 2018 o categor\u00eda Em\u00e9rito y estar vinculado a la entidad Ejecutora y adscrito a uno de los grupos de investigaci\u00f3n A1, A o B de esta.<\/li>\n<\/ul>\n\n\n\n<h3 class=\"wp-block-heading\"><span><strong>AVAL DEL COMIT\u00c9 DE BIO\u00c9TICA<\/strong><\/span><\/h3>\n\n\n\n<p><span class=\"post-content__span\"> Presentar el aval del Comit\u00e9 de \u00c9tica\/Bio\u00e9tica nacional donde especifique claramente que la propuesta ha sido revisada y avalada en sus componentes \u00e9ticos e instrumentos a emplear. Adicionalmente, se debe anexar a este aval, el acto administrativo que soporta la conformaci\u00f3n del Comit\u00e9 de \u00c9tica que lo expide. En caso de que la instituci\u00f3n que presenta la propuesta no cuente con un Comit\u00e9 de \u00e9tica, podr\u00e1 solicitar este aval ante otra entidad nacional que cuente con este Comit\u00e9.&nbsp;<\/p>\n\n\n\n<p><span class=\"post-content__span\"> Por lo anterior, tenga en cuenta el cronograma de reuniones del CBE &#8211; UTP\u00a0<strong><a href=\"https:\/\/vicerrectorias.utp.edu.co\/viie\/sin-categoria\/comite-de-bioetica\/\">[VER]<\/a>\u00a0<\/strong>con el fin de evitar contratiempos.<\/p>\n\n\n\n<figure class=\"wp-block-image\"><img decoding=\"async\" src=\"https:\/\/media2.utp.edu.co\/imagenes\/CRONOCBE.PNG\" alt=\"\"\/><\/figure>\n\n\n\n<h3 class=\"wp-block-heading\"><span><strong>DURACI\u00d3N Y FINANCIACI\u00d3N<\/strong><\/span><\/h3>\n\n\n\n<p><span class=\"post-content__span\"> <strong>1. Duraci\u00f3n:<\/strong> El t\u00e9rmino de duraci\u00f3n de los programas a financiar ser\u00e1 m\u00ednimo de VEINTICUATRO (24) meses y m\u00e1ximo de TREINTA Y SEIS (36) meses, contados a partir del perfeccionamiento y legalizaci\u00f3n del contrato.<\/p>\n\n\n\n<p><span class=\"post-content__span\"> <strong>2. Financiamiento:<\/strong> El Ministerio de Ciencia, Tecnolog\u00eda e Innovaci\u00f3n cuenta con una disponibilidad presupuestal de hasta ONCE MIL DOSCIENTOS CINCUENTA MILLONES DE PESOS \u2013 MCT ($11.250.000.000) de acuerdo con el CDP 322 con fecha de 15-03-2022, como monto m\u00e1ximo para un (1) programa, conformado por m\u00ednimo cuatro (4) proyectos, por un valor m\u00ednimo de DOS MIL MILLONES DE PESOS \u2013 MCT ($2.000.000.000) de pesos por proyecto.<\/p>\n\n\n\n<p><span class=\"post-content__span\"> Se pueden incluir proyectos adicionales por un monto inferior, siempre y cuando se cumpla con el m\u00ednimo establecido (cuatro (4) proyectos, monto m\u00ednimo: $2.000.000.000) y se tengan en cuenta los valores propios del programa que no se pueden discriminar por proyecto y que corresponden a rubros propios del programa: 7% para el rubro de gastos de operaci\u00f3n (15% para centros) y el 5% para el rubro de gesti\u00f3n de instrumentos de CTeI, el cual es de estimaci\u00f3n presupuestal obligatoria.&nbsp;<\/p>\n\n\n\n<h3 class=\"wp-block-heading\"><span><strong>CRONOGRAMA<\/strong><\/span><\/h3>\n\n\n\n<ul class=\"wp-block-list\">\n<li><strong>FECHA M\u00c1XIMA AVAL INSTITUCIONAL:&nbsp;<\/strong>Jueves 05 de mayo&nbsp;de 2022&nbsp;hasta las 6:00 p.m<\/li>\n\n\n\n<li><strong>INSCRIPCI\u00d3N PLATAFORMA&nbsp;SIGP:&nbsp;<\/strong><\/li>\n<\/ul>\n\n\n\n<p><span class=\"post-content__span\"> <strong>\u200b<\/strong><a href=\"https:\/\/plataformasigp.minciencias.gov.co:7003\/FormularioProyectos\/faces\/proyecto\/crear.xhtml?faces-redirect=true\">https:\/\/plataformasigp.minciencias.gov.co:7003\/FormularioProyectos\/faces\/proyecto\/crear.xhtml?faces-redirect=true<\/a><\/p>\n\n\n\n<p><span class=\"post-content__span\"> <strong>NOTA:&nbsp;<\/strong>Para mayor informaci\u00f3n recomendamos revisar los t\u00e9rminos de referencia completos&nbsp;con el fin de evitar errores a la hora de la postulaci\u00f3n&nbsp;<a href=\"https:\/\/minciencias.gov.co\/convocatorias\/programa-y-proyectos-ctei\/convocatoria-para-el-financiamiento-ecosistemas-0\"><strong>[VER]<\/strong>.<\/a><\/p>\n\n\n\n<h3 class=\"wp-block-heading\"><span><strong>CONTACTO<\/strong><\/span><\/h3>\n\n\n\n<p><span class=\"post-content__span\"> Inquietudes al correo&nbsp;<a href=\"http:\/\/investigaciones@utp.edu.co\/\">investigaciones@utp.edu.co<\/a><\/p>\n\n\n\n<p><span class=\"post-content__span\"> <strong>Tel\u00e9fono<\/strong>:&nbsp;313 7300&nbsp;<strong>EXT<\/strong>&nbsp;7309 -7789<\/p>\n","protected":false},"excerpt":{"rendered":"<p>La Universidad Tecnol\u00f3gica de Pereira y la Vicerrector\u00eda de Investigaciones, Innovaci\u00f3n y Extensi\u00f3n invitan&nbsp;a participar&nbsp;en la&nbsp;Convocatoria 919 para el financiamiento de ecosistemas cient\u00edficos orientados por misiones en alianza que fortalezcan [&#8230;]<\/p>\n","protected":false},"author":0,"featured_media":0,"comment_status":"closed","ping_status":"closed","sticky":false,"template":"","format":"standard","meta":{"footnotes":""},"categories":[7],"tags":[],"class_list":["post-4871","post","type-post","status-publish","format-standard","hentry","category-convocatorias"],"_links":{"self":[{"href":"https:\/\/vicerrectorias.utp.edu.co\/viie\/wp-json\/wp\/v2\/posts\/4871","targetHints":{"allow":["GET"]}}],"collection":[{"href":"https:\/\/vicerrectorias.utp.edu.co\/viie\/wp-json\/wp\/v2\/posts"}],"about":[{"href":"https:\/\/vicerrectorias.utp.edu.co\/viie\/wp-json\/wp\/v2\/types\/post"}],"replies":[{"embeddable":true,"href":"https:\/\/vicerrectorias.utp.edu.co\/viie\/wp-json\/wp\/v2\/comments?post=4871"}],"version-history":[{"count":2,"href":"https:\/\/vicerrectorias.utp.edu.co\/viie\/wp-json\/wp\/v2\/posts\/4871\/revisions"}],"predecessor-version":[{"id":11509,"href":"https:\/\/vicerrectorias.utp.edu.co\/viie\/wp-json\/wp\/v2\/posts\/4871\/revisions\/11509"}],"wp:attachment":[{"href":"https:\/\/vicerrectorias.utp.edu.co\/viie\/wp-json\/wp\/v2\/media?parent=4871"}],"wp:term":[{"taxonomy":"category","embeddable":true,"href":"https:\/\/vicerrectorias.utp.edu.co\/viie\/wp-json\/wp\/v2\/categories?post=4871"},{"taxonomy":"post_tag","embeddable":true,"href":"https:\/\/vicerrectorias.utp.edu.co\/viie\/wp-json\/wp\/v2\/tags?post=4871"}],"curies":[{"name":"wp","href":"https:\/\/api.w.org\/{rel}","templated":true}]}}