{"id":4861,"date":"2022-04-05T11:45:56","date_gmt":"2022-04-05T09:45:56","guid":{"rendered":""},"modified":"2023-11-29T16:41:12","modified_gmt":"2023-11-29T15:41:12","slug":"convocatoria-918-fortalecimiento-de-capacidades-regionales-de-investigacion-en-salud-publica","status":"publish","type":"post","link":"https:\/\/vicerrectorias.utp.edu.co\/viie\/convocatoria-918-fortalecimiento-de-capacidades-regionales-de-investigacion-en-salud-publica\/","title":{"rendered":"CONVOCATORIA 918 &#8211; FORTALECIMIENTO DE CAPACIDADES REGIONALES DE INVESTIGACI\u00d3N EN SALUD P\u00daBLICA"},"content":{"rendered":"\n<p><span class=\"post-content__span\"> <span>La Universidad Tecnol\u00f3gica de Pereira y la Vicerrector\u00eda de Investigaciones, Innovaci\u00f3n y Extensi\u00f3n invitan&nbsp;a participar&nbsp;en la&nbsp;Convocatoria 918 Fortalecimiento de capacidades regionales de investigaci\u00f3n en salud p\u00fablica.<\/span><\/p>\n\n\n\n<h3 class=\"wp-block-heading\"><span><strong>OBJETIVOS<\/strong><\/span><\/h3>\n\n\n\n<p><span class=\"post-content__span\"> Fortalecer las interacciones entre los diferentes actores del SNCTI mediante el desarrollo de proyectos de investigaci\u00f3n, que contribuyan a la soluci\u00f3n de los principales problemas y necesidades de salud p\u00fablica a nivel regional, a trav\u00e9s de la generaci\u00f3n de conocimiento e impactos, con relevancia cient\u00edfica, tecnol\u00f3gica, econ\u00f3mica, social y competitiva para el pa\u00eds.<\/p>\n\n\n\n<h3 class=\"wp-block-heading\"><span><strong>DIRIGIDA A<\/strong><\/span><\/h3>\n\n\n\n<p><span class=\"post-content__span\"> <span>La convocatoria est\u00e1 dirigida a alianzas estrat\u00e9gicas conformadas por m\u00ednimo por dos (2) actores del Sistema Nacional de Ciencia, Tecnolog\u00eda e Innovaci\u00f3n \u2013 SNCTI que acrediten articulaci\u00f3n interinstitucional; uno de ellos en calidad de EJECUTOR y el otro en calidad de COEJECUTOR.<\/span><\/p>\n\n\n\n<p><span class=\"post-content__span\"> <span>La alianza debe ser liderada por una entidad en calidad de EJECUTORA que cuente con un grupo de investigaci\u00f3n categorizado como A1, A, B o C, de acuerdo con los resultados de la convocatoria 833 de 2018 (Convocatoria Nacional para el reconocimiento y medici\u00f3n de grupos de investigaci\u00f3n, desarrollo tecnol\u00f3gico o de innovaci\u00f3n y para el reconocimiento de investigadores del Sistema Nacional de Ciencia, Tecnolog\u00eda e Innovaci\u00f3n \u2013 SNCTeI, 2018). Esta entidad recibir\u00e1 los recursos, ser\u00e1 la interlocutora con el Ministerio de Ciencia, Tecnolog\u00eda e Innovaci\u00f3n y la responsable de la correcta ejecuci\u00f3n y del alcance de los resultados esperados del proyecto, as\u00ed como de la entrega de los informes.<\/span><\/p>\n\n\n\n<h3 class=\"wp-block-heading\"><span><strong>L\u00cdNEAS TEM\u00c1TICAS&nbsp;<\/strong><\/span><\/h3>\n\n\n\n<p><span class=\"post-content__span\"> <span>El proyecto debe ser abordado desde la investigaci\u00f3n cient\u00edfica, desarrollo experimental, desarrollo tecnol\u00f3gico o innovaci\u00f3n, involucrando diferentes disciplinas y actores para la generaci\u00f3n de resultados tangibles y verificables en respuesta a las necesidades planteadas para cada regi\u00f3n, seg\u00fan la siguiente tabla:<\/span><\/p>\n\n\n\n<figure class=\"wp-block-image\"><img decoding=\"async\" src=\"https:\/\/media2.utp.edu.co\/imagenes\/TABLA.PNG\" alt=\"\"\/><\/figure>\n\n\n\n<p><span class=\"post-content__span\"> <span>Las propuestas deben ser estructuradas a partir de determinantes sociales, fomento y educaci\u00f3n para la salud, teniendo en cuenta la prevenci\u00f3n, promoci\u00f3n, diagn\u00f3stico, tratamiento, seguimiento, rehabilitaci\u00f3n y\/o paliaci\u00f3n; incluye modelos de atenci\u00f3n, nuevos enfoques de productos y servicios en salud que pueden ser parte de circuitos de comercializaci\u00f3n, con un impacto significativo a nivel social y cultural, adem\u00e1s de su divulgaci\u00f3n y apropiaci\u00f3n en el sistema, utilizando como referente la equidad en salud, con enfoque social y territorial. Cada proyecto debe enmarcarse en una de las siguientes tem\u00e1ticas de acuerdo con las necesidades de la regi\u00f3n, con \u00e9nfasis en la implementaci\u00f3n de estrategias efectivas desde la visi\u00f3n de todos los actores, cadenas y sectores sociales, dirigidas a mejorar las condiciones y calidad de vida de la poblaci\u00f3n, utilizando como referente el enfoque regional y sus potencialidades (Anexo 3).<\/span><\/p>\n\n\n\n<p><span class=\"post-content__span\"> <span>Las l\u00edneas tem\u00e1ticas se enuncian a continuaci\u00f3n:<\/span><\/p>\n\n\n\n<ol class=\"wp-block-list\">\n<li><span>Condiciones Transmisibles e infecciosas<\/span><\/li>\n\n\n\n<li><span>Condiciones cr\u00f3nicas no transmisibles, incluye c\u00e1ncer<\/span><\/li>\n\n\n\n<li><span>Salud materna, primera infancia e infancia<\/span><\/li>\n\n\n\n<li><span>Entornos alimentarios, consumo de alimentos y efectos de la dieta en la salud y la nutrici\u00f3n de las poblaciones, incluye estado nutricional<\/span><\/li>\n\n\n\n<li><span>Salud mental, convivencia e inclusi\u00f3n social<\/span><\/li>\n\n\n\n<li><span>Salud sexual y reproductiva<\/span><\/li>\n\n\n\n<li><span>Discapacidad y rehabilitaci\u00f3n integral<\/span><\/li>\n\n\n\n<li><span>Violencias, salud vial, enfermedad y muerte por causas externas<\/span><\/li>\n\n\n\n<li><span>Salud ambiental, cambio clim\u00e1tico y salud p\u00fablica<\/span><\/li>\n\n\n\n<li><span>Sistemas y servicios de salud<\/span><\/li>\n\n\n\n<li><span>Respuesta a pandemias y sindemias&nbsp;<\/span><\/li>\n<\/ol>\n\n\n\n<h3 class=\"wp-block-heading\"><span><strong>REQUISITOS<\/strong><\/span><\/h3>\n\n\n\n<ul class=\"wp-block-list\">\n<li><span>Inscribir el proyecto en el Sistema Integrado de Gesti\u00f3n de Proyectos &#8211; SIGP en una \u00fanica tem\u00e1tica y categor\u00eda de las establecidas en el numeral 4 [<strong><a href=\"https:\/\/plataformasigp.minciencias.gov.co:7003\/FormularioProyectos\/faces\/proyecto\/crear.xhtml?faces-redirect=true\">VER<\/a>]<\/strong><\/span><\/li>\n\n\n\n<li><span>Presentar carta unificada de aval y compromiso institucional debidamente diligenciada y firmada por los Representantes legales de las entidades que hagan parte de la alianza en calidad de ejecutor y coejecutor o quien haga sus veces, siempre y cuando se anexe el documento que lo faculte para firmar. La contrapartida debe corresponder m\u00ednimo al 30% del valor total de la propuesta constituido en aportes en dinero y\/o en especie, que refleje la participaci\u00f3n y aportes de todas las entidades que conforman la alianza (Anexo 2)<\/span><\/li>\n\n\n\n<li><span>El Investigador Principal de la propuesta debe estar categorizado como Senior o Asociado, seg\u00fan los resultados de la convocatoria 833-2018 o categor\u00eda Em\u00e9rito y estar vinculado a la entidad Ejecutora (Anexar certificado que lo acredite) y adscrito al grupo de investigaci\u00f3n A1, A, B o C que lidera la alianza.&nbsp;<\/span><\/li>\n<\/ul>\n\n\n\n<h3 class=\"wp-block-heading\"><span><strong>AVAL DEL COMIT\u00c9 DE BIO\u00c9TICA<\/strong><\/span><\/h3>\n\n\n\n<p><span class=\"post-content__span\"> <span>Presentar el aval del Comit\u00e9 de \u00c9tica\/Bio\u00e9tica nacional donde especifique claramente que la propuesta ha sido revisada y avalada en sus componentes \u00e9ticos e instrumentos a emplear. Adicionalmente, se debe anexar a este aval, el acto administrativo que soporta la conformaci\u00f3n del Comit\u00e9 de \u00c9tica que lo expide. En caso de que la instituci\u00f3n que presenta la propuesta no cuente con un Comit\u00e9 de \u00e9tica, podr\u00e1 solicitar este aval ante otra entidad nacional que cuente con este Comit\u00e9.&nbsp;<\/span><\/p>\n\n\n\n<p><span class=\"post-content__span\"> <span>Por lo anterior, tenga en cuenta el cronograma de reuniones del CBE &#8211; UTP\u00a0<strong><a href=\"https:\/\/vicerrectorias.utp.edu.co\/viie\/sin-categoria\/comite-de-bioetica\/\">[VER]<\/a>\u00a0<\/strong>con el fin de evitar contratiempos.<\/span><\/p>\n\n\n\n<h3 class=\"wp-block-heading\"><span><strong>DURACI\u00d3N Y FINANCIACI\u00d3N<\/strong><\/span><\/h3>\n\n\n\n<p><span class=\"post-content__span\"> <span><strong>1. Duraci\u00f3n:<\/strong> El t\u00e9rmino de duraci\u00f3n de los proyectos a financiar ser\u00e1 m\u00ednimo de VEINTICUATRO (24) meses y m\u00e1ximo de TREINTA y SEIS (36) meses, contados a partir del perfeccionamiento y legalizaci\u00f3n del contrato.<\/span><\/p>\n\n\n\n<p><span class=\"post-content__span\"> <span><strong>2. Financiamiento:<\/strong> El Ministerio de Ciencia, Tecnolog\u00eda e Innovaci\u00f3n cuenta con una disponibilidad presupuestal de hasta DIECIOCHO MIL MILLONES DE PESOS M\/CTE ($18.000.000.000) para financiar proyectos en esta convocatoria, de acuerdo con el CDP No. 122 del 15 de marzo del 2022 y un monto m\u00e1ximo de NOVECIENTOS MILLONES DE PESOS M\/CTE ($900.000.000) por proyecto. Las entidades que conforman la alianza en calidad de ejecutor o coejecutor deber\u00e1n aportar una contrapartida en dinero o en especie por un monto m\u00ednimo del 30% del valor solicitado al Ministerio de Ciencia, Tecnolog\u00eda e Innovaci\u00f3n. Esta contrapartida debe quedar definida y soportada mediante Anexo 2.<\/span><\/p>\n\n\n\n<h3 class=\"wp-block-heading\"><span><strong>CRONOGRAMA<\/strong><\/span><\/h3>\n\n\n\n<ul class=\"wp-block-list\">\n<li><span><strong>FECHA M\u00c1XIMA AVAL INSTITUCIONAL:&nbsp;<\/strong>Martes 26 de abril de 2022&nbsp;hasta las 6:00 p.m<\/span><\/li>\n\n\n\n<li><span><strong>INSCRIPCI\u00d3N PLATAFORMA&nbsp;SIGP:&nbsp;<\/strong><\/span><\/li>\n<\/ul>\n\n\n\n<p><span class=\"post-content__span\"> <span><strong>\u200b<\/strong><a href=\"https:\/\/plataformasigp.minciencias.gov.co:7003\/FormularioProyectos\/faces\/proyecto\/crear.xhtml?faces-redirect=true\">https:\/\/plataformasigp.minciencias.gov.co:7003\/FormularioProyectos\/faces\/proyecto\/crear.xhtml?faces-redirect=true<\/a><\/span><\/p>\n\n\n\n<p><span class=\"post-content__span\"> <span><strong>NOTA:&nbsp;<\/strong>Para mayor informaci\u00f3n recomendamos revisar los t\u00e9rminos de referencia completos&nbsp;con el fin de evitar errores a la hora de la postulaci\u00f3n&nbsp;<a href=\"https:\/\/minciencias.gov.co\/convocatorias\/programa-y-proyectos-ctei\/convocatoria-fortalecimiento-capacidades-regionales-0\"><strong>[VER]<\/strong>.<\/a><\/span><\/p>\n\n\n\n<h3 class=\"wp-block-heading\"><span><strong>CONTACTO<\/strong><\/span><\/h3>\n\n\n\n<p><span class=\"post-content__span\"> <span>Inquietudes al correo&nbsp;<a href=\"http:\/\/investigaciones@utp.edu.co\/\">investigaciones@utp.edu.co<\/a><\/span><\/p>\n\n\n\n<p><span class=\"post-content__span\"> <span><strong>Tel\u00e9fono<\/strong>:&nbsp;313 7300&nbsp;<strong>EXT<\/strong>&nbsp;7309 -7789<\/span><\/p>\n","protected":false},"excerpt":{"rendered":"<p>La Universidad Tecnol\u00f3gica de Pereira y la Vicerrector\u00eda de Investigaciones, Innovaci\u00f3n y Extensi\u00f3n invitan&nbsp;a participar&nbsp;en la&nbsp;Convocatoria 918 Fortalecimiento de capacidades regionales de investigaci\u00f3n en salud p\u00fablica. OBJETIVOS Fortalecer las interacciones [&#8230;]<\/p>\n","protected":false},"author":0,"featured_media":0,"comment_status":"closed","ping_status":"closed","sticky":false,"template":"","format":"standard","meta":{"footnotes":""},"categories":[7],"tags":[],"class_list":["post-4861","post","type-post","status-publish","format-standard","hentry","category-convocatorias"],"_links":{"self":[{"href":"https:\/\/vicerrectorias.utp.edu.co\/viie\/wp-json\/wp\/v2\/posts\/4861","targetHints":{"allow":["GET"]}}],"collection":[{"href":"https:\/\/vicerrectorias.utp.edu.co\/viie\/wp-json\/wp\/v2\/posts"}],"about":[{"href":"https:\/\/vicerrectorias.utp.edu.co\/viie\/wp-json\/wp\/v2\/types\/post"}],"replies":[{"embeddable":true,"href":"https:\/\/vicerrectorias.utp.edu.co\/viie\/wp-json\/wp\/v2\/comments?post=4861"}],"version-history":[{"count":3,"href":"https:\/\/vicerrectorias.utp.edu.co\/viie\/wp-json\/wp\/v2\/posts\/4861\/revisions"}],"predecessor-version":[{"id":11514,"href":"https:\/\/vicerrectorias.utp.edu.co\/viie\/wp-json\/wp\/v2\/posts\/4861\/revisions\/11514"}],"wp:attachment":[{"href":"https:\/\/vicerrectorias.utp.edu.co\/viie\/wp-json\/wp\/v2\/media?parent=4861"}],"wp:term":[{"taxonomy":"category","embeddable":true,"href":"https:\/\/vicerrectorias.utp.edu.co\/viie\/wp-json\/wp\/v2\/categories?post=4861"},{"taxonomy":"post_tag","embeddable":true,"href":"https:\/\/vicerrectorias.utp.edu.co\/viie\/wp-json\/wp\/v2\/tags?post=4861"}],"curies":[{"name":"wp","href":"https:\/\/api.w.org\/{rel}","templated":true}]}}