{"id":4821,"date":"2022-03-24T18:33:05","date_gmt":"2022-03-24T17:33:05","guid":{"rendered":""},"modified":"2023-11-29T17:04:25","modified_gmt":"2023-11-29T16:04:25","slug":"convocatoria-914-para-el-apoyo-a-proyectos-de-idi-que-contribuyan-a-resolver-los-desafios-establecidos-en-la-mision-colombia-hacia-un-nuevo-modelo","status":"publish","type":"post","link":"https:\/\/vicerrectorias.utp.edu.co\/viie\/convocatoria-914-para-el-apoyo-a-proyectos-de-idi-que-contribuyan-a-resolver-los-desafios-establecidos-en-la-mision-colombia-hacia-un-nuevo-modelo\/","title":{"rendered":"CONVOCATORIA 914 PARA EL APOYO A PROYECTOS DE I+D+I QUE CONTRIBUYAN A RESOLVER LOS DESAF\u00cdOS ESTABLECIDOS EN LA MISI\u00d3N \u201cCOLOMBIA HACIA UN NUEVO MODELO"},"content":{"rendered":"\n<p><span class=\"post-content__span\"> <span>La Universidad Tecnol\u00f3gica de Pereira y la Vicerrector\u00eda de Investigaciones, Innovaci\u00f3n y Extensi\u00f3n invitan&nbsp;a participar&nbsp;en&nbsp;la&nbsp;<strong>Convocatoria 914&nbsp;para el apoyo a proyectos de I+D+i que contribuyan a resolver los desaf\u00edos establecidos en la misi\u00f3n \u201cColombia hacia un nuevo modelo productivo, sostenible y competitivo\u201d \u2013 \u00e1rea Estrat\u00e9gica Energ\u00eda<\/strong>.<\/span><\/p>\n\n\n\n<h3 class=\"wp-block-heading\"><span><strong>OBJETIVO GENERAL<\/strong><\/span><\/h3>\n\n\n\n<p><span class=\"post-content__span\"> <span>Contribuir al cambio de la estructura productiva del pa\u00eds hacia industrias y servicios con contenido tecnol\u00f3gico alto y con&nbsp;proyecci\u00f3n exportadora, a trav\u00e9s del apoyo financiero al desarrollo de proyectos de I+D+i dirigidos a desarrollar y validar&nbsp;nuevas tecnolog\u00edas para la transici\u00f3n energ\u00e9tica, basadas en la aplicaci\u00f3n de resultados de investigaci\u00f3n o la adopci\u00f3n o&nbsp;adaptaci\u00f3n de tecnolog\u00edas convergentes.<\/span><\/p>\n\n\n\n<h3 class=\"wp-block-heading\"><span><strong>DIRIGIDA A<\/strong><\/span><\/h3>\n\n\n\n<p><span class=\"post-content__span\"> <span>La propuesta debe ser presentada por al menos dos entidades que act\u00faen una como Ejecutora y las dem\u00e1s como Coejecutoras&nbsp;y que demuestren experiencia en procesos de I+D+i en el \u00c1rea Estrat\u00e9gica propuesta en el numeral 4 y el Anexo&nbsp;3.&nbsp;Aquellas entidades que se identifiquen como Ejecutoras podr\u00e1n presentar y&nbsp;ejecutar propuestas a nombre propio y las Co-ejecutoras deber\u00e1n presentarse asociadas a una Entidad Ejecutora. Todas&nbsp;las propuestas deber\u00e1n vincular al menos un representante del sector empresarial.<\/span><\/p>\n\n\n\n<h3 class=\"wp-block-heading\"><span><strong>L\u00cdNEAS TEM\u00c1TICAS<\/strong><\/span><\/h3>\n\n\n\n<p><span class=\"post-content__span\"> <span>El \u00c1rea Estrat\u00e9gica, el desaf\u00edo y los retos por medio de los cuales se busca aportar a la soluci\u00f3n del desaf\u00edo \u201cColombia&nbsp;productiva\u201d, a trav\u00e9s de la implementaci\u00f3n de la Misi\u00f3n \u201cColombia hacia un nuevo modelo productivo, sostenible y&nbsp;competitivo\u201d se presentan a&nbsp;continuaci\u00f3n:<\/span><\/p>\n\n\n\n<p><span class=\"post-content__span\"> <span><strong>\u00c1REA ESTRAT\u00c9GICA ENERG\u00cdA<\/strong><\/span><\/p>\n\n\n\n<p><span class=\"post-content__span\"> <span><strong>Desaf\u00edo:<\/strong> Desarrollo de una industria nacional de tecnolog\u00edas para la transici\u00f3n energ\u00e9tica, basada en la I+D+i.&nbsp;<\/span><\/p>\n\n\n\n<p><span class=\"post-content__span\"> <span><strong>Retos:<\/strong><\/span><\/p>\n\n\n\n<p><span class=\"post-content__span\"> <span>1. Creaci\u00f3n de una Industria de Instrumentos, Control y Equipos para la Transici\u00f3n Energ\u00e9tica.<br>\n2. Creaci\u00f3n de una Industria de Biorrefiner\u00edas con Proyecci\u00f3n Exportadora.<br>\n3. Apoyo a la Transferencia y Adopci\u00f3n de Tecnolog\u00edas para Ciudades Inteligentes y Sostenibles.<\/span><\/p>\n\n\n\n<p><span class=\"post-content__span\"> <span>La propuesta deber\u00e1 <strong>inscribirse en un \u00fanico reto<\/strong> dentro del \u00e1rea estrat\u00e9gica para el proceso de evaluaci\u00f3n<\/span><\/p>\n\n\n\n<h3 class=\"wp-block-heading\"><span><strong>REQUISITOS<\/strong><\/span><\/h3>\n\n\n\n<ul class=\"wp-block-list\">\n<li><span>Inscribir la propuesta en el SIGP antes de la fecha l\u00edmite establecida para tal fin.<\/span><\/li>\n\n\n\n<li><span>Cumplir con lo establecido en el numeral 3. \u201cDIRIGIDO A\u201d<\/span><\/li>\n\n\n\n<li><span>Las propuestas deber\u00e1n anexar evidencias del estado de madurez de la tecnolog\u00eda o producto, de acuerdo con la&nbsp;TRL y la MRL (Anexo 9: Niveles de madurez tecnol\u00f3gica y de manufactura \u2013 TRL y MRL) e incluir el formato de&nbsp;presentaci\u00f3n del nuevo producto o tecnolog\u00eda correspondiente al Anexo 12: Formato de presentaci\u00f3n de la&nbsp;tecnolog\u00eda como anexo del proyecto.<\/span><\/li>\n\n\n\n<li><span>Presentar carta de aval unificada y compromiso institucional, debidamente diligenciada y firmada por los&nbsp;representantes legales de las entidades nacionales participantes o quienes hagan sus veces, siempre y cuando se&nbsp;adjunte el documento que lo faculte (Anexo 5-Carta Unificada de Aval y Compromiso Institucional).<\/span><\/li>\n\n\n\n<li><span>Diligenciar el Anexo 7 \u2013 Experiencia en Proyectos de I+D+i, con la informaci\u00f3n que permita verificar que las&nbsp;entidades nacionales o internacionales que participan en las propuestas han generado resultados derivados de la&nbsp;realizaci\u00f3n de proyectos de I+D+i en el \u00e1rea estrat\u00e9gica de la convocatoria, en los \u00faltimos seis (6) a\u00f1os.<\/span><\/li>\n\n\n\n<li><span>Aportar una contrapartida m\u00ednima en dinero y\/o especie equivalente al 30% del valor total del proyecto. De acuerdo&nbsp;con lo anterior, todas las entidades que participen en el proyecto, con excepci\u00f3n de los Centros Aut\u00f3nomos o&nbsp;Institutos P\u00fablicos de Investigaci\u00f3n y Desarrollo Tecnol\u00f3gico reconocidos por el Ministerio de Ciencia, Tecnolog\u00eda e&nbsp;Innovaci\u00f3n, las microempresas y las Spin-off, estar\u00e1n obligadas a realizar un aporte de contrapartida que soporte&nbsp;su participaci\u00f3n.<\/span><\/li>\n\n\n\n<li><span>Conformar un EQUIPO EJECUTOR para llevar a cabo la propuesta..<\/span><\/li>\n<\/ul>\n\n\n\n<h3 class=\"wp-block-heading\"><span><strong>AVAL DEL COMIT\u00c9 DE BIO\u00c9TICA<\/strong><\/span><\/h3>\n\n\n\n<p><span class=\"post-content__span\"> <span>Se debe presentar concepto de un comit\u00e9 de \u00e9tica\/bio\u00e9tica, cuando aplique, donde se especifique que la propuesta&nbsp;presentada ha sido revisada y avalada.&nbsp;Debe anexar a&nbsp;este aval, el acto administrativo que soporta la conformaci\u00f3n del Comit\u00e9 de \u00e9tica o de Bio\u00e9tica que lo expide.<\/span><\/p>\n\n\n\n<p><span class=\"post-content__span\"> <span>Por lo anterior, tenga en cuenta el cronograma de reuniones del CBE &#8211; UTP <strong><a href=\"https:\/\/vicerrectorias.utp.edu.co\/viie\/sin-categoria\/comite-de-bioetica\/\">[VER]<\/a> <\/strong>con el fin de evitar contratiempos.<\/span><\/p>\n\n\n\n<h3 class=\"wp-block-heading\"><span><strong>DURACI\u00d3N Y FINANCIACI\u00d3N<\/strong><\/span><\/h3>\n\n\n\n<ul class=\"wp-block-list\">\n<li><span>El t\u00e9rmino de duraci\u00f3n de los proyectos que conformar\u00e1n el banco de elegibles ser\u00e1 de hasta veinticuatro (24)&nbsp;meses.<\/span><\/li>\n\n\n\n<li><span>Las entidades que participen en la Alianza deber\u00e1n aportar conjuntamente una contrapartida en dinero y\/o especie&nbsp;por un monto m\u00ednimo equivalente al 30% del valor total del proyecto. Esta contrapartida debe quedar definida y&nbsp;declarada en el Sistema Integral de Gesti\u00f3n de Proyectos -SIGP. Para evidenciar dicha informaci\u00f3n, adjuntar al&nbsp;proyecto el reporte de contrapartidas por entidad generado por el SIGP.<\/span><\/li>\n\n\n\n<li><span>El monto financiable por proyecto ser\u00e1 de m\u00ednimo MIL CUATROCIENTOS OCHENTA Y SEIS MILLONES DE&nbsp;PESOS M\/CTE. ($1.486.000.000) y hasta DOS MIL NOVECIENTOS SETENTA Y DOS MILLONES DE PESOS&nbsp;M\/CTE. ($2.972.000.000).<\/span><\/li>\n<\/ul>\n\n\n\n<h3 class=\"wp-block-heading\"><span><strong>CRONOGRAMA<\/strong><\/span><\/h3>\n\n\n\n<ul class=\"wp-block-list\">\n<li><span><strong>FECHA M\u00c1XIMA AVAL INSTITUCIONAL:&nbsp;<\/strong>Lunes 25 de abril de 2022&nbsp;hasta las 6:00 p.m<\/span><\/li>\n\n\n\n<li><span><strong>INSCRIPCI\u00d3N PLATAFORMA SIGP:<\/strong>&nbsp;<strong><a href=\"https:\/\/plataformasigp.minciencias.gov.co:7003\/FormularioProyectos\/\">https:\/\/plataformasigp.minciencias.gov.co:7003\/FormularioProyectos\/<\/a><\/strong><\/span><\/li>\n<\/ul>\n\n\n\n<p><span class=\"post-content__span\"> <span><strong>NOTA: <\/strong>Para mayor informaci\u00f3n recomendamos revisar los t\u00e9rminos de referencia completos&nbsp;con el fin de evitar errores a la hora de la postulaci\u00f3n&nbsp;<a href=\"https:\/\/minciencias.gov.co\/convocatorias\/innovacion-y-productividad\/convocatoria-para-el-apoyo-proyectos-idi-que-contribuyan\"><strong>[VER]<\/strong><\/a>.<\/span><\/p>\n\n\n\n<h3 class=\"wp-block-heading\"><span><strong>CONTACTO<\/strong><\/span><\/h3>\n\n\n\n<p><span class=\"post-content__span\"> <span>Inquietudes al correo&nbsp;<a href=\"http:\/\/investigaciones@utp.edu.co\/\">investigaciones@utp.edu.co<\/a><\/span><\/p>\n\n\n\n<p><span class=\"post-content__span\"> <span><strong>Tel\u00e9fono<\/strong>:&nbsp;313 7300&nbsp;<strong>EXT<\/strong>&nbsp;7309 -7789<\/span><\/p>\n","protected":false},"excerpt":{"rendered":"<p>La Universidad Tecnol\u00f3gica de Pereira y la Vicerrector\u00eda de Investigaciones, Innovaci\u00f3n y Extensi\u00f3n invitan&nbsp;a participar&nbsp;en&nbsp;la&nbsp;Convocatoria 914&nbsp;para el apoyo a proyectos de I+D+i que contribuyan a resolver los desaf\u00edos establecidos en [&#8230;]<\/p>\n","protected":false},"author":0,"featured_media":0,"comment_status":"closed","ping_status":"closed","sticky":false,"template":"","format":"standard","meta":{"footnotes":""},"categories":[7],"tags":[],"class_list":["post-4821","post","type-post","status-publish","format-standard","hentry","category-convocatorias"],"_links":{"self":[{"href":"https:\/\/vicerrectorias.utp.edu.co\/viie\/wp-json\/wp\/v2\/posts\/4821","targetHints":{"allow":["GET"]}}],"collection":[{"href":"https:\/\/vicerrectorias.utp.edu.co\/viie\/wp-json\/wp\/v2\/posts"}],"about":[{"href":"https:\/\/vicerrectorias.utp.edu.co\/viie\/wp-json\/wp\/v2\/types\/post"}],"replies":[{"embeddable":true,"href":"https:\/\/vicerrectorias.utp.edu.co\/viie\/wp-json\/wp\/v2\/comments?post=4821"}],"version-history":[{"count":2,"href":"https:\/\/vicerrectorias.utp.edu.co\/viie\/wp-json\/wp\/v2\/posts\/4821\/revisions"}],"predecessor-version":[{"id":11515,"href":"https:\/\/vicerrectorias.utp.edu.co\/viie\/wp-json\/wp\/v2\/posts\/4821\/revisions\/11515"}],"wp:attachment":[{"href":"https:\/\/vicerrectorias.utp.edu.co\/viie\/wp-json\/wp\/v2\/media?parent=4821"}],"wp:term":[{"taxonomy":"category","embeddable":true,"href":"https:\/\/vicerrectorias.utp.edu.co\/viie\/wp-json\/wp\/v2\/categories?post=4821"},{"taxonomy":"post_tag","embeddable":true,"href":"https:\/\/vicerrectorias.utp.edu.co\/viie\/wp-json\/wp\/v2\/tags?post=4821"}],"curies":[{"name":"wp","href":"https:\/\/api.w.org\/{rel}","templated":true}]}}