{"id":4811,"date":"2022-03-28T15:41:15","date_gmt":"2023-12-01T14:53:00","guid":{"rendered":""},"modified":"2023-07-11T19:30:53","modified_gmt":"2023-12-01T14:53:00","slug":"convocatoria-915-jovenes-innovadores-en-el-marco-de-la-reactivacion-economica","status":"publish","type":"post","link":"https:\/\/vicerrectorias.utp.edu.co\/viie\/convocatoria-915-jovenes-innovadores-en-el-marco-de-la-reactivacion-economica\/","title":{"rendered":"CONVOCATORIA 915 &#8211; J\u00d3VENES INNOVADORES EN EL MARCO DE LA REACTIVACI\u00d3N ECON\u00d3MICA"},"content":{"rendered":"\n<p><span class=\"post-content__span\"> La Universidad Tecnol\u00f3gica de Pereira y la Vicerrector\u00eda de Investigaciones, Innovaci\u00f3n y Extensi\u00f3n invitan&nbsp;a participar&nbsp;en la&nbsp;Convocatoria 915 J\u00f3venes Innovadores en el marco de la reactivaci\u00f3n econ\u00f3mica.<\/p>\n\n\n\n<h3 class=\"wp-block-heading\"><strong>OBJETIVO<\/strong><\/h3>\n\n\n\n<p><span class=\"post-content__span\"> Fomentar la vinculaci\u00f3n de j\u00f3venes innovadores que est\u00e9n cursando programas de formaci\u00f3n t\u00e9cnica, tecnol\u00f3gica o carrera profesional bajo la modalidad de contrato de aprendizaje, para apoyar en la ejecuci\u00f3n de proyectos de investigaci\u00f3n, desarrollo tecnol\u00f3gico e innovaci\u00f3n en empresas&nbsp;o actores del Sistema Nacional de Ciencia, Tecnolog\u00eda e Innovaci\u00f3n (SNCTeI).<\/p>\n\n\n\n<h3 class=\"wp-block-heading\"><strong>DIRIGIDA A<\/strong><\/h3>\n\n\n\n<p><span class=\"post-content__span\"> Personas jur\u00eddicas&nbsp;o actores reconocidos del Sistema Nacional de CTeI6 o entidades del gobierno nacional o Instituciones de Educaci\u00f3n Superior (IES), interesados en vincular j\u00f3venes innovadores en sus proyectos de investigaci\u00f3n, desarrollo tecnol\u00f3gico e innovaci\u00f3n (I+D+i).<\/p>\n\n\n\n<h3 class=\"wp-block-heading\"><strong>FOCOS TEM\u00c1TICOS<\/strong><\/h3>\n\n\n\n<p><span class=\"post-content__span\"> Las propuestas de desarrollo e innovaci\u00f3n que se presenten deben estar alineadas a cualquiera de los siguientes ocho focos tem\u00e1ticos de la Misi\u00f3n de Sabios, los cuales son relevantes para trazar la ruta para el avance de la Ciencia, la Tecnolog\u00eda y la Innovaci\u00f3n como motores del desarrollo y la competitividad del pa\u00eds:<\/p>\n\n\n\n<ol class=\"wp-block-list\"><li>Tecnolog\u00edas convergentes (nano, info y cognotecnolog\u00eda) \u2013 Industrias 4.0<\/li><li>Industrias creativas y culturales<\/li><li>Energ\u00eda sostenible.<\/li><li>Biotecnolog\u00eda, Bioeconom\u00eda y Medio Ambiente<\/li><li>Oc\u00e9anos y recursos hidrobiol\u00f3gicos.<\/li><li>Ciencias sociales y Desarrollo Humano con Equidad.<\/li><li>Ciencias de la vida y de la salud.<\/li><li>Ciencias b\u00e1sicas y del espacio.<\/li><\/ol>\n\n\n\n<h3 class=\"wp-block-heading\"><strong>DURACI\u00d3N<\/strong><\/h3>\n\n\n\n<p><span class=\"post-content__span\"> El joven innovador que se vincule mediante contrato de aprendizaje contar\u00e1 con la financiaci\u00f3n de seis (6) SMMLV a\u00f1o 2022, con pagos mensuales de un (1) SMMLV por seis (6) meses.<\/p>\n\n\n\n<p><span class=\"post-content__span\"> <strong>REQUISITOS J\u00d3VENES INNOVADORES<\/strong><\/p>\n\n\n\n<ol class=\"wp-block-list\"><li><strong>Edad:<\/strong> Tener m\u00e1ximo 28 a\u00f1os al 31 de diciembre de 2022. Para acreditar este requisito se debe adjuntar copia legible de la c\u00e9dula de ciudadan\u00eda por ambas caras.<\/li><li><strong>Estado Acad\u00e9mico: <\/strong>Ser estudiante activo en la modalidad especial de formaci\u00f3n t\u00e9cnica, tecnol\u00f3gica o carrera profesional, <strong>en etapa o semestre de pr\u00e1ctica<\/strong> al momento del inicio de su actividad en la entidad postulante. Para acreditar este requisito se deber\u00e1 adjuntar el certificado de estudios expedido por la instituci\u00f3n donde cursa su carrera; este documento debe incluir las fechas de inicio y terminaci\u00f3n de la etapa o semestre de pr\u00e1ctica. Para caso SENA remitir carta de fechas de formaci\u00f3n.<\/li><li><strong>Promedio Acad\u00e9mico: <\/strong>Promedio general acumulado del programa al cual se encuentra vinculado de m\u00ednimo 3.8. (en una escala de 0 a 5) obtenido al momento de la postulaci\u00f3n (al cierre de la convocatoria) (Aplica para estudiantes de carreras profesionales, t\u00e9cnicos y tecn\u00f3logos vinculados seg\u00fan establezca la instituci\u00f3n que certifica al joven innovador).<\/li><\/ol>\n\n\n\n<p><span class=\"post-content__span\"> Para acreditar este requisito se deber\u00e1 adjuntar el certificado de notas correspondiente o constancia de notas con calificaci\u00f3n de Aprobado (Aplica para los aprendices SENA).&nbsp;En caso de que la escala empleada por la instituci\u00f3n sea diferente, se deber\u00e1 adjuntar la respectiva equivalencia expedida por la entidad que lo avala.<\/p>\n\n\n\n<ol class=\"wp-block-list\" start=\"4\"><li><strong>Si el joven innovador postulado cuenta con enfoque diferencial<\/strong> \u2013 Miembros de poblaci\u00f3n afrocolombiana, raizal, palenquera, ind\u00edgena, ROM, v\u00edctimas del conflicto armado, poblaci\u00f3n desplazada, g\u00e9nero o que tengan&nbsp;alguna&nbsp;condici\u00f3n de discapacidad, podr\u00e1n presentar la certificaci\u00f3n o documento equivalente expedida por la entidad seg\u00fan corresponda. Este requisito es opcional y no es de car\u00e1cter inhabilitante.<\/li><\/ol>\n\n\n\n<h3 class=\"wp-block-heading\"><strong>PROCEDIMIENTO INTERNO<\/strong><\/h3>\n\n\n\n<ul class=\"wp-block-list\"><li><strong>FECHA DE CIERRE: <\/strong>Viernes 6 de mayo de 2022 hasta las 6:00 p.m<\/li><li><strong>FORMULARIO DE INSCRIPCI\u00d3N:&nbsp;<\/strong><a class=\"JsGRdQ\" href=\"https:\/\/forms.gle\/GU14mQrafeaBWQFq6\" rel=\"noopener noreferrer\" target=\"_blank\">https:\/\/forms.gle\/GU14mQrafeaBWQFq6<\/a><\/li><\/ul>\n\n\n\n<p><span class=\"post-content__span\"> <strong>NOTA 1:<\/strong> En caso de que la propuesta de investigaci\u00f3n cuente con la participaci\u00f3n de m\u00e1s de dos estudiantes, deb\u00e9ra realizar el diligenciamiento del formulario por cada uno de ellos.<\/p>\n\n\n\n<p><span class=\"post-content__span\"> <strong>NOTA 2:<\/strong> Se debe&nbsp;anexar la copia legible de la c\u00e9dula de ciudadan\u00eda por ambas caras al 150%, el Anexo 1 con el plan de actividades y resultados esperados del Joven Innovador, adem\u00e1s del certificado de enfoque diferencial (Si aplica).<\/p>\n\n\n\n<p><span class=\"post-content__span\"> En caso de que el estudiante <span><strong>NO<\/strong><\/span> pertenezca a la Universidad Tecnol\u00f3gica de Pereira se&nbsp;deber\u00e1&nbsp;anexar los siguientes documentos adicionales:<\/p>\n\n\n\n<ul class=\"wp-block-list\"><li>Certificado de notas donde se indique el promedio acumulado y el semestre el cual se encuentra cursando.<\/li><li>Certificado de experiencia investigativa en semilleros o grupos de investigaci\u00f3n de la entidad correspondiente.<\/li><li>Certificado de enfoque diferencial (Si aplica).<\/li><\/ul>\n\n\n\n<h3 class=\"wp-block-heading\"><strong>ANEXOS<\/strong><\/h3>\n\n\n\n<p><span class=\"post-content__span\"> <strong><a href=\"https:\/\/media2.utp.edu.co\/archivos\/T%C3%89RMINOS%20DE%20REFERENCIA.pdf\">T\u00c9RMINOS DE REFERENCIA [Ver]<\/a><\/strong><\/p>\n\n\n\n<ul class=\"wp-block-list\"><li><span><strong>ANEXO&nbsp;1: <a href=\"https:\/\/media2.utp.edu.co\/archivos\/ANEXO%201%20Propuesta%20Plan%20de%20actividades%281%29.doc\">Propuesta de plan de actividades y resultados esperados de los J\u00f3venes Innovadores&nbsp;[Descargar]<\/a><\/strong><\/span><\/li><li><span><strong>ANEXO 3:<\/strong><\/span>&nbsp;<strong><a href=\"https:\/\/media2.utp.edu.co\/archivos\/REGLAMENTO%20OPERATIVO.pdf\">Reglamento operativo J\u00f3venes Innovadores.<\/a><\/strong>&nbsp;( Para su informaci\u00f3n)<\/li><\/ul>\n\n\n\n<p><span class=\"post-content__span\"> <span>Para mayor informaci\u00f3n de la convocatoria lo invitamos a visitar la p\u00e1gina oficial de Minciencias <strong><a href=\"https:\/\/minciencias.gov.co\/convocatorias\/vocaciones-cientificas-ctei\/convocatoria-jovenes-innovadores-en-el-marco-la\">[VER]<\/a><\/strong><\/span><\/p>\n\n\n\n<h3 class=\"wp-block-heading\"><strong>CONTACTO<\/strong><\/h3>\n\n\n\n<p><span class=\"post-content__span\"> Inquietudes al correo <a href=\"http:\/\/investigaciones@utp.edu.co\">investigaciones@utp.edu.co<\/a><\/p>\n\n\n\n<p><span class=\"post-content__span\"> <strong>Tel\u00e9fono<\/strong><span>:<\/span>&nbsp;313 7300 <strong>EXT<\/strong> 7309 -7789<\/p>\n","protected":false},"excerpt":{"rendered":"<p>La Universidad Tecnol\u00f3gica de Pereira y la Vicerrector\u00eda de Investigaciones, Innovaci\u00f3n y Extensi\u00f3n invitan&nbsp;a participar&nbsp;en la&nbsp;Convocatoria 915 J\u00f3venes Innovadores en el marco de la reactivaci\u00f3n econ\u00f3mica. OBJETIVO Fomentar la vinculaci\u00f3n [&#8230;]<\/p>\n","protected":false},"author":0,"featured_media":0,"comment_status":"closed","ping_status":"closed","sticky":false,"template":"","format":"standard","meta":{"footnotes":""},"categories":[7],"tags":[],"class_list":["post-4811","post","type-post","status-publish","format-standard","hentry","category-convocatorias"],"_links":{"self":[{"href":"https:\/\/vicerrectorias.utp.edu.co\/viie\/wp-json\/wp\/v2\/posts\/4811","targetHints":{"allow":["GET"]}}],"collection":[{"href":"https:\/\/vicerrectorias.utp.edu.co\/viie\/wp-json\/wp\/v2\/posts"}],"about":[{"href":"https:\/\/vicerrectorias.utp.edu.co\/viie\/wp-json\/wp\/v2\/types\/post"}],"replies":[{"embeddable":true,"href":"https:\/\/vicerrectorias.utp.edu.co\/viie\/wp-json\/wp\/v2\/comments?post=4811"}],"version-history":[{"count":1,"href":"https:\/\/vicerrectorias.utp.edu.co\/viie\/wp-json\/wp\/v2\/posts\/4811\/revisions"}],"predecessor-version":[{"id":5966,"href":"https:\/\/vicerrectorias.utp.edu.co\/viie\/wp-json\/wp\/v2\/posts\/4811\/revisions\/5966"}],"wp:attachment":[{"href":"https:\/\/vicerrectorias.utp.edu.co\/viie\/wp-json\/wp\/v2\/media?parent=4811"}],"wp:term":[{"taxonomy":"category","embeddable":true,"href":"https:\/\/vicerrectorias.utp.edu.co\/viie\/wp-json\/wp\/v2\/categories?post=4811"},{"taxonomy":"post_tag","embeddable":true,"href":"https:\/\/vicerrectorias.utp.edu.co\/viie\/wp-json\/wp\/v2\/tags?post=4811"}],"curies":[{"name":"wp","href":"https:\/\/api.w.org\/{rel}","templated":true}]}}