{"id":4791,"date":"2022-03-23T09:51:03","date_gmt":"2023-12-01T14:53:00","guid":{"rendered":""},"modified":"2023-07-21T16:21:35","modified_gmt":"2023-12-01T14:53:00","slug":"invitacion-para-realizar-talleres-de-formacion-dirigidos-a-estudiantes-de-semilleros-y-docentes-vinculados-a-grupos-de-investigacion","status":"publish","type":"post","link":"https:\/\/vicerrectorias.utp.edu.co\/viie\/invitacion-para-realizar-talleres-de-formacion-dirigidos-a-estudiantes-de-semilleros-y-docentes-vinculados-a-grupos-de-investigacion\/","title":{"rendered":"INVITACI\u00d3N PARA REALIZAR TALLERES DE FORMACI\u00d3N DIRIGIDOS A ESTUDIANTES DE SEMILLEROS Y DOCENTES VINCULADOS A GRUPOS DE INVESTIGACI\u00d3N"},"content":{"rendered":"<div class=\"wp-block-image\">\n<figure class=\"aligncenter is-resized\"><img loading=\"lazy\" decoding=\"async\" src=\"https:\/\/media2.utp.edu.co\/imagenes\/VF%20Convocatoria%20profes%282%29.png\" alt=\"\" width=\"540\" height=\"540\"\/><\/figure>\n<\/div>\n\n\n<p><span class=\"post-content__span\"> <strong>LA UNIVERSIDAD TECNOL\u00d3GICA DE PEREIRA A TRAV\u00c9S DE LA VICERRECTOR\u00cdA DE INVESTIGACIONES, INNOVACI\u00d3N Y EXTENSI\u00d3N&nbsp;<\/strong><strong>INVITAN A:<\/strong><\/p>\n\n\n\n<p><span class=\"post-content__span\"> Los docentes Investigadores a dictar talleres de formaci\u00f3n dirigido a estudiantes vinculados a semilleros y docentes vinculados a grupos, con el fin de propiciar espacios de formaci\u00f3n en diferentes tem\u00e1ticas en investigaci\u00f3n.<\/p>\n\n\n\n<p><span class=\"post-content__span\"> Los investigadores interesados en dictar los talleres de formaci\u00f3n (gratuitos) deber\u00e1n seleccionar algunas de los siguientes temas:&nbsp;&nbsp;<\/p>\n\n\n\n<p><span class=\"post-content__span\"> <strong>TEMAS PARA ESTUDIANTES DE SEMILLEROS DE INVESTIGACI\u00d3N:<\/strong><\/p>\n\n\n\n<ul class=\"wp-block-list\">\n<li>Metodolog\u00eda de Investigaci\u00f3n.<\/li>\n\n\n\n<li>Redacci\u00f3n de Art\u00edculos.<\/li>\n\n\n\n<li>Formulaci\u00f3n de proyectos de investigaci\u00f3n.<\/li>\n\n\n\n<li>Normas de Citaci\u00f3n.<\/li>\n\n\n\n<li>Excel enfoque estad\u00edstico.<\/li>\n\n\n\n<li>An\u00e1lisis de Datos.<\/li>\n\n\n\n<li>Gestores Bibliogr\u00e1ficos y Bases de Datos.<\/li>\n<\/ul>\n\n\n\n<p><span class=\"post-content__span\"> <strong>TEMAS PARA DOCENTES INVESTIGADORES:<\/strong><\/p>\n\n\n\n<ul class=\"wp-block-list\">\n<li>Redacci\u00f3n acad\u00e9mica.<\/li>\n\n\n\n<li>Estructura y contenido de un art\u00edculo cient\u00edfico.<\/li>\n\n\n\n<li>B\u00fasqueda estructurada en bases de Datos.<\/li>\n\n\n\n<li>Programaci\u00f3n en R.<\/li>\n\n\n\n<li>Proceso Editorial para Nuevos Autores.<\/li>\n\n\n\n<li>Formulaci\u00f3n de proyectos de investigaci\u00f3n.<\/li>\n\n\n\n<li>Formulaci\u00f3n de proyectos en MGA.<\/li>\n<\/ul>\n\n\n\n<p><span class=\"post-content__span\"> <strong>NOTA:<\/strong> El docente interesado puede proponer un tema adicional a los enlistados anteriormente.<\/p>\n\n\n\n<p><span class=\"post-content__span\"> Adicionalmente, deber\u00e1 diligenciar el siguiente formato <strong><a href=\"https:\/\/media2.utp.edu.co\/archivos\/Anexo%201%282%29.docx\">(Anexo 1)<\/a><\/strong> y enviarlo al correo electr\u00f3nico <a href=\"mailto:investigaciones@utp.edu.co\">investigaciones@utp.edu.co<\/a> antes del 8 de abril de 2022:<\/p>\n\n\n\n<p><span class=\"post-content__span\"> Cabe destacar, que la Vicerrector\u00eda de Investigaciones, Innovaci\u00f3n y Extensi\u00f3n organizar\u00e1 toda la log\u00edstica del taller (Convocatoria, pr\u00e9stamo de espacios, registros de asistencia, etc) y certificar\u00e1 la participaci\u00f3n de los asistentes y del docente que oriente la formaci\u00f3n.<\/p>\n\n\n\n<h3 class=\"wp-block-heading\"><strong>MAYOR INFORMACI\u00d3N:&nbsp;<\/strong><\/h3>\n\n\n\n<p><span class=\"post-content__span\"> <strong>Jhonnier Adri\u00e1n R\u00edos Galvis<\/strong><\/p>\n\n\n\n<p><span class=\"post-content__span\"> Cel: 3206095784<\/p>\n\n\n\n<p><span class=\"post-content__span\"> Correo&nbsp;<a href=\"mailto:investigaciones@utp.edu.co\">investigaciones@utp.edu.co<\/a><\/p>\n","protected":false},"excerpt":{"rendered":"<p>LA UNIVERSIDAD TECNOL\u00d3GICA DE PEREIRA A TRAV\u00c9S DE LA VICERRECTOR\u00cdA DE INVESTIGACIONES, INNOVACI\u00d3N Y EXTENSI\u00d3N&nbsp;INVITAN A: Los docentes Investigadores a dictar talleres de formaci\u00f3n dirigido a estudiantes vinculados a semilleros [&#8230;]<\/p>\n","protected":false},"author":0,"featured_media":0,"comment_status":"closed","ping_status":"closed","sticky":false,"template":"","format":"standard","meta":{"footnotes":""},"categories":[7],"tags":[],"class_list":["post-4791","post","type-post","status-publish","format-standard","hentry","category-convocatorias"],"_links":{"self":[{"href":"https:\/\/vicerrectorias.utp.edu.co\/viie\/wp-json\/wp\/v2\/posts\/4791","targetHints":{"allow":["GET"]}}],"collection":[{"href":"https:\/\/vicerrectorias.utp.edu.co\/viie\/wp-json\/wp\/v2\/posts"}],"about":[{"href":"https:\/\/vicerrectorias.utp.edu.co\/viie\/wp-json\/wp\/v2\/types\/post"}],"replies":[{"embeddable":true,"href":"https:\/\/vicerrectorias.utp.edu.co\/viie\/wp-json\/wp\/v2\/comments?post=4791"}],"version-history":[{"count":2,"href":"https:\/\/vicerrectorias.utp.edu.co\/viie\/wp-json\/wp\/v2\/posts\/4791\/revisions"}],"predecessor-version":[{"id":10846,"href":"https:\/\/vicerrectorias.utp.edu.co\/viie\/wp-json\/wp\/v2\/posts\/4791\/revisions\/10846"}],"wp:attachment":[{"href":"https:\/\/vicerrectorias.utp.edu.co\/viie\/wp-json\/wp\/v2\/media?parent=4791"}],"wp:term":[{"taxonomy":"category","embeddable":true,"href":"https:\/\/vicerrectorias.utp.edu.co\/viie\/wp-json\/wp\/v2\/categories?post=4791"},{"taxonomy":"post_tag","embeddable":true,"href":"https:\/\/vicerrectorias.utp.edu.co\/viie\/wp-json\/wp\/v2\/tags?post=4791"}],"curies":[{"name":"wp","href":"https:\/\/api.w.org\/{rel}","templated":true}]}}