{"id":4751,"date":"2022-05-27T10:12:24","date_gmt":"2023-12-01T14:53:00","guid":{"rendered":""},"modified":"2024-06-25T22:04:35","modified_gmt":"2024-06-25T20:04:35","slug":"actividades-y-proyectos-de-extension-destacados-facultad-de-ciencias-empresariales","status":"publish","type":"post","link":"https:\/\/vicerrectorias.utp.edu.co\/viie\/actividades-y-proyectos-de-extension-destacados-facultad-de-ciencias-empresariales\/","title":{"rendered":"Actividades y Proyectos de Extensi\u00f3n Destacados De La Facultad de Ciencias Empresariales"},"content":{"rendered":"\n<div class=\"wp-block-buttons is-layout-flex wp-block-buttons-is-layout-flex\">\n<div class=\"wp-block-button has-custom-font-size has-small-font-size\"><a class=\"wp-block-button__link wp-element-button\" href=\"https:\/\/vicerrectorias.utp.edu.co\/viie\/actividades-y-proyectos-de-extension-destacados\/\">Atr\u00e1s<\/a><\/div>\n<\/div>\n\n\n\n<div class=\"wp-block-media-text is-stacked-on-mobile is-vertically-aligned-center\" style=\"grid-template-columns:35% auto\"><figure class=\"wp-block-media-text__media\"><img decoding=\"async\" src=\"https:\/\/media2.utp.edu.co\/imagenes\/construyendo%20futuro.png\" alt=\"\"\/><\/figure><div class=\"wp-block-media-text__content\">\n<p><span class=\"post-content__span\"> <strong>Categor\u00eda<\/strong>:&nbsp;Publicaciones editoriales no especializadas<\/p>\n\n\n\n<p><span class=\"post-content__span\"> <strong>Descripci\u00f3n:&nbsp;<\/strong>A trav\u00e9s del proyecto&nbsp;Construyendo Futuro Fase II,&nbsp;se&nbsp;implementaron programas con metodolog\u00edas activas y colaborativas, estructurado en forma de talleres que fortalecieron las habilidades blandas de estudiantes de grados 9\u00b0, 10\u00b0 y 11\u00b0 en colegios p\u00fablicos de Pereira y de estudiantes con capacidades especiales que aportaran a su orientaci\u00f3n vocacional&nbsp;<\/p>\n\n\n\n<p><span class=\"post-content__span\"> <strong>Docentes responsables:<\/strong>&nbsp;Natalia Boh\u00f3rquez Bedoya<\/p>\n\n\n\n<p><span class=\"post-content__span\"> <strong>Programa Acad\u00e9mico:<\/strong>&nbsp;Ingenier\u00eda Industrial<\/p>\n\n\n\n<p><span class=\"post-content__span\"> <a href=\"https:\/\/media2.utp.edu.co\/archivos\/CARTILLA%20CF%202019%20GEIO-ANEIAP.pdf\" target=\"_blank\" rel=\"noreferrer noopener\">[Ver mas informaci\u00f3n Aqu\u00ed]<\/a><\/p>\n<\/div><\/div>\n\n\n\n<div class=\"wp-block-buttons is-content-justification-right is-layout-flex wp-container-core-buttons-is-layout-765c4724 wp-block-buttons-is-layout-flex\">\n<div class=\"wp-block-button has-custom-font-size has-small-font-size\"><a class=\"wp-block-button__link wp-element-button\" href=\"https:\/\/vicerrectorias.utp.edu.co\/viie\/actividades-y-proyectos-de-extension-destacados\/\">Atr\u00e1s<\/a><\/div>\n<\/div>\n","protected":false},"excerpt":{"rendered":"<p>Categor\u00eda:&nbsp;Publicaciones editoriales no especializadas Descripci\u00f3n:&nbsp;A trav\u00e9s del proyecto&nbsp;Construyendo Futuro Fase II,&nbsp;se&nbsp;implementaron programas con metodolog\u00edas activas y colaborativas, estructurado en forma de talleres que fortalecieron las habilidades blandas de estudiantes de [&#8230;]<\/p>\n","protected":false},"author":0,"featured_media":0,"comment_status":"closed","ping_status":"closed","sticky":false,"template":"","format":"standard","meta":{"footnotes":""},"categories":[1],"tags":[],"class_list":["post-4751","post","type-post","status-publish","format-standard","hentry","category-sin-categoria"],"_links":{"self":[{"href":"https:\/\/vicerrectorias.utp.edu.co\/viie\/wp-json\/wp\/v2\/posts\/4751","targetHints":{"allow":["GET"]}}],"collection":[{"href":"https:\/\/vicerrectorias.utp.edu.co\/viie\/wp-json\/wp\/v2\/posts"}],"about":[{"href":"https:\/\/vicerrectorias.utp.edu.co\/viie\/wp-json\/wp\/v2\/types\/post"}],"replies":[{"embeddable":true,"href":"https:\/\/vicerrectorias.utp.edu.co\/viie\/wp-json\/wp\/v2\/comments?post=4751"}],"version-history":[{"count":4,"href":"https:\/\/vicerrectorias.utp.edu.co\/viie\/wp-json\/wp\/v2\/posts\/4751\/revisions"}],"predecessor-version":[{"id":14683,"href":"https:\/\/vicerrectorias.utp.edu.co\/viie\/wp-json\/wp\/v2\/posts\/4751\/revisions\/14683"}],"wp:attachment":[{"href":"https:\/\/vicerrectorias.utp.edu.co\/viie\/wp-json\/wp\/v2\/media?parent=4751"}],"wp:term":[{"taxonomy":"category","embeddable":true,"href":"https:\/\/vicerrectorias.utp.edu.co\/viie\/wp-json\/wp\/v2\/categories?post=4751"},{"taxonomy":"post_tag","embeddable":true,"href":"https:\/\/vicerrectorias.utp.edu.co\/viie\/wp-json\/wp\/v2\/tags?post=4751"}],"curies":[{"name":"wp","href":"https:\/\/api.w.org\/{rel}","templated":true}]}}