{"id":4741,"date":"2022-05-18T15:44:53","date_gmt":"2023-12-01T14:53:00","guid":{"rendered":""},"modified":"2024-06-25T18:32:37","modified_gmt":"2024-06-25T16:32:37","slug":"actividades-y-proyectos-de-extension-destacados-facultad-de-ciencias-basicas","status":"publish","type":"post","link":"https:\/\/vicerrectorias.utp.edu.co\/viie\/actividades-y-proyectos-de-extension-destacados-facultad-de-ciencias-basicas\/","title":{"rendered":"Actividades y Proyectos de Extensi\u00f3n Destacados De La Facultad de Ciencias B\u00e1sicas"},"content":{"rendered":"\n<div class=\"wp-block-buttons has-custom-font-size has-small-font-size is-horizontal is-layout-flex wp-block-buttons-is-layout-flex\">\n<div class=\"wp-block-button is-style-fill\"><a class=\"wp-block-button__link wp-element-button\" href=\"https:\/\/vicerrectorias.utp.edu.co\/viie\/actividades-y-proyectos-de-extension-destacados\/\">Atr\u00e1s<\/a><\/div>\n<\/div>\n\n\n\n<div class=\"wp-block-media-text is-stacked-on-mobile is-vertically-aligned-center\" style=\"grid-template-columns:35% auto\"><figure class=\"wp-block-media-text__media\"><img loading=\"lazy\" decoding=\"async\" width=\"300\" height=\"220\" src=\"https:\/\/vicerrectorias.utp.edu.co\/viie\/wp-content\/uploads\/sites\/3\/ID-2493-Conferencia-termografia-infrarroja.png\" alt=\"\" class=\"wp-image-11617 size-full\"\/><\/figure><div class=\"wp-block-media-text__content\">\n<p><span class=\"post-content__span\"> <strong>Categor\u00eda<\/strong>:&nbsp;Producciones de contenido digital<\/p>\n\n\n\n<p><span class=\"post-content__span\"> <strong>Descripci\u00f3n:&nbsp;<\/strong>Desarrollar las estrategias adecuadas que garanticen la difusi\u00f3n de conocimiento especializado en el \u00e1rea de la termograf\u00eda infrarroja y sus aplicaciones a trav\u00e9s de un evento iberoamericano en la Universidad Tecnol\u00f3gica de Pereira denominado I IBERCTHERM 2021.<\/p>\n\n\n\n<p><span class=\"post-content__span\"> <strong>Docentes responsables:<\/strong>&nbsp;Carlos Holgu\u00edn Tabares<\/p>\n\n\n\n<p><span class=\"post-content__span\"> <strong>Programa Acad\u00e9mico:<\/strong>&nbsp;Departamento de F\u00edsica<\/p>\n\n\n\n<p><span class=\"post-content__span\"> <a href=\"http:\/\/gimm-gef.com\/\" target=\"_blank\" rel=\"noreferrer noopener\">[Ver mas informaci\u00f3n Aqu\u00ed]<\/a><\/p>\n<\/div><\/div>\n\n\n\n<p><span class=\"post-content__span\"> <\/p>\n\n\n\n<div class=\"wp-block-media-text has-media-on-the-right is-stacked-on-mobile is-vertically-aligned-center has-very-light-gray-to-cyan-bluish-gray-gradient-background has-background\" style=\"grid-template-columns:auto 35%\"><div class=\"wp-block-media-text__content\">\n<p><span class=\"post-content__span\"> <strong>Categor\u00eda<\/strong>:&nbsp;Publicaciones editoriales no especializadas<\/p>\n\n\n\n<p><span class=\"post-content__span\"> <strong>Descripci\u00f3n:&nbsp;<\/strong>Este proyecto plantea transferir conocimiento a ni\u00f1os del departamento de Risaralda entre 6 y 12 a\u00f1os, a trav\u00e9s de conceptos y fen\u00f3menos de la aeron\u00e1utica, utilizando metodolog\u00edas de ense\u00f1anza\/aprendizaje descubriendo y fortaleciendo habilidades en Ciencias, Tecnolog\u00eda, Ingenier\u00eda, Arte y Matem\u00e1ticas (STEAM del ingles Science,&nbsp;<br>Technology, Engineering, Arts and Maths), y el Aprendizaje Basado en Proyectos (ABP o PBL del ingl\u00e9s Problem-based learning), con el objeto de despertar en ellos el inter\u00e9s en las diferentes \u00e1reas del conocimiento, donde se aplican las m\u00faltiples disciplinas que conforman la aeron\u00e1utica.<\/p>\n\n\n\n<p><span class=\"post-content__span\"> <strong>Docentes responsables:<\/strong>&nbsp;Jos\u00e9 Andr\u00e9s Chaves Osorio<\/p>\n\n\n\n<p><span class=\"post-content__span\"> <strong>Programa Acad\u00e9mico:<\/strong>&nbsp;Ciencias B\u00e1sicas<\/p>\n\n\n\n<p><span class=\"post-content__span\"> <a href=\"https:\/\/www.youtube.com\/watch?v=5hvyUgoJjY8&amp;list=PLIXdJg6zrIMtGdPWMJriHINeXp82D5l09&amp;index=6\" target=\"_blank\" rel=\"noreferrer noopener\">[Ver mas informaci\u00f3n Aqu\u00ed]<\/a><\/p>\n<\/div><figure class=\"wp-block-media-text__media\"><img loading=\"lazy\" decoding=\"async\" width=\"300\" height=\"220\" src=\"https:\/\/vicerrectorias.utp.edu.co\/viie\/wp-content\/uploads\/sites\/3\/ID-3587-TALLER-AERONAUTICA.png\" alt=\"\" class=\"wp-image-11618 size-full\"\/><\/figure><\/div>\n\n\n\n<p><span class=\"post-content__span\"> <\/p>\n\n\n\n<div class=\"wp-block-media-text is-stacked-on-mobile\" style=\"grid-template-columns:35% auto\"><figure class=\"wp-block-media-text__media\"><img decoding=\"async\" src=\"https:\/\/media2.utp.edu.co\/imagenes\/aerokid.png\" alt=\"\"\/><\/figure><div class=\"wp-block-media-text__content\">\n<p><span class=\"post-content__span\"> <strong>Categor\u00eda<\/strong>:&nbsp;Publicaciones editoriales no especializadas.<\/p>\n\n\n\n<p><span class=\"post-content__span\"> <strong>Descripci\u00f3n:&nbsp;<\/strong>A trav\u00e9s del proyecto&nbsp;Implementaci\u00f3n de metodolog\u00edas de ense\u00f1anza\/aprendizaje en ni\u00f1os de tercera infancia y adolescentes a trav\u00e9s de conceptos y proyectos de la aeron\u00e1utica. (AEROKID)&nbsp;se&nbsp;implementaron metodolog\u00edas de ense\u00f1anza\/aprendizaje en ni\u00f1os de tercera infancia y adolescentes de poblaciones vulnerables a trav\u00e9s de conceptos y proyectos de la aeron\u00e1utica.<\/p>\n\n\n\n<p><span class=\"post-content__span\"> <strong>Docentes responsables:<\/strong>&nbsp;Jos\u00e9 Andr\u00e9s Chaves Osorio<\/p>\n\n\n\n<p><span class=\"post-content__span\"> <strong>Programa Acad\u00e9mico:<\/strong>&nbsp;Ciencias B\u00e1sicas<\/p>\n\n\n\n<p><span class=\"post-content__span\"> <a href=\"https:\/\/media2.utp.edu.co\/archivos\/Informe%20general%20Aerokiddo%202020.pdf\" target=\"_blank\" rel=\"noreferrer noopener\">[Ver mas informaci\u00f3n Aqu\u00ed]<\/a><\/p>\n<\/div><\/div>\n\n\n\n<p><span class=\"post-content__span\"> <\/p>\n\n\n\n<div class=\"wp-block-buttons has-custom-font-size has-small-font-size is-horizontal is-content-justification-right is-layout-flex wp-container-core-buttons-is-layout-202d4b65 wp-block-buttons-is-layout-flex\">\n<div class=\"wp-block-button is-style-fill\"><a class=\"wp-block-button__link wp-element-button\" href=\"https:\/\/vicerrectorias.utp.edu.co\/viie\/actividades-y-proyectos-de-extension-destacados\/\">Atr\u00e1s<\/a><\/div>\n<\/div>\n","protected":false},"excerpt":{"rendered":"<p>Categor\u00eda:&nbsp;Producciones de contenido digital Descripci\u00f3n:&nbsp;Desarrollar las estrategias adecuadas que garanticen la difusi\u00f3n de conocimiento especializado en el \u00e1rea de la termograf\u00eda infrarroja y sus aplicaciones a trav\u00e9s de un evento [&#8230;]<\/p>\n","protected":false},"author":0,"featured_media":0,"comment_status":"closed","ping_status":"closed","sticky":false,"template":"","format":"standard","meta":{"footnotes":""},"categories":[1],"tags":[],"class_list":["post-4741","post","type-post","status-publish","format-standard","hentry","category-sin-categoria"],"_links":{"self":[{"href":"https:\/\/vicerrectorias.utp.edu.co\/viie\/wp-json\/wp\/v2\/posts\/4741","targetHints":{"allow":["GET"]}}],"collection":[{"href":"https:\/\/vicerrectorias.utp.edu.co\/viie\/wp-json\/wp\/v2\/posts"}],"about":[{"href":"https:\/\/vicerrectorias.utp.edu.co\/viie\/wp-json\/wp\/v2\/types\/post"}],"replies":[{"embeddable":true,"href":"https:\/\/vicerrectorias.utp.edu.co\/viie\/wp-json\/wp\/v2\/comments?post=4741"}],"version-history":[{"count":9,"href":"https:\/\/vicerrectorias.utp.edu.co\/viie\/wp-json\/wp\/v2\/posts\/4741\/revisions"}],"predecessor-version":[{"id":14672,"href":"https:\/\/vicerrectorias.utp.edu.co\/viie\/wp-json\/wp\/v2\/posts\/4741\/revisions\/14672"}],"wp:attachment":[{"href":"https:\/\/vicerrectorias.utp.edu.co\/viie\/wp-json\/wp\/v2\/media?parent=4741"}],"wp:term":[{"taxonomy":"category","embeddable":true,"href":"https:\/\/vicerrectorias.utp.edu.co\/viie\/wp-json\/wp\/v2\/categories?post=4741"},{"taxonomy":"post_tag","embeddable":true,"href":"https:\/\/vicerrectorias.utp.edu.co\/viie\/wp-json\/wp\/v2\/tags?post=4741"}],"curies":[{"name":"wp","href":"https:\/\/api.w.org\/{rel}","templated":true}]}}