{"id":4721,"date":"2022-03-07T09:49:36","date_gmt":"2023-12-01T14:53:00","guid":{"rendered":""},"modified":"2023-07-25T16:43:58","modified_gmt":"2023-12-01T14:53:00","slug":"nueva-cohorte-convocatoria-crearlo-no-es-suficiente-30","status":"publish","type":"post","link":"https:\/\/vicerrectorias.utp.edu.co\/viie\/nueva-cohorte-convocatoria-crearlo-no-es-suficiente-30\/","title":{"rendered":"NUEVA COHORTE CONVOCATORIA CREARLO NO ES SUFICIENTE 3.0"},"content":{"rendered":"\n<p><span class=\"post-content__span\"> <strong>Tenemos una noticia.<\/strong><\/p>\n\n\n\n<p><span class=\"post-content__span\"> <strong>\u00a1COMENZAMOS LA TERCERA ETAPA!<\/strong><\/p>\n\n\n\n<p><span class=\"post-content__span\"> <em><strong>CONVOCATORIA CREARLO NO ES SUFICIENTE<\/strong><\/em><\/p>\n\n\n\n<p><span class=\"post-content__span\"> <strong>En esta etapa buscamos a quienes quieran patentar de forma INTERNACIONAL y continuamos apoyando la protecci\u00f3n NACIONAL de patentes.&nbsp;<\/strong><\/p>\n\n\n\n<p><span class=\"post-content__span\"> <span>Cierre de inscripci\u00f3n, 18 de marzo de 2022.Hasta las 11:59 p.m. de Colombia<\/span><\/p>\n\n\n\n<p><span class=\"post-content__span\"> Solo debes escribirnos para mayor informaci\u00f3n:<\/p>\n\n\n\n<figure class=\"wp-block-embed is-type-wp-embed is-provider-crearlo-no-es-suficiente wp-block-embed-crearlo-no-es-suficiente\"><div class=\"wp-block-embed__wrapper\">\nhttps:\/\/www.crearlonoessuficiente.com\/\n<\/div><\/figure>\n\n\n\n<p><span class=\"post-content__span\"> Vicerrector\u00eda de Investigaciones, Innovaci\u00f3n y Extensi\u00f3n<\/p>\n\n\n\n<p><span class=\"post-content__span\"> Profesional de apoyo<\/p>\n\n\n\n<p><span class=\"post-content__span\"> <a href=\"mailto:ivanna95@gmail.com\" target=\"_blank\" rel=\"noopener noreferrer\">Ivanna Bedoya Montenegro<\/a><\/p>\n\n\n\n<p><span class=\"post-content__span\"> Correo:&nbsp;<a href=\"mailto:ivanna@utp.edu.co\" target=\"_blank\" rel=\"noopener noreferrer\">ivanna@utp.edu.co<\/a><\/p>\n\n\n\n<p><span class=\"post-content__span\"> viceiie@utp.edu.co<\/p>\n\n\n\n<figure class=\"wp-block-image\"><img decoding=\"async\" src=\"https:\/\/media2.utp.edu.co\/imagenes\/Banner-Bootcamp-Patentes-1.png\" alt=\"\"\/><\/figure>\n","protected":false},"excerpt":{"rendered":"<p>Tenemos una noticia. \u00a1COMENZAMOS LA TERCERA ETAPA! CONVOCATORIA CREARLO NO ES SUFICIENTE En esta etapa buscamos a quienes quieran patentar de forma INTERNACIONAL y continuamos apoyando la protecci\u00f3n NACIONAL de [&#8230;]<\/p>\n","protected":false},"author":0,"featured_media":10295,"comment_status":"closed","ping_status":"closed","sticky":false,"template":"","format":"standard","meta":{"footnotes":""},"categories":[5],"tags":[],"class_list":["post-4721","post","type-post","status-publish","format-standard","has-post-thumbnail","hentry","category-noticias-y-eventos-propiedad-intelectual"],"_links":{"self":[{"href":"https:\/\/vicerrectorias.utp.edu.co\/viie\/wp-json\/wp\/v2\/posts\/4721","targetHints":{"allow":["GET"]}}],"collection":[{"href":"https:\/\/vicerrectorias.utp.edu.co\/viie\/wp-json\/wp\/v2\/posts"}],"about":[{"href":"https:\/\/vicerrectorias.utp.edu.co\/viie\/wp-json\/wp\/v2\/types\/post"}],"replies":[{"embeddable":true,"href":"https:\/\/vicerrectorias.utp.edu.co\/viie\/wp-json\/wp\/v2\/comments?post=4721"}],"version-history":[{"count":2,"href":"https:\/\/vicerrectorias.utp.edu.co\/viie\/wp-json\/wp\/v2\/posts\/4721\/revisions"}],"predecessor-version":[{"id":10901,"href":"https:\/\/vicerrectorias.utp.edu.co\/viie\/wp-json\/wp\/v2\/posts\/4721\/revisions\/10901"}],"wp:featuredmedia":[{"embeddable":true,"href":"https:\/\/vicerrectorias.utp.edu.co\/viie\/wp-json\/wp\/v2\/media\/10295"}],"wp:attachment":[{"href":"https:\/\/vicerrectorias.utp.edu.co\/viie\/wp-json\/wp\/v2\/media?parent=4721"}],"wp:term":[{"taxonomy":"category","embeddable":true,"href":"https:\/\/vicerrectorias.utp.edu.co\/viie\/wp-json\/wp\/v2\/categories?post=4721"},{"taxonomy":"post_tag","embeddable":true,"href":"https:\/\/vicerrectorias.utp.edu.co\/viie\/wp-json\/wp\/v2\/tags?post=4721"}],"curies":[{"name":"wp","href":"https:\/\/api.w.org\/{rel}","templated":true}]}}