{"id":4701,"date":"2022-05-03T08:35:58","date_gmt":"2023-12-01T14:53:00","guid":{"rendered":""},"modified":"2024-02-08T21:58:10","modified_gmt":"2024-02-08T20:58:10","slug":"primera-jornada-de-apropiacion-social-del-conocimiento-de-la-facultad-de-bellas-artes-y-humanidades","status":"publish","type":"post","link":"https:\/\/vicerrectorias.utp.edu.co\/viie\/primera-jornada-de-apropiacion-social-del-conocimiento-de-la-facultad-de-bellas-artes-y-humanidades\/","title":{"rendered":"PRIMERA JORNADA DE APROPIACI\u00d3N SOCIAL DEL CONOCIMIENTO DE LA FACULTAD DE BELLAS ARTES Y HUMANIDADES"},"content":{"rendered":"\n<h3 class=\"wp-block-heading\"><strong>PROGRAMACI\u00d3N<\/strong><\/h3>\n\n\n\n<p><span class=\"post-content__span\"> <a href=\"https:\/\/media2.utp.edu.co\/archivos\/_Social%20del%20Conocimiento%20UTP.pdf\"><strong>[Ver] Programaci\u00f3n del evento jueves, 12 de mayo&nbsp;del 2022.<\/strong><\/a><\/p>\n\n\n\n<h3 class=\"wp-block-heading\"><strong>INSCRIPCI\u00d3N ASISTENTES<\/strong><\/h3>\n\n\n\n<p><span class=\"post-content__span\"> <a href=\"https:\/\/forms.gle\/pJZKhQaREcttYFt46\"><strong>[Ver]&nbsp;<\/strong>\u200b<strong>Formulario de inscripci\u00f3n<\/strong><\/a>&nbsp;<\/p>\n\n\n\n<hr class=\"wp-block-separator has-css-opacity\"\/>\n\n\n\n<h3 class=\"wp-block-heading\"><strong><span>RESULTADOS<\/span><\/strong><\/h3>\n\n\n\n<p><span class=\"post-content__span\"> <a href=\"https:\/\/media2.utp.edu.co\/archivos\/Resultados%20preliminares%20Primera%20Jornada%20de%20Apropiacion%20Facultad%20Bellas%20Artes%20y%20Humanidades%281%29.pdf\"><strong>\u200b[Ver] Listado Ponencias Inscritas y cumplimiento de requisitos<\/strong>.<\/a><\/p>\n\n\n\n<p><span class=\"post-content__span\"> <strong>Fecha de publicaci\u00f3n:&nbsp;<\/strong>21&nbsp;de abril de 2022.<\/p>\n\n\n\n<hr class=\"wp-block-separator has-css-opacity\"\/>\n\n\n\n<figure class=\"wp-block-image is-resized\"><img loading=\"lazy\" decoding=\"async\" src=\"https:\/\/media2.utp.edu.co\/imagenes\/I%20jornada%20de%20apropiaci%C3%B3n%20final.png\" alt=\"\" style=\"width:707px;height:1000px\" width=\"707\" height=\"1000\"\/><\/figure>\n\n\n\n<p><span class=\"post-content__span\"> <span><strong>LA UNIVERSIDAD TECNOL\u00d3GICA DE PEREIRA Y LA VICERRECTOR\u00cdA DE INVESTIGACIONES, INNOVACI\u00d3N Y EXTENSI\u00d3N LOS INVITA A PARTICIPAR<\/strong><\/span><\/p>\n\n\n\n<p><span class=\"post-content__span\"> <span>En la Primera Jornada de Apropiaci\u00f3n Social del Conocimiento de la facultad de Bellas Artes y Humanidades, la cual se llevar\u00e1 a cabo el d\u00eda 28 de abril de 2022 Sala Magistral 1 del Bloque 13.<\/span><\/p>\n\n\n\n<h3 class=\"wp-block-heading\"><span><strong><em>MODALIDADES DE PARTICIPACI\u00d3N<\/em><\/strong><\/span><\/h3>\n\n\n\n<ul class=\"wp-block-list\">\n<li><span><strong>PONENCIA: <\/strong>Presentaci\u00f3n oral de resultados de proyectos de investigaci\u00f3n, inscritos en la Vicerrector\u00eda de Investigaciones, Innovaci\u00f3n y Extensi\u00f3n concluidos en los \u00faltimos a\u00f1os, en el per\u00edodo comprendido del 1 de enero de 2017 al 1 enero de 2022. Para el desarrollo de la ponencia se otorgar\u00e1 un tiempo de 15 minutos, m\u00e1s 5 minutos para preguntas del p\u00fablico.<\/span><\/li>\n<\/ul>\n\n\n\n<p><span class=\"post-content__span\"> <span><strong>Nota: Los ponentes podr\u00e1n participar en la convocatoria con un proyecto diferente a los que se presentaron en:<\/strong><\/span><\/p>\n\n\n\n<ul class=\"wp-block-list\">\n<li><span>Cuarta, Quinta y Sexta Jornada de Apropiaci\u00f3n Social del Conocimiento \u201c<strong>INVESTIGACI\u00d3N, INNOVACI\u00d3N Y EXTENSI\u00d3N EN LA UTP<\/strong>\u201d, 2019 al 2021.<\/span><\/li>\n\n\n\n<li><span>Convocatoria para fomentar la publicaci\u00f3n de cap\u00edtulos de libro resultado de investigaci\u00f3n (Grupos de Investigaci\u00f3n) a\u00f1os 2019 al 2021.<\/span><\/li>\n\n\n\n<li><span>Convocatoria para fomentar la publicaci\u00f3n de cap\u00edtulos de libro resultado de investigaci\u00f3n a\u00f1o 2020. \u201cCatedr\u00e1ticos\u201d.<\/span><\/li>\n\n\n\n<li><span>Primera Jornada de Apropiaci\u00f3n Social del Conocimiento de Ciencias Ambientales, a\u00f1o 2020.<\/span><\/li>\n\n\n\n<li><span>Primera Jornada de Apropiaci\u00f3n Social del Conocimiento de la Facultad de Ingenier\u00eda Mec\u00e1nica, a\u00f1o 2020.<\/span><\/li>\n<\/ul>\n\n\n\n<h3 class=\"wp-block-heading\"><span><strong>PODR\u00c1N PARTICIPAR:<\/strong><\/span><\/h3>\n\n\n\n<p><span class=\"post-content__span\"> <span>En calidad de <strong>Ponentes<\/strong> los investigadores de la Universidad Tecnol\u00f3gica de Pereira que cuenten con un proyecto de investigaci\u00f3n inscrito en la Vicerrector\u00eda de Investigaciones, Innovaci\u00f3n y Extensi\u00f3n concluido en los \u00faltimos a\u00f1os, en el per\u00edodo comprendido del 1 de enero de 2017 al 1 enero de 2022.<\/span><\/p>\n\n\n\n<h3 class=\"wp-block-heading\"><span><strong>LINEAMIENTOS PARA LA INSCRIPCI\u00d3N<\/strong><\/span><\/h3>\n\n\n\n<p><span class=\"post-content__span\"> <span>Para la inscripci\u00f3n a la Primera Jornada de apropiaci\u00f3n social del conocimiento de la Facultad de Bellas Artes&nbsp; y Humanidades se deber\u00e1 realizar lo siguiente:<\/span><\/p>\n\n\n\n<ul class=\"wp-block-list\">\n<li><span><strong>PONENCIA y A<\/strong><strong>NEXOS : <\/strong>Registrar la informaci\u00f3n solicitada en el enlace:&nbsp;<\/span><a href=\"https:\/\/docs.google.com\/forms\/d\/e\/1FAIpQLSdhvOfqk66YFKzHg228mTViEChFHc-p3BHd3CjhkDYDL1XE9A\/viewform\">INSCRIPCIONES<\/a><\/li>\n<\/ul>\n\n\n\n<ul class=\"wp-block-list\">\n<li><span>Formato para presentaci\u00f3n de las ponencias<a href=\"https:\/\/media2.utp.edu.co\/archivos\/ANEXO%201-20210913T053340Z.zip\"> <strong>(Anexo 1).<\/strong><\/a><\/span><\/li>\n\n\n\n<li><span>Formato de cap\u00edtulo de libro para memorias del evento <strong><a href=\"https:\/\/media2.utp.edu.co\/archivos\/Anexo%202.Formato.Memorias%283%29.docx\">(Anexo 2)<\/a><\/strong><\/span><\/li>\n\n\n\n<li><span>Formato de autorizaci\u00f3n de memorias <strong><a href=\"https:\/\/media2.utp.edu.co\/archivos\/AUTORIZACION%20MEMORIAS%20Anexo%203%20%281%29.docx\">(Anexo 3)<\/a><\/strong><\/span><\/li>\n<\/ul>\n\n\n\n<p><span class=\"post-content__span\"> <span><strong>Nota: Todos los documentos deben de ser subidos al momento de la inscripci\u00f3n en formulario de Google<\/strong><\/span><\/p>\n\n\n\n<p><span class=\"post-content__span\"> <span><strong>PRODUCTO DEL EVENTO<\/strong><\/span><\/p>\n\n\n\n<p><span class=\"post-content__span\"> <span>Como resultado de esta jornada, se realizar\u00e1 la edici\u00f3n de un libro en ingl\u00e9s, donde cada memoria se constituye en un cap\u00edtulo del libro resultado de investigaci\u00f3n,<\/span><\/p>\n\n\n\n<h3 class=\"wp-block-heading\"><span><strong><em>CRONOGRAMA DE INSCRIPCI\u00d3N<\/em><\/strong><\/span><\/h3>\n\n\n\n<p><span class=\"post-content__span\"> <span><strong>PONENCIAS:<\/strong><\/span><\/p>\n\n\n\n<figure class=\"wp-block-table is-style-stripes table\"><table class=\"has-fixed-layout\"><thead><tr><th>ACTIVIDAD<\/th><th>FECHAS<\/th><\/tr><\/thead><tbody><tr><td>\n<p><span class=\"post-content__span\"> <span>Apertura y difusi\u00f3n de la convocatoria<\/span><\/p>\n<\/td><td>\n<p><span class=\"post-content__span\"> <span>28 de febrero del 2022<\/span><\/p>\n<\/td><\/tr><tr><td>\n<p><span class=\"post-content__span\"> <span>Recepci\u00f3n de iniciativas de participaci\u00f3n y recepci\u00f3n de presentaciones de la ponencia, memorias y autorizaci\u00f3n de publicaci\u00f3n<\/span><\/p>\n<\/td><td>\n<p><span class=\"post-content__span\"> <span>14 de abril del 2022<\/span><\/p>\n<\/td><\/tr><tr><td>\n<p><span class=\"post-content__span\"> <span>Publicaci\u00f3n de resultados<\/span><\/p>\n<\/td><td>\n<p><span class=\"post-content__span\"> <span>21 de abril del 2022<\/span><\/p>\n<\/td><\/tr><tr><td>\n<p><span class=\"post-content__span\"> <span>Jornada de Apropiaci\u00f3n Social del Conocimiento<\/span><\/p>\n<\/td><td>\n<p><span class=\"post-content__span\"> <span>&nbsp;<strong>APLAZADO<\/strong><\/span><\/p>\n<\/td><\/tr><\/tbody><\/table><\/figure>\n\n\n\n<h3 class=\"wp-block-heading\"><span><strong>CERTIFICACI\u00d3N DEL EVENTO<\/strong><\/span><\/h3>\n\n\n\n<p><span class=\"post-content__span\"> <span>A los investigadores que participen como ponentes en la primera Jornada de Apropiaci\u00f3n Social del Conocimiento de la Facultad de Bellas Artes y Humanidades <strong>INVESTIGACI\u00d3N, INNOVACI\u00d3N Y EXTENSI\u00d3N EN LA UTP<\/strong>\u201d, se les certifica:<\/span><\/p>\n\n\n\n<ul class=\"wp-block-list\">\n<li><span>Su participaci\u00f3n en el evento como ponente.<\/span><\/li>\n\n\n\n<li><span>Certificados de cap\u00edtulo de libro resultado de investigaci\u00f3n de acuerdo a los criterios definidos por MinCiencias.<\/span><\/li>\n<\/ul>\n\n\n\n<p><span class=\"post-content__span\"> <span><strong>ASISTENTES<\/strong><\/span><\/p>\n\n\n\n<figure class=\"wp-block-table is-style-stripes table\"><table class=\"has-fixed-layout\"><thead><tr><th>CRONOGRAMA<\/th><th>FECHAS<\/th><\/tr><\/thead><tbody><tr><td>\n<p><span class=\"post-content__span\"> <span>Registro de asistentes<\/span><\/p>\n<\/td><td>\n<p><span class=\"post-content__span\"> <span>28 de febrero al&nbsp; del 2022<\/span><\/p>\n<\/td><\/tr><tr><td>\n<p><span class=\"post-content__span\"> <span>Jornada de Apropiaci\u00f3n Social del Conocimiento<\/span><\/p>\n<\/td><td>\n<p><span class=\"post-content__span\"> <span>27 de abril del 2022<\/span><\/p>\n<\/td><\/tr><\/tbody><\/table><\/figure>\n\n\n\n<p><span class=\"post-content__span\"> <span>Se otorgar\u00e1 certificado de asistencia. Formulario de Inscripci\u00f3n: <strong><a href=\"https:\/\/forms.gle\/pJZKhQaREcttYFt46\">LINK<\/a><\/strong><\/span><\/p>\n\n\n\n<h3 class=\"wp-block-heading\"><span><strong><em>M\u00c1S INFORMACI\u00d3N<\/em><\/strong><\/span><\/h3>\n\n\n\n<p><span class=\"post-content__span\"> <span><strong>Jhonnier Adrian Rios Galvis<\/strong><\/span><\/p>\n\n\n\n<p><span class=\"post-content__span\"> <span>Vicerrector\u00eda de Investigaciones, Innovaci\u00f3n y Extensi\u00f3n<\/span><\/p>\n\n\n\n<p><span class=\"post-content__span\"> <span>Tel\u00e9fono: 3206095784<\/span><\/p>\n\n\n\n<p><span class=\"post-content__span\"> <span>Email: <a href=\"mailto:investigaciones@utp.edu.co\">investigaciones@utp.edu.co<\/a><\/span><\/p>\n","protected":false},"excerpt":{"rendered":"<p>PROGRAMACI\u00d3N [Ver] Programaci\u00f3n del evento jueves, 12 de mayo&nbsp;del 2022. INSCRIPCI\u00d3N ASISTENTES [Ver]&nbsp;\u200bFormulario de inscripci\u00f3n&nbsp; RESULTADOS \u200b[Ver] Listado Ponencias Inscritas y cumplimiento de requisitos. Fecha de publicaci\u00f3n:&nbsp;21&nbsp;de abril de 2022. [&#8230;]<\/p>\n","protected":false},"author":0,"featured_media":0,"comment_status":"closed","ping_status":"closed","sticky":false,"template":"","format":"standard","meta":{"footnotes":""},"categories":[7],"tags":[],"class_list":["post-4701","post","type-post","status-publish","format-standard","hentry","category-convocatorias"],"_links":{"self":[{"href":"https:\/\/vicerrectorias.utp.edu.co\/viie\/wp-json\/wp\/v2\/posts\/4701","targetHints":{"allow":["GET"]}}],"collection":[{"href":"https:\/\/vicerrectorias.utp.edu.co\/viie\/wp-json\/wp\/v2\/posts"}],"about":[{"href":"https:\/\/vicerrectorias.utp.edu.co\/viie\/wp-json\/wp\/v2\/types\/post"}],"replies":[{"embeddable":true,"href":"https:\/\/vicerrectorias.utp.edu.co\/viie\/wp-json\/wp\/v2\/comments?post=4701"}],"version-history":[{"count":4,"href":"https:\/\/vicerrectorias.utp.edu.co\/viie\/wp-json\/wp\/v2\/posts\/4701\/revisions"}],"predecessor-version":[{"id":11878,"href":"https:\/\/vicerrectorias.utp.edu.co\/viie\/wp-json\/wp\/v2\/posts\/4701\/revisions\/11878"}],"wp:attachment":[{"href":"https:\/\/vicerrectorias.utp.edu.co\/viie\/wp-json\/wp\/v2\/media?parent=4701"}],"wp:term":[{"taxonomy":"category","embeddable":true,"href":"https:\/\/vicerrectorias.utp.edu.co\/viie\/wp-json\/wp\/v2\/categories?post=4701"},{"taxonomy":"post_tag","embeddable":true,"href":"https:\/\/vicerrectorias.utp.edu.co\/viie\/wp-json\/wp\/v2\/tags?post=4701"}],"curies":[{"name":"wp","href":"https:\/\/api.w.org\/{rel}","templated":true}]}}