{"id":4681,"date":"2022-07-08T14:53:20","date_gmt":"2023-12-01T14:53:00","guid":{"rendered":""},"modified":"2024-02-08T21:35:54","modified_gmt":"2024-02-08T20:35:54","slug":"convocatoria-publicacion-de-capitulos-de-libro-resultado-de-investigacion-ano-2022-catedraticos","status":"publish","type":"post","link":"https:\/\/vicerrectorias.utp.edu.co\/viie\/convocatoria-publicacion-de-capitulos-de-libro-resultado-de-investigacion-ano-2022-catedraticos\/","title":{"rendered":"CONVOCATORIA PUBLICACI\u00d3N DE CAP\u00cdTULOS DE LIBRO RESULTADO DE INVESTIGACI\u00d3N A\u00d1O 2022 \u201cCATEDR\u00c1TICOS\u201d"},"content":{"rendered":"\n<h3 class=\"wp-block-heading\"><strong>RESULTADOS<\/strong><\/h3>\n\n\n\n<p><span class=\"post-content__span\"> <a href=\"https:\/\/media2.utp.edu.co\/archivos\/Resultados%20Convocatoria%20Cap.%20de%20libros%20catedraticos.pdf\"><strong>[Ver] TRABAJOS QUE SER\u00c1N PUBLICADOS POR LA EDITORIAL<\/strong><\/a><\/p>\n\n\n\n<p><span class=\"post-content__span\"> <strong>Fecha de publicaci\u00f3n:&nbsp;<\/strong>08 de julio de 2022.<\/p>\n\n\n\n<h3 class=\"wp-block-heading\"><strong>RESULTADOS<\/strong><\/h3>\n\n\n\n<p><span class=\"post-content__span\"> <a href=\"https:\/\/media2.utp.edu.co\/archivos\/Resultados%20Finales%20Convocatoria%20Cap.%20de%20libros%20catedraticos.pdf\"><strong>TRABAJOS QUE CUMPLIERON CON LOS REQUISITOS M\u00cdNIMOS [VER]<\/strong><\/a><\/p>\n\n\n\n<p><span class=\"post-content__span\"> <strong>Fecha de publicaci\u00f3n:&nbsp;<\/strong>20 de mayo de 2022<\/p>\n\n\n\n<hr class=\"wp-block-separator has-css-opacity\"\/>\n\n\n\n<h3 class=\"wp-block-heading\"><strong>&nbsp;ACUERDO CONSEJO ACAD\u00c9MICO No. 08<\/strong><\/h3>\n\n\n\n<p><span class=\"post-content__span\"> <a href=\"https:\/\/media2.utp.edu.co\/archivos\/Acuerdo%2BNo.%2B08%2BConvocatoria%2BInterna%2BCapi%CC%81tulos%2Bde%2BLibro%2BResultado%2BInvestigacio%CC%81n%2B2022.pdf\">POR MEDIO DEL CUAL SE APRUEBA LA CONVOCATORIA INTERNA PARA FOMENTAR&nbsp;LA PUBLICACI\u00d3N DE CAP\u00cdTULOS DE LIBRO RESULTADO DE INVESTIGACI\u00d3N A\u00d1O&nbsp;2022 &#8211; CATEDR\u00c1TICOS<\/a><\/p>\n\n\n\n<hr class=\"wp-block-separator has-css-opacity\"\/>\n\n\n\n<p><span class=\"post-content__span\"> La Vicerrector\u00eda de Investigaciones, Innovaci\u00f3n y Extensi\u00f3n de la Universidad Tecnol\u00f3gica de Pereira invita a participar en la presente convocatoria para la publicaci\u00f3n de cap\u00edtulos de libro resultados de proyectos de investigaci\u00f3n.<\/p>\n\n\n\n<h3 class=\"wp-block-heading\"><strong>OBJETIVO<\/strong><\/h3>\n\n\n\n<p><span class=\"post-content__span\"> Fomentar la producci\u00f3n intelectual de los grupos de investigaci\u00f3n de la Universidad Tecnol\u00f3gica de Pereira, a trav\u00e9s de la publicaci\u00f3n de trabajos resultado de proyectos de investigaci\u00f3n concluidos.<\/p>\n\n\n\n<h3 class=\"wp-block-heading\"><strong>DIRIGIDO A<\/strong><\/h3>\n\n\n\n<p><span class=\"post-content__span\"> Docentes Catedr\u00e1ticos pertenecientes a Grupos de Investigaci\u00f3n inscritos en la Vicerrector\u00eda de Investigaciones, Innovaci\u00f3n y Extensi\u00f3n de la Universidad Tecnol\u00f3gica de Pereira.<\/p>\n\n\n\n<h3 class=\"wp-block-heading\"><strong>REQUISITOS M\u00cdNIMOS PARA PARTICIPAR<\/strong><\/h3>\n\n\n\n<ol class=\"wp-block-list\">\n<li>Podr\u00e1n participar los docentes catedr\u00e1ticos pertenecientes a grupos de Investigaci\u00f3n inscritos en la Vicerrector\u00eda de Investigaciones, Innovaci\u00f3n y Extensi\u00f3n de la Universidad Tecnol\u00f3gica de Pereira.<\/li>\n\n\n\n<li>El autor deber\u00e1 estar registrado en el Google Scholar, Researchgate y en ORCID.<\/li>\n\n\n\n<li>Se publicar\u00e1n los cap\u00edtulos de libros resultados de proyectos concluidos, teniendo en cuenta los siguientes casos:<\/li>\n\n\n\n<li>Tesis producto de la formaci\u00f3n acad\u00e9mica del investigador (docente catedr\u00e1tico), en pregrado, maestr\u00eda o doctorado.<\/li>\n<\/ol>\n\n\n\n<p><span class=\"post-content__span\"> <strong>Nota:<\/strong> En este caso es necesario una certificaci\u00f3n del programa acad\u00e9mico donde se realiz\u00f3 la tesis para comprobar que es un proceso de investigaci\u00f3n.<\/p>\n\n\n\n<ol class=\"wp-block-list\" start=\"2\">\n<li>Proyectos concluidos entre los a\u00f1os 2017 y 2021, inscritos en la Vicerrector\u00eda de Investigaciones, Innovaci\u00f3n y Extensi\u00f3n donde el autor est\u00e9 vinculado como co investigador.<\/li>\n<\/ol>\n\n\n\n<p><span class=\"post-content__span\"> <strong>Nota:<\/strong> En este caso es necesario autorizaci\u00f3n del investigador principal para el uso de dicho proyecto en la presente convocatoria, teniendo en cuenta que el l\u00edmite de autores por cap\u00edtulo es uno (1).<\/p>\n\n\n\n<ol class=\"wp-block-list\" start=\"4\">\n<li>Los docentes catedr\u00e1ticos que presenten cap\u00edtulos de libros a la convocatoria deber\u00e1n encontrarse a paz y salvo en la Vicerrector\u00eda de Investigaciones, Innovaci\u00f3n y Extensi\u00f3n a la fecha de apertura de la presente convocatoria. (Informes Proyectos de Extensi\u00f3n, Informes Proyectos de Investigaci\u00f3n y Registros de Productos, Actualizaci\u00f3n del Grupo de Investigaci\u00f3n y Semilleros adscritos).<\/li>\n\n\n\n<li>El autor podr\u00e1 participar en la convocatoria con un proyecto diferente a los que se presentaron en:<\/li>\n<\/ol>\n\n\n\n<ol class=\"wp-block-list\">\n<li>Cuarta, Quinta y Sexta Jornada de Apropiaci\u00f3n Social del Conocimiento \u201c<strong>INVESTIGACI\u00d3N, INNOVACI\u00d3N Y EXTENSI\u00d3N EN LA UTP<\/strong>\u201d&nbsp;a\u00f1os 2019 al 2021<\/li>\n\n\n\n<li>Jornada de Apropiaci\u00f3n Social del Conocimiento Facultad de Ingenier\u00eda Mec\u00e1nica a\u00f1o 2020.<\/li>\n\n\n\n<li>Jornada de Apropiaci\u00f3n Social del Conocimiento Facultad de Ciencias Ambientales a\u00f1o 2020.<\/li>\n\n\n\n<li>Convocatoria para Fomentar la publicaci\u00f3n de cap\u00edtulos de libro resultado de investigaci\u00f3n a\u00f1o 2019 al 2021 (Grupos de Investigaci\u00f3n)<\/li>\n\n\n\n<li>Convocatoria para fomentar la publicaci\u00f3n de cap\u00edtulos de libros resultados de investigaci\u00f3n a\u00f1o 2020 catedr\u00e1ticos.<\/li>\n\n\n\n<li>Para la participaci\u00f3n en esta convocatoria se deber\u00e1 diligenciar el formulario: <strong><a href=\"https:\/\/docs.google.com\/forms\/d\/e\/1FAIpQLSdtTdzS7uJmcpoBykKooxr6iyoOwBETb-aWtPp9x2sPC3Tvnw\/viewform\">LINK<\/a><\/strong> y anexar los siguientes documentos:<\/li>\n<\/ol>\n\n\n\n<ul class=\"wp-block-list\">\n<li>Carta de intenci\u00f3n <strong><a href=\"https:\/\/media2.utp.edu.co\/archivos\/Anexo%201.%20carta%20de%20intenci%C3%B3n%20convocatoria%202022%20Catedraticos%281%29.docx\">(Anexo 1)<\/a><\/strong> para la participaci\u00f3n en la convocatoria donde se establezca que el trabajo corresponde a la l\u00ednea editorial Resultado de Investigaci\u00f3n, se debe indicar el c\u00f3digo y nombre del proyecto del cual fue resultado el cap\u00edtulo de libro que se postular\u00e1. Debe estar firmada por el autor del cap\u00edtulo de libro y el Director del grupo de investigaci\u00f3n que presenta el trabajo.<\/li>\n<\/ul>\n\n\n\n<p><span class=\"post-content__span\"> <strong>NOTA: <\/strong>Para la participaci\u00f3n en esta convocatoria se deben radicar la carta de intenci\u00f3n a trav\u00e9s del correo electr\u00f3nico <strong><a href=\"mailto:lazos@utp.edu.co\">lazos@utp.edu.co<\/a><\/strong> dirigido a la Vicerrector\u00eda de Investigaciones, Innovaci\u00f3n y Extensi\u00f3n con Asunto: CONVOCATORIA PARA FOMENTAR LA PUBLICACI\u00d3N DE CAP\u00cdTULOS DE LIBRO RESULTADO DE INVESTIGACI\u00d3N A\u00d1O 2022 &#8211; CATEDR\u00c1TICOS.<\/p>\n\n\n\n<ul class=\"wp-block-list\">\n<li>Documento en archivo digital del cap\u00edtulo de libro a publicar <strong><a href=\"https:\/\/media2.utp.edu.co\/archivos\/Anexo%202%20Formato%20Capitulo%20de%20libro%20Catedraticos%281%29.docx\">(Anexo 2)<\/a><\/strong>. El documento debe ser in\u00e9dito y cumplir con los requisitos establecidos en el numeral 2 y contar con correcci\u00f3n de texto (redacci\u00f3n, ortograf\u00eda y normas) previa por parte del autor y validada en la evaluaci\u00f3n interna realizada por la facultad.<\/li>\n\n\n\n<li>Certificaci\u00f3n del programa acad\u00e9mico donde se realiz\u00f3 la tesis. (si es el caso).<\/li>\n\n\n\n<li>Autorizaci\u00f3n para el uso del proyecto firmada por el director del grupo de investigaci\u00f3n y el investigador principal. (si es el caso).<\/li>\n\n\n\n<li>Aval del consejo de facultad y evaluaci\u00f3n interna.<\/li>\n<\/ul>\n\n\n\n<h3 class=\"wp-block-heading\"><strong>REQUISITOS DEL DOCUMENTO<\/strong><\/h3>\n\n\n\n<ol class=\"wp-block-list\">\n<li>El material debe ser original e in\u00e9dito.<\/li>\n\n\n\n<li>Solo se permite un autor por cap\u00edtulo de libro postulado para la presente convocatoria.<\/li>\n\n\n\n<li>Los nombres de los archivos deben hacer referencia a su contenido.<\/li>\n\n\n\n<li>El material entregado por el autor, debe estar capturado en el procesador de textos Word, letra Times New Rom\u00e1n y tama\u00f1o de hoja carta (21.5 x 28 cm).<\/li>\n\n\n\n<li>Citas bibliogr\u00e1ficas seg\u00fan el \u00e1rea del conocimiento establecido (APA, Icontec, Vancouver, IEEE, etc.)<\/li>\n\n\n\n<li>Debe tener una extensi\u00f3n m\u00ednima de doce (12) p\u00e1ginas y m\u00e1ximo veinte (20) p\u00e1ginas.<\/li>\n\n\n\n<li>Su contenido debe estar redactado en Letra Times New Rom\u00e1n tama\u00f1o de fuente 9 puntos \u2013 justificado a la izquierda \u2013 sin sangr\u00eda \u2013 con doble espacio entre p\u00e1rrafos).<\/li>\n\n\n\n<li>Normas Tipogr\u00e1ficas Texto del cuerpo del cap\u00edtulo de Libro:<\/li>\n<\/ol>\n\n\n\n<ul class=\"wp-block-list\">\n<li><strong>T\u00edtulo <\/strong><strong>del cap\u00edtulo<\/strong>: (Times New Rom\u00e1n &#8211; 18 \u2013 negrita \u2013 alineado a la derecha).<\/li>\n\n\n\n<li>(<strong>Subtitulo<\/strong>): (Times New Rom\u00e1n &#8211; 14 \u2013 negrita \u2013 alineado a la izquierda).<\/li>\n\n\n\n<li>(<strong>Sub<\/strong><strong>-apartado<\/strong>): (Times New Rom\u00e1n &#8211; 12 \u2013 negrita &#8211; alineado a la izquierda).<\/li>\n\n\n\n<li><strong>Texto<\/strong>: (Times New Rom\u00e1n \u2013 9 \u2013 justificado a la izquierda \u2013 sin sangr\u00eda \u2013 con doble espacio entre p\u00e1rrafos).<\/li>\n\n\n\n<li><strong>Pie de p\u00e1gina<\/strong>: (Times New Rom\u00e1n \u2013 8 \u2013 justificado a la izquierda \u2013 sangr\u00eda 6mm).<\/li>\n\n\n\n<li><strong>Pie de foto<\/strong> &#8211; gr\u00e1fico \u2013 tabla: (Times New Rom\u00e1n \u2013 9 \u2013 centrado).<\/li>\n\n\n\n<li><strong>Citas \u2013 Notas<\/strong>: (Times New Rom\u00e1n \u2013 9 \u2013 justificado a la izquierda \u2013 sangr\u00eda 10mm).<\/li>\n<\/ul>\n\n\n\n<ol class=\"wp-block-list\" start=\"9\">\n<li>&nbsp;Resumen en m\u00e1ximo 500 palabras<\/li>\n\n\n\n<li>M\u00e1ximo cinco (5) palabras clave en letra Times New Rom\u00e1n 9 puntos<\/li>\n<\/ol>\n\n\n\n<h3 class=\"wp-block-heading\"><strong>CRITERIOS DE EVALUACI\u00d3N<\/strong><\/h3>\n\n\n\n<p><span class=\"post-content__span\"> <strong>Criterios de Exclusi\u00f3n: <\/strong><\/p>\n\n\n\n<ul class=\"wp-block-list\">\n<li>El Comit\u00e9 Editorial revisar\u00e1 el cumplimiento de requisitos m\u00ednimos y establecer\u00e1 si algunos de los criterios son subsanables.<\/li>\n\n\n\n<li>Se excluir\u00e1n del proceso de la convocatoria los trabajos que no cumplan con el porcentaje definido en el manual de lineamientos y en el reglamento editorial sobre el \u00edndice de coincidencia y similitud. (30%)<\/li>\n\n\n\n<li>Si el proyecto ya se present\u00f3 y el cap\u00edtulo postulado fue publicado en algunas de las siguientes jornadas o convocatorias:<\/li>\n<\/ul>\n\n\n\n<ol class=\"wp-block-list\">\n<li>Cuarta, Quinta y Sexta Jornada de Apropiaci\u00f3n Social del Conocimiento \u201c<strong>INVESTIGACI\u00d3N, INNOVACI\u00d3N Y EXTENSI\u00d3N EN LA UTP<\/strong>\u201d a\u00f1os 2019 al 2021<\/li>\n\n\n\n<li>Jornada de Apropiaci\u00f3n Social del Conocimiento Facultad de Ingenier\u00eda Mec\u00e1nica a\u00f1o 2020.<\/li>\n\n\n\n<li>Jornada de Apropiaci\u00f3n Social del Conocimiento Facultad de Ciencias Ambientales a\u00f1o 2020.<\/li>\n\n\n\n<li>Convocatoria para Fomentar la publicaci\u00f3n de cap\u00edtulos de libro resultado de investigaci\u00f3n a\u00f1os 2019 al 2021(Grupos de Investigaci\u00f3n).<\/li>\n\n\n\n<li>Convocatoria para fomentar la publicaci\u00f3n de cap\u00edtulos de libros resultados de investigaci\u00f3n a\u00f1o 2020 catedr\u00e1ticos.<\/li>\n<\/ol>\n\n\n\n<p><span class=\"post-content__span\"> <strong>Criterios de evaluaci\u00f3n y Selecci\u00f3n<\/strong><\/p>\n\n\n\n<ul class=\"wp-block-list\">\n<li>Promedio de las evaluaciones externas del cap\u00edtulo del libro.<\/li>\n<\/ul>\n\n\n\n<p><span class=\"post-content__span\"> <strong>Nota 1: <\/strong>La Vicerrector\u00eda de Investigaci\u00f3n, Innovaci\u00f3n y Extensi\u00f3n publicar\u00e1 el banco de elegibles seg\u00fan la revisi\u00f3n realizada. El banco de elegibles tendr\u00e1 vigencia \u00fanicamente de un a\u00f1o, por lo cual, los cap\u00edtulos de libros que no puedan ser publicados durante el 2022 podr\u00e1n participar en futuras convocatorias.<\/p>\n\n\n\n<p><span class=\"post-content__span\"> <strong>Nota 2: <\/strong>La recepci\u00f3n de un trabajo no implica obligatoriedad ni compromiso alguno para la Universidad de publicar.<\/p>\n\n\n\n<h3 class=\"wp-block-heading\"><strong>CRONOGRAMA DE INSCRIPCI\u00d3N<\/strong><\/h3>\n\n\n\n<figure class=\"wp-block-table table\"><table><thead><tr><th>ACTIVIDAD<\/th><th>FECHA<\/th><\/tr><\/thead><tbody><tr><td>\n<p><span class=\"post-content__span\"> Aprobaci\u00f3n de criterios de la convocatoria por el Comit\u00e9 Editorial.&nbsp;<\/p>\n<\/td><td>\n<p><span class=\"post-content__span\"> 11 febrero del 2022<\/p>\n<\/td><\/tr><tr><td>\n<p><span class=\"post-content__span\"> Aprobaci\u00f3n de criterios de la convocatoria por el Consejo Acad\u00e9mico.<\/p>\n<\/td><td>\n<p><span class=\"post-content__span\"> &nbsp;23 febrero 2022<\/p>\n<\/td><\/tr><tr><td>\n<p><span class=\"post-content__span\"> Apertura de la convocatoria.<\/p>\n<\/td><td>\n<p><span class=\"post-content__span\"> 28 de febrero del 2022<\/p>\n<\/td><\/tr><tr><td>\n<p><span class=\"post-content__span\"> Fecha m\u00e1xima de solicitud de aval del Consejo de Facultad y evaluaci\u00f3n interna.&nbsp;<\/p>\n<\/td><td>\n<p><span class=\"post-content__span\"> 28 de marzo &nbsp;de 2022<\/p>\n<\/td><\/tr><tr><td>\n<p><span class=\"post-content__span\"> Fecha m\u00e1xima de registro de propuestas (con el aval del Consejo de Facultad y la evaluaci\u00f3n interna) hasta las 11:59 p.m.<\/p>\n<p><span class=\"post-content__span\"> <strong>NOTA: Favor validar el horario de atenci\u00f3n de gesti\u00f3n de documentos para la radicaci\u00f3n de la carta de postulaci\u00f3n.<\/strong><\/p>\n<\/td><td>\n<p><span class=\"post-content__span\"> 13 de mayo del 2022<\/p>\n<\/td><\/tr><tr><td>\n<p><span class=\"post-content__span\"> Publicaci\u00f3n de resultados de los trabajos que cumplieron con los requisitos m\u00ednimos de la convocatoria.<\/p>\n<\/td><td>\n<p><span class=\"post-content__span\"> 20 de mayo del 2022<\/p>\n<\/td><\/tr><tr><td>\n<p><span class=\"post-content__span\"> Consultas y aclaraci\u00f3n de inquietudes sobre resultados del banco preliminar.<\/p>\n<\/td><td>\n<p><span class=\"post-content__span\"> 23 y 24 de mayo del 2022<\/p>\n<\/td><\/tr><tr><td>\n<p><span class=\"post-content__span\"> Tiempo para la evaluaci\u00f3n de pares externos.<\/p>\n<\/td><td>\n<p><span class=\"post-content__span\"> 25 de mayo al 30 de junio 2022<\/p>\n<\/td><\/tr><tr><td>\n<p><span class=\"post-content__span\"> Publicaci\u00f3n de resultados de las evaluaciones externas (banco de elegibles)<\/p>\n<\/td><td>\n<p><span class=\"post-content__span\"> 8 de julio del 2022<\/p>\n<\/td><\/tr><tr><td>\n<p><span class=\"post-content__span\"> Consultas y aclaraci\u00f3n de inquietudes sobre resultados del banco de elegibles.<\/p>\n<\/td><td>\n<p><span class=\"post-content__span\"> 11 y 12 de julio del 2022<\/p>\n<\/td><\/tr><tr><td>\n<p><span class=\"post-content__span\"> Publicaci\u00f3n de resultados finales.<\/p>\n<\/td><td>\n<p><span class=\"post-content__span\"> 15 de julio del 2022<\/p>\n<\/td><\/tr><\/tbody><\/table><\/figure>\n\n\n\n<p><span class=\"post-content__span\"> <strong>NOTA:<\/strong> El Consejo Acad\u00e9mico de la Universidad Tecnol\u00f3gica de Pereira autoriza a la Vicerrector\u00eda de Investigaciones, Innovaci\u00f3n y Extensi\u00f3n, previa recomendaci\u00f3n del Comit\u00e9 Editorial, para modificar el cronograma de la presente convocatoria cuando las circunstancias lo requieran, modificaci\u00f3n que ser\u00e1 publicada a trav\u00e9s de adendas a la presente convocatoria.<\/p>\n\n\n\n<h3 class=\"wp-block-heading\"><strong>ANEXOS<\/strong><\/h3>\n\n\n\n<ul class=\"wp-block-list\">\n<li><a href=\"https:\/\/media2.utp.edu.co\/archivos\/CONVOCATORIA%20CATEDRATICOS%20CAP%20LIBRO%20RESULTADO%20DE%20INVESTIGACI%C3%93N%202022.pdf\"><strong>T\u00c9RMINOS DE REFERENCIA: [VER]<\/strong><\/a><\/li>\n\n\n\n<li><a href=\"https:\/\/media2.utp.edu.co\/archivos\/Anexo%201.%20carta%20de%20intenci%C3%B3n%20convocatoria%202022%20Catedraticos.docx\"><strong>Anexo 1<\/strong>. Carta de intenci\u00f3n<\/a><\/li>\n\n\n\n<li><a href=\"https:\/\/media2.utp.edu.co\/archivos\/Anexo%202%20Formato%20Capitulo%20de%20libro%20Catedraticos.docx\"><strong>Anexo 2<\/strong>. Formato de cap\u00edtulo.<\/a><\/li>\n<\/ul>\n\n\n\n<h3 class=\"wp-block-heading\"><span><strong>INFORMACI\u00d3N<\/strong><\/span><\/h3>\n\n\n\n<p><span class=\"post-content__span\"> Vicerrector\u00eda de Investigaciones, Innovaci\u00f3n y Extensi\u00f3n.<\/p>\n\n\n\n<p><span class=\"post-content__span\"> <strong>Email: <a href=\"http:\/\/investigaciones@utp.edu.co\">investigaciones@utp.edu.co<\/a><\/strong><\/p>\n","protected":false},"excerpt":{"rendered":"<p>RESULTADOS [Ver] TRABAJOS QUE SER\u00c1N PUBLICADOS POR LA EDITORIAL Fecha de publicaci\u00f3n:&nbsp;08 de julio de 2022. RESULTADOS TRABAJOS QUE CUMPLIERON CON LOS REQUISITOS M\u00cdNIMOS [VER] Fecha de publicaci\u00f3n:&nbsp;20 de mayo [&#8230;]<\/p>\n","protected":false},"author":0,"featured_media":0,"comment_status":"closed","ping_status":"closed","sticky":false,"template":"","format":"standard","meta":{"footnotes":""},"categories":[7],"tags":[],"class_list":["post-4681","post","type-post","status-publish","format-standard","hentry","category-convocatorias"],"_links":{"self":[{"href":"https:\/\/vicerrectorias.utp.edu.co\/viie\/wp-json\/wp\/v2\/posts\/4681","targetHints":{"allow":["GET"]}}],"collection":[{"href":"https:\/\/vicerrectorias.utp.edu.co\/viie\/wp-json\/wp\/v2\/posts"}],"about":[{"href":"https:\/\/vicerrectorias.utp.edu.co\/viie\/wp-json\/wp\/v2\/types\/post"}],"replies":[{"embeddable":true,"href":"https:\/\/vicerrectorias.utp.edu.co\/viie\/wp-json\/wp\/v2\/comments?post=4681"}],"version-history":[{"count":3,"href":"https:\/\/vicerrectorias.utp.edu.co\/viie\/wp-json\/wp\/v2\/posts\/4681\/revisions"}],"predecessor-version":[{"id":11870,"href":"https:\/\/vicerrectorias.utp.edu.co\/viie\/wp-json\/wp\/v2\/posts\/4681\/revisions\/11870"}],"wp:attachment":[{"href":"https:\/\/vicerrectorias.utp.edu.co\/viie\/wp-json\/wp\/v2\/media?parent=4681"}],"wp:term":[{"taxonomy":"category","embeddable":true,"href":"https:\/\/vicerrectorias.utp.edu.co\/viie\/wp-json\/wp\/v2\/categories?post=4681"},{"taxonomy":"post_tag","embeddable":true,"href":"https:\/\/vicerrectorias.utp.edu.co\/viie\/wp-json\/wp\/v2\/tags?post=4681"}],"curies":[{"name":"wp","href":"https:\/\/api.w.org\/{rel}","templated":true}]}}