{"id":4671,"date":"2022-08-12T15:23:57","date_gmt":"2023-12-01T14:53:00","guid":{"rendered":""},"modified":"2024-02-08T21:27:36","modified_gmt":"2024-02-08T20:27:36","slug":"convocatoria-interna-para-fomentar-la-publicacion-de-libros-resultado-de-investigacion-ano-2022","status":"publish","type":"post","link":"https:\/\/vicerrectorias.utp.edu.co\/viie\/convocatoria-interna-para-fomentar-la-publicacion-de-libros-resultado-de-investigacion-ano-2022\/","title":{"rendered":"CONVOCATORIA INTERNA PARA FOMENTAR LA PUBLICACI\u00d3N DE LIBROS  RESULTADO DE INVESTIGACI\u00d3N A\u00d1O 2022"},"content":{"rendered":"\n<h3 class=\"wp-block-heading\"><span><strong>RESULTADOS<\/strong><\/span><\/h3>\n\n\n\n<p><span class=\"post-content__span\"> <a href=\"https:\/\/media2.utp.edu.co\/archivos\/CONVOCATORIA%20trabajos%20de%20investigacion%20ganadores%202022.pdf\"><strong>[Ver]&nbsp;TRABAJOS QUE SER\u00c1N PUBLICADOS POR LA EDITORIAL<\/strong><\/a><\/p>\n\n\n\n<p><span class=\"post-content__span\"> <strong>\u200b\u200b\u200b\u200b\u200b\u200b\u200b\u200bFecha de Publicaci\u00f3n:<\/strong>&nbsp;12 de agosto&nbsp;del 2022<\/p>\n\n\n\n<h3 class=\"wp-block-heading\"><span><strong>PUBLICACI\u00d3N<\/strong><\/span><\/h3>\n\n\n\n<p><span class=\"post-content__span\"> <a href=\"https:\/\/media2.utp.edu.co\/archivos\/CONVOCATORIA%20trabajos%20de%20investigacion%20requisitos%20minimos%202022.pdf\"><strong>\u200b[Ver]&nbsp;PROPUESTAS QUE CUMPLIERON CON LOS REQUISITOS M\u00cdNIMOS&nbsp;<\/strong><\/a><\/p>\n\n\n\n<p><span class=\"post-content__span\"> <strong>\u200b\u200b\u200b\u200b\u200b\u200b\u200b\u200bFecha de Publicaci\u00f3n:<\/strong>&nbsp;13 de junio de 2022<\/p>\n\n\n\n<h3 class=\"wp-block-heading\"><strong>&nbsp;ACUERDO CONSEJO ACAD\u00c9MICO No. 06<\/strong><\/h3>\n\n\n\n<p><span class=\"post-content__span\"> <a href=\"https:\/\/media2.utp.edu.co\/archivos\/Acuerdo%2BNo.%2B06%2BConvocatoria%2BInterna%2BLibros%2BResultado%2BInvestigacio%CC%81n%2B2022.pdf\">POR MEDIO DEL CUAL SE APRUEBA LA CONVOCATORIA INTERNA PARA FOMENTAR&nbsp;LA PUBLICACI\u00d3N DE LIBROS RESULTADO DE INVESTIGACI\u00d3N A\u00d1O 2022.<\/a><\/p>\n\n\n\n<hr class=\"wp-block-separator has-css-opacity\"\/>\n\n\n\n<p><span class=\"post-content__span\"> La Vicerrector\u00eda de Investigaciones, Innovaci\u00f3n y Extensi\u00f3n de la Universidad Tecnol\u00f3gica de Pereira invita a participar en la presente convocatoria para financiar la publicaci\u00f3n de libros resultado de investigaci\u00f3n cumpliendo los siguientes t\u00e9rminos:<\/p>\n\n\n\n<h3 class=\"wp-block-heading\">&nbsp;<strong>OBJETIVO:<\/strong><\/h3>\n\n\n\n<p><span class=\"post-content__span\"> Fomentar la producci\u00f3n intelectual de los grupos de investigaci\u00f3n de la Universidad Tecnol\u00f3gica de Pereira, a trav\u00e9s de la publicaci\u00f3n de libros resultado de investigaci\u00f3n.<\/p>\n\n\n\n<h3 class=\"wp-block-heading\"><strong>DIRIGIDO A:<\/strong><\/h3>\n\n\n\n<p><span class=\"post-content__span\"> Grupos de Investigaci\u00f3n inscritos en la Vicerrector\u00eda de Investigaciones, Innovaci\u00f3n y Extensi\u00f3n de la Universidad Tecnol\u00f3gica de Pereira y que hayan participado en la Convocatoria nacional para el reconocimiento y medici\u00f3n de grupos de investigaci\u00f3n, desarrollo tecnol\u00f3gico o de innovaci\u00f3n y para el reconocimiento de investigadores del Sistema Nacional de Ciencia, Tecnolog\u00eda e Innovaci\u00f3n &#8211; SNCTI 2021 (No 894 de 2021).<\/p>\n\n\n\n<h3 class=\"wp-block-heading\"><strong>&nbsp;REQUISITOS M\u00cdNIMOS PARA PARTICIPAR<\/strong><\/h3>\n\n\n\n<ol class=\"wp-block-list\">\n<li>Podr\u00e1n participar los grupos de Investigaci\u00f3n inscritos en la Vicerrector\u00eda de Investigaciones, Innovaci\u00f3n y Extensi\u00f3n de la Universidad Tecnol\u00f3gica de Pereira y que hayan participado en la Convocatoria nacional para el reconocimiento y medici\u00f3n de grupos de investigaci\u00f3n, desarrollo tecnol\u00f3gico o de innovaci\u00f3n y para el reconocimiento de investigadores del Sistema Nacional de Ciencia, Tecnolog\u00eda e Innovaci\u00f3n &#8211; SNCTI 2021 (No 894 de 2021).<\/li>\n\n\n\n<li>Como m\u00ednimo, uno de los autores del libro postulado deber\u00e1 pertenecer al grupo de investigaci\u00f3n que presenta el trabajo.<\/li>\n\n\n\n<li>Los autores del libro postulado deber\u00e1n estar vinculados al proyecto de investigaci\u00f3n del cual es resultado el libro antes de la fecha de apertura de la presente convocatoria.&nbsp; (<strong>febrero 28 de 2022)<\/strong><\/li>\n\n\n\n<li>Los autores de los libros resultado de investigaci\u00f3n deber\u00e1n ser docentes de planta o transitorios adscritos a la Universidad Tecnol\u00f3gica de Pereira. Se aceptan como coautores docentes catedr\u00e1ticos y personal externo, siempre y cuando se encuentren registrados en el proyecto del cual es resultado el libro, antes de la fecha de apertura de la presente convocatoria. (<strong>febrero 28 de 2022)<\/strong><\/li>\n\n\n\n<li>Los autores del libro (docentes UTP) deber\u00e1n registrarse en el Google Scholar, researchgate y en ORCID.<\/li>\n<\/ol>\n\n\n\n<ol class=\"wp-block-list\" start=\"6\">\n<li>Se financiar\u00e1 la publicaci\u00f3n de libros resultados de proyectos concluidos entre el a\u00f1o 2017 y 2021 o en ejecuci\u00f3n (70% de ejecuci\u00f3n como m\u00ednimo) con o sin financiaci\u00f3n inscritos en la Vicerrector\u00eda de Investigaciones, Innovaci\u00f3n y Extensi\u00f3n. Solo se aceptar\u00e1n los resultados de proyectos con financiaci\u00f3n que no contaban con recursos para publicaciones (Art\u00edculos y Libros) durante la ejecuci\u00f3n del proyecto.<\/li>\n\n\n\n<li>Los autores de los trabajos de investigaci\u00f3n que se postulen a la presente convocatoria deber\u00e1n encontrarse a Paz y Salvo en la Vicerrector\u00eda de Investigaciones, Innovaci\u00f3n y Extensi\u00f3n por todo concepto a la fecha de cierre de la convocatoria. (Informes Proyectos de Extensi\u00f3n, Informes Proyectos de Investigaci\u00f3n y Registros de Productos, Actualizaci\u00f3n del Grupo de Investigaci\u00f3n y Semilleros adscritos).<\/li>\n\n\n\n<li>Se aceptar\u00e1n proyectos que hayan concluido entre el a\u00f1o 2017 y 2021 adem\u00e1s de los proyectos que se encuentren actualmente con un porcentaje de ejecuci\u00f3n del 70% como m\u00ednimo.<\/li>\n\n\n\n<li>Se podr\u00e1n presentar hasta dos postulaciones por grupo de investigaci\u00f3n para financiar la publicaci\u00f3n en forma impresa o digital de libros resultados de investigaci\u00f3n hasta por un valor m\u00e1ximo de $6.000.000. Los libros que excedan el valor m\u00e1ximo de $6.000.000 se publicar\u00e1n en forma digital. Se priorizar\u00e1 la publicaci\u00f3n de un trabajo de investigaci\u00f3n por grupo y de contar con recursos se asignar\u00e1n en orden descendente por el promedio de las evaluaciones externas de mayor a menor.<\/li>\n\n\n\n<li>Los autores s\u00f3lo podr\u00e1n participar en una de las convocatorias orientadas a la publicaci\u00f3n de libros (Investigaci\u00f3n, Ensayo o Texto).<\/li>\n\n\n\n<li>Para la participaci\u00f3n en esta convocatoria se deber\u00e1 diligenciar el formulario: <strong><a href=\"https:\/\/docs.google.com\/forms\/d\/e\/1FAIpQLSe3qbnNLbWUe27bt37P4p80EwgjkdSn5XcPLvAROtK3Jna-JQ\/viewform\">REGISTRAR FORMULARIO<\/a><\/strong> y anexar los siguientes documentos:<\/li>\n<\/ol>\n\n\n\n<ul class=\"wp-block-list\">\n<li>Carta de intenci\u00f3n con n\u00famero de radicaci\u00f3n en PDF <a href=\"https:\/\/media2.utp.edu.co\/archivos\/Anexo%201.%20carta%20de%20intenci%C3%B3n%20convocatoria%202022%20Investigaci%C3%B3n%284%29.docx\"><strong>(Anexo 1)<\/strong><\/a> para la participaci\u00f3n en la convocatoria donde se establezca que el trabajo corresponde a la l\u00ednea editorial Resultado de Investigaci\u00f3n, se debe indicar el c\u00f3digo y nombre del proyecto del cual fue resultado el libro que se postular\u00e1. Debe estar firmada por el autor del libro y el Director del grupo de investigaci\u00f3n que presenta el trabajo.<\/li>\n<\/ul>\n\n\n\n<p><span class=\"post-content__span\"> <strong>NOTA: La carta deber\u00e1 ser radicada a trav\u00e9s del correo electr\u00f3nico <\/strong><a href=\"mailto:lazos@utp.edu.co\"><strong>lazos@utp.edu.co<\/strong><\/a><\/p>\n\n\n\n<ul class=\"wp-block-list\">\n<li>Formato de registro de datos de autores <a href=\"https:\/\/media2.utp.edu.co\/archivos\/Anexo%202.%20Formato%20de%20registro%20de%20datos%20de%20autores-2%289%29.xlsx\"><strong>(Anexo 2)&nbsp; <\/strong>&nbsp;<\/a><\/li>\n\n\n\n<li>Documento en archivo digital del libro a publicar en PDF. El documento debe ser in\u00e9dito y cumplir con los requisitos establecidos en el Manual de Lineamientos de la Editorial UTP y contar con correcci\u00f3n de texto (redacci\u00f3n, ortograf\u00eda y normas) previa por parte del autor y validada en la evaluaci\u00f3n interna realizada por la facultad. <a href=\"https:\/\/media2.utp.edu.co\/archivos\/Manual%20de%20Lineamientos%20final%202021%288%29.pdf\"><strong>(Anexo 4).<\/strong><\/a><\/li>\n\n\n\n<li>Carta de Aval del Consejo de Facultad respectivo para la publicaci\u00f3n del libro y la evaluaci\u00f3n interna realizada en formato PDF.<\/li>\n<\/ul>\n\n\n\n<h3 class=\"wp-block-heading\"><strong>CRITERIOS DE EVALUACI\u00d3N<\/strong><\/h3>\n\n\n\n<p><span class=\"post-content__span\"> <strong>Criterios de Exclusi\u00f3n<\/strong><\/p>\n\n\n\n<ol class=\"wp-block-list\">\n<li>El Comit\u00e9 Editorial revisar\u00e1 el cumplimiento de requisitos m\u00ednimos y establecer\u00e1 si algunos de los criterios son subsanables.<\/li>\n\n\n\n<li>El Comit\u00e9 Editorial verificar\u00e1 que el proyecto de investigaci\u00f3n (C\u00f3digo del Proyecto registrado en la Vicerrector\u00eda de Investigaci\u00f3n, Innovaci\u00f3n y Extensi\u00f3n) no haya sido financiado en convocatorias anteriores para la publicaci\u00f3n de libros resultados de investigaci\u00f3n.<\/li>\n\n\n\n<li>Se excluir\u00e1n del proceso de la convocatoria los trabajos que no cumplan con el porcentaje definido en el manual de lineamientos y en el reglamento editorial sobre el \u00edndice de coincidencia y similitud. (30%)<\/li>\n<\/ol>\n\n\n\n<p><span class=\"post-content__span\"> <strong>Criterios de evaluaci\u00f3n y Selecci\u00f3n<\/strong><\/p>\n\n\n\n<ol class=\"wp-block-list\">\n<li>El Comit\u00e9 Editorial revisar\u00e1 los resultados de las evaluaciones externas de pares (Promedio) y aprobar\u00e1 una lista de banco de elegibles seg\u00fan puntuaci\u00f3n final y organizada de mayor a menor. Los libros a financiar quedar\u00e1n sujetos a la disponibilidad presupuestal de la Vicerrector\u00eda de Investigaciones, Innovaci\u00f3n y Extensi\u00f3n.<\/li>\n<\/ol>\n\n\n\n<p><span class=\"post-content__span\"> <strong>Nota 1:<\/strong> El banco de elegibles tendr\u00e1 vigencia \u00fanicamente de un a\u00f1o, por lo cual, los libros que no puedan ser financiados durante la vigencia fiscal del 2022 podr\u00e1n participar en futuras convocatorias.<\/p>\n\n\n\n<p><span class=\"post-content__span\"> <strong>Nota 2<\/strong>: La recepci\u00f3n de un trabajo no implica obligatoriedad ni compromiso alguno para la Universidad de asignar recursos, ni genera derecho a recibir apoyos econ\u00f3micos para los trabajos presentados en esta convocatoria.<\/p>\n\n\n\n<h3 class=\"wp-block-heading\"><strong>CRONOGRAMA:<\/strong><\/h3>\n\n\n\n<figure class=\"wp-block-table table\"><table><thead><tr><th>ACTIVIDAD<\/th><th>FECHA<\/th><\/tr><\/thead><tbody><tr><td>Aprobaci\u00f3n de criterios de la convocatoria por el Comit\u00e9 Editorial<\/td><td><strong>Febrero <\/strong><strong>11&nbsp; de 2022<\/strong><\/td><\/tr><tr><td>Aprobaci\u00f3n de criterios de la convocatoria por el Consejo Acad\u00e9mico<\/td><td><strong>Febrero<\/strong><strong> 23 de 2022<\/strong><\/td><\/tr><tr><td>Apertura de la Convocatoria<\/td><td><strong>Febrero 2<\/strong><strong>8&nbsp; de 2022<\/strong><\/td><\/tr><tr><td>Fecha m\u00e1xima de solicitud de aval del Consejo de Facultad y evaluaci\u00f3n interna.&nbsp;<\/td><td><strong>Abril 18 de 2022<\/strong><\/td><\/tr><tr><td>Fecha m\u00e1xima de registro de propuestas (con el aval del Consejo de Facultad y la evaluaci\u00f3n interna) hasta las 11:59 p.m. <strong>NOTA: Favor validar el horario de atenci\u00f3n de gesti\u00f3n de documentos para la radicaci\u00f3n de la carta de postulaci\u00f3n.<\/strong><\/td><td><strong>Mayo 27 de 202<\/strong><strong>2<\/strong><\/td><\/tr><tr><td>Revisi\u00f3n de cumplimiento de requisitos m\u00ednimos por parte del Comit\u00e9 Editorial.<\/td><td><strong>Junio 10 de 2022<\/strong><\/td><\/tr><tr><td>Publicaci\u00f3n de resultados de los trabajos&nbsp; que cumplieron con los requisitos m\u00ednimos.<\/td><td><strong>Junio 13 de 202<\/strong><strong>2<\/strong><\/td><\/tr><tr><td>Consultas y aclaraci\u00f3n de inquietudes sobre resultados publicados de los trabajos&nbsp; que cumplieron con los requisitos m\u00ednimos \u2013 enviar solicitud al correo electr\u00f3nico (procesoeditorial@utp.edu.co)<\/td><td><strong>Junio 14 y 15 de 202<\/strong><strong>2<\/strong><\/td><\/tr><tr><td>Tiempo para la evaluaci\u00f3n de pares externos<\/td><td><strong>Junio 15 a Julio 29 de 202<\/strong><strong>2<\/strong><\/td><\/tr><tr><td>Revisi\u00f3n de resultados de las evaluaciones externas por Comit\u00e9 Editorial.<\/td><td><strong>Agosto 5 de 202<\/strong><strong>2<\/strong><\/td><\/tr><tr><td>Publicaci\u00f3n de resultados finales<\/td><td><strong>Agosto 12 de 202<\/strong><strong>2<\/strong><\/td><\/tr><\/tbody><\/table><\/figure>\n\n\n\n<p><span class=\"post-content__span\"> <strong>NOTA:<\/strong> El Consejo Acad\u00e9mico de la Universidad Tecnol\u00f3gica de Pereira autoriza a la Vicerrector\u00eda de Investigaciones, Innovaci\u00f3n y Extensi\u00f3n, previa recomendaci\u00f3n del Comit\u00e9 Editorial, para modificar el cronograma de la presente convocatoria cuando las circunstancias lo requieran, modificaci\u00f3n que ser\u00e1 publicada a trav\u00e9s de adendas a la presente convocatoria.<\/p>\n\n\n\n<h3 class=\"wp-block-heading\"><strong>&nbsp;ANEXOS<\/strong><\/h3>\n\n\n\n<ul class=\"wp-block-list\">\n<li><a href=\"https:\/\/media2.utp.edu.co\/archivos\/CONVOCATORIA%20TRABAJOS%20DE%20INVESTIGACION%202022-2%283%29.pdf\"><strong>T\u00c9RMINOS DE REFERENCIA: [VER]<\/strong><\/a><\/li>\n\n\n\n<li><a href=\"https:\/\/media2.utp.edu.co\/archivos\/Anexo%201.%20carta%20de%20intenci%C3%B3n%20convocatoria%202022%20Investigaci%C3%B3n%283%29.docx\"><strong>Anexo 1. <\/strong><\/a><a href=\"https:\/\/media2.utp.edu.co\/archivos\/Anexo%201.%20carta%20de%20intenci%C3%B3n%20convocatoria%202022%20Investigaci%C3%B3n%282%29.docx\">Carta de intenci\u00f3n<\/a><\/li>\n\n\n\n<li><a href=\"https:\/\/media2.utp.edu.co\/archivos\/Anexo%202.%20Formato%20de%20registro%20de%20datos%20de%20autores-2%288%29.xlsx\"><strong>Anexo 2.<\/strong> Formato de registro de datos de autores<\/a><\/li>\n\n\n\n<li><a href=\"https:\/\/media2.utp.edu.co\/archivos\/Manual%20de%20Lineamientos%20final%202021%287%29.pdf\"><strong>Anexo 4.&nbsp;<\/strong> Manual de Lineamientos de la Editorial UTP<\/a><\/li>\n<\/ul>\n\n\n\n<h3 class=\"wp-block-heading\"><strong>INFORMACI\u00d3N<\/strong><\/h3>\n\n\n\n<p><span class=\"post-content__span\"> Vicerrector\u00eda de Investigaciones, Innovaci\u00f3n y Extensi\u00f3n.<\/p>\n\n\n\n<p><span class=\"post-content__span\"> <strong>Email<\/strong>:&nbsp;<strong><a href=\"http:\/\/procesoeditorial@utp.edu.co\">procesoeditorial@utp.edu.co<\/a><\/strong><\/p>\n","protected":false},"excerpt":{"rendered":"<p>RESULTADOS [Ver]&nbsp;TRABAJOS QUE SER\u00c1N PUBLICADOS POR LA EDITORIAL \u200b\u200b\u200b\u200b\u200b\u200b\u200b\u200bFecha de Publicaci\u00f3n:&nbsp;12 de agosto&nbsp;del 2022 PUBLICACI\u00d3N \u200b[Ver]&nbsp;PROPUESTAS QUE CUMPLIERON CON LOS REQUISITOS M\u00cdNIMOS&nbsp; \u200b\u200b\u200b\u200b\u200b\u200b\u200b\u200bFecha de Publicaci\u00f3n:&nbsp;13 de junio de 2022 &nbsp;ACUERDO [&#8230;]<\/p>\n","protected":false},"author":0,"featured_media":0,"comment_status":"closed","ping_status":"closed","sticky":false,"template":"","format":"standard","meta":{"footnotes":""},"categories":[7],"tags":[],"class_list":["post-4671","post","type-post","status-publish","format-standard","hentry","category-convocatorias"],"_links":{"self":[{"href":"https:\/\/vicerrectorias.utp.edu.co\/viie\/wp-json\/wp\/v2\/posts\/4671","targetHints":{"allow":["GET"]}}],"collection":[{"href":"https:\/\/vicerrectorias.utp.edu.co\/viie\/wp-json\/wp\/v2\/posts"}],"about":[{"href":"https:\/\/vicerrectorias.utp.edu.co\/viie\/wp-json\/wp\/v2\/types\/post"}],"replies":[{"embeddable":true,"href":"https:\/\/vicerrectorias.utp.edu.co\/viie\/wp-json\/wp\/v2\/comments?post=4671"}],"version-history":[{"count":3,"href":"https:\/\/vicerrectorias.utp.edu.co\/viie\/wp-json\/wp\/v2\/posts\/4671\/revisions"}],"predecessor-version":[{"id":11864,"href":"https:\/\/vicerrectorias.utp.edu.co\/viie\/wp-json\/wp\/v2\/posts\/4671\/revisions\/11864"}],"wp:attachment":[{"href":"https:\/\/vicerrectorias.utp.edu.co\/viie\/wp-json\/wp\/v2\/media?parent=4671"}],"wp:term":[{"taxonomy":"category","embeddable":true,"href":"https:\/\/vicerrectorias.utp.edu.co\/viie\/wp-json\/wp\/v2\/categories?post=4671"},{"taxonomy":"post_tag","embeddable":true,"href":"https:\/\/vicerrectorias.utp.edu.co\/viie\/wp-json\/wp\/v2\/tags?post=4671"}],"curies":[{"name":"wp","href":"https:\/\/api.w.org\/{rel}","templated":true}]}}