{"id":4661,"date":"2022-08-12T15:19:25","date_gmt":"2023-12-01T14:53:00","guid":{"rendered":""},"modified":"2024-02-08T21:30:00","modified_gmt":"2024-02-08T20:30:00","slug":"convocatoria-interna-para-fomentar-la-publicacion-de-textos-academicos-ano-2022","status":"publish","type":"post","link":"https:\/\/vicerrectorias.utp.edu.co\/viie\/convocatoria-interna-para-fomentar-la-publicacion-de-textos-academicos-ano-2022\/","title":{"rendered":"CONVOCATORIA INTERNA PARA FOMENTAR LA PUBLICACI\u00d3N DE  TEXTOS ACAD\u00c9MICOS A\u00d1O 2022"},"content":{"rendered":"\n<h3 class=\"wp-block-heading\"><span><strong>RESULTADOS<\/strong><\/span><\/h3>\n\n\n\n<p><span class=\"post-content__span\"> <a href=\"https:\/\/media2.utp.edu.co\/archivos\/CONVOCATORIA%20textos%20academicos%20ganadores%202022.pdf\"><strong>[Ver]&nbsp;TRABAJOS QUE SER\u00c1N PUBLICADOS POR LA EDITORIAL<\/strong><\/a><\/p>\n\n\n\n<p><span class=\"post-content__span\"> <strong>\u200b\u200b\u200b\u200b\u200b\u200b\u200b\u200bFecha de Publicaci\u00f3n:<\/strong>&nbsp;12 de agosto&nbsp;del 2022<\/p>\n\n\n\n<h3 class=\"wp-block-heading\"><span><strong>PUBLICACI\u00d3N<\/strong><\/span><\/h3>\n\n\n\n<p><span class=\"post-content__span\"> <a href=\"https:\/\/media2.utp.edu.co\/archivos\/CONVOCATORIA%20textos%20academicos%20requisitos%20minimos%202022.pdf\"><strong>\u200b[Ver]&nbsp;PROPUESTAS QUE CUMPLIERON CON LOS REQUISITOS M\u00cdNIMOS&nbsp;<\/strong><\/a><\/p>\n\n\n\n<p><span class=\"post-content__span\"> <strong>\u200b\u200b\u200b\u200b\u200b\u200b\u200b\u200bFecha de Publicaci\u00f3n:<\/strong>&nbsp;13 de junio de 2022<\/p>\n\n\n\n<h3 class=\"wp-block-heading\"><strong>ACUERDO CONSEJO ACAD\u00c9MICO No. 04<\/strong><\/h3>\n\n\n\n<p><span class=\"post-content__span\"> <a href=\"https:\/\/media2.utp.edu.co\/archivos\/Acuerdo%2BNo.%2B04%2BConvocatoria%2BInterna%2BTextos%2BAcade%CC%81micos%2B2022-2.pdf\">POR MEDIO DEL CUAL SE APRUEBA LA CONVOCATORIA INTERNA PARA FOMENTAR&nbsp;LA PUBLICACI\u00d3N DE TEXTOS ACAD\u00c9MICOS A\u00d1O 2022.<\/a><\/p>\n\n\n\n<hr class=\"wp-block-separator has-css-opacity\"\/>\n\n\n\n<p><span class=\"post-content__span\"> La Vicerrector\u00eda de Investigaciones, Innovaci\u00f3n y Extensi\u00f3n de la Universidad Tecnol\u00f3gica de Pereira invita a los docentes a participar en la presente convocatoria cumpliendo los siguientes t\u00e9rminos:<\/p>\n\n\n\n<h3 class=\"wp-block-heading\"><strong>OBJETIVO:<\/strong><\/h3>\n\n\n\n<p><span class=\"post-content__span\"> Fomentar la producci\u00f3n intelectual de los docentes de la Universidad Tecnol\u00f3gica de Pereira, a trav\u00e9s de la publicaci\u00f3n de textos acad\u00e9micos.<\/p>\n\n\n\n<h3 class=\"wp-block-heading\"><strong>DIRIGIDO A:<\/strong><\/h3>\n\n\n\n<p><span class=\"post-content__span\"> Docentes de planta o transitorios de la Universidad Tecnol\u00f3gica de Pereira.<\/p>\n\n\n\n<h3 class=\"wp-block-heading\"><strong>REQUISITOS M\u00cdNIMOS PARA PARTICIPAR<\/strong><\/h3>\n\n\n\n<ol class=\"wp-block-list\">\n<li>Podr\u00e1n participar los docentes de planta y transitorios de la Universidad Tecnol\u00f3gica de Pereira. Se aceptar\u00e1 como coautores a docentes catedr\u00e1ticos de la universidad y tambi\u00e9n a docentes externos.<\/li>\n\n\n\n<li>Por autor s\u00f3lo se podr\u00e1 presentar un trabajo en la convocatoria para la publicaci\u00f3n de Textos Acad\u00e9micos y no podr\u00e1 presentarse paralelamente en las convocatorias para la financiaci\u00f3n de publicaci\u00f3n de libros de investigaci\u00f3n ni de Ensayo &#8211; Obra Literaria \u2013 Libro de Artista &#8211; Cr\u00f3nica &#8211; Reportaje.<\/li>\n\n\n\n<li>El monto m\u00e1ximo para financiar la publicaci\u00f3n en forma impresa o digital de textos acad\u00e9micos es por valor de $6.000.000. Los libros que excedan este valor se publicar\u00e1n en forma digital.<\/li>\n\n\n\n<li>No podr\u00e1n participar los autores a quienes se les financi\u00f3 la publicaci\u00f3n de un libro a trav\u00e9s de cualquiera de las convocatorias de las l\u00edneas editoriales de la vigencia 2021 o que cuenten con recursos para dicho fin.<\/li>\n\n\n\n<li>Los docentes participantes deben certificar a trav\u00e9s de la direcci\u00f3n del programa o facultad, que han orientado al menos una asignatura que corresponda al \u00e1rea del trabajo presentado. Lo anterior durante los dos a\u00f1os previos a la fecha de apertura de la presente convocatoria; o durante cuatro semestres anteriores de manera consecutiva.<\/li>\n\n\n\n<li>Los autores del libro ( docentes UTP) deber\u00e1n registrarse en el Google Scholar, researchgate y en ORCID.<\/li>\n\n\n\n<li>Para la participaci\u00f3n en esta convocatoria se deber\u00e1 diligenciar el formulario:<strong><a href=\"https:\/\/docs.google.com\/forms\/d\/e\/1FAIpQLSdF1S-jkfkNxZVmltQhdZlkEhsTCVMEJyDPrqnDle_tKMYgUw\/viewform\">REGISTRAR FORMULARIO<\/a> <\/strong>y anexar los siguientes documentos:<\/li>\n<\/ol>\n\n\n\n<ul class=\"wp-block-list\">\n<li>Carta de intenci\u00f3n con n\u00famero de radicaci\u00f3n en PDF <a href=\"https:\/\/media2.utp.edu.co\/archivos\/Anexo%201.%20carta%20de%20intenci%C3%B3n%20convocatoria%202022%20T.acad%C3%A9micos%283%29.docx\"><strong>(Anexo 1)<\/strong>.<\/a><\/li>\n\n\n\n<li>Formato de registro de datos de autores <a href=\"https:\/\/media2.utp.edu.co\/archivos\/Anexo%202.%20Formato%20de%20registro%20de%20datos%20de%20autores-2%287%29.xlsx\"><strong>(Anexo 2)&nbsp;&nbsp;<\/strong><\/a><\/li>\n<\/ul>\n\n\n\n<p><span class=\"post-content__span\"> <strong>NOTA: La carta deber\u00e1 ser radicada a trav\u00e9s del correo electr\u00f3nico <\/strong><a href=\"mailto:lazos@utp.edu.co\"><strong>lazos@utp.edu.co<\/strong><\/a><\/p>\n\n\n\n<ul class=\"wp-block-list\">\n<li>Documento en archivo digital del libro a publicar en PDF. El documento debe ser in\u00e9dito y cumplir con los requisitos establecidos en el Manual de Lineamientos de la Editorial UTP y contar con correcci\u00f3n de texto (redacci\u00f3n, ortograf\u00eda y normas) previa por parte del autor y validada en la evaluaci\u00f3n interna realizada por la facultad.<a href=\"https:\/\/media2.utp.edu.co\/archivos\/Manual%20de%20Lineamientos%20final%202021%286%29.pdf\"> <strong>(Anexo 4).<\/strong><\/a><\/li>\n\n\n\n<li>Carta de Aval del Consejo de Facultad respectivo para la publicaci\u00f3n del libro y la evaluaci\u00f3n interna realizada en formato PDF.<\/li>\n\n\n\n<li>Formato con informaci\u00f3n adicional <a href=\"https:\/\/media2.utp.edu.co\/archivos\/Anexo%203.%20formato%20informaci%C3%B3n%20adicional%20T.%20academicos%202022%283%29.docx\">(<strong>Anexo 3<\/strong>).<\/a><\/li>\n\n\n\n<li>Certificado del programa o facultad de que han orientado la asignatura del trabajo&nbsp;presentado, durante el tiempo determinado.<\/li>\n<\/ul>\n\n\n\n<h3 class=\"wp-block-heading\"><strong>CRITERIOS DE EVALUACI\u00d3N <\/strong><\/h3>\n\n\n\n<p><span class=\"post-content__span\"> <strong>Criterios de Exclusi\u00f3n<\/strong><\/p>\n\n\n\n<ol class=\"wp-block-list\">\n<li>El Comit\u00e9 Editorial revisar\u00e1 el cumplimiento de requisitos m\u00ednimos y establecer\u00e1 si algunos de los criterios son subsanables.<\/li>\n\n\n\n<li>Se excluir\u00e1n del proceso de la convocatoria los trabajos que no cumplan con el porcentaje definido en el manual de lineamientos y en el reglamento editorial sobre el \u00edndice de coincidencia y similitud. (30%)<\/li>\n<\/ol>\n\n\n\n<p><span class=\"post-content__span\"> <strong>Criterios de evaluaci\u00f3n y Selecci\u00f3n<\/strong><\/p>\n\n\n\n<ol class=\"wp-block-list\">\n<li>El Comit\u00e9 Editorial revisar\u00e1 los resultados de las evaluaciones externas de pares (Promedio) y aprobar\u00e1 una lista de banco de elegibles seg\u00fan puntuaci\u00f3n final y organizada de mayor a menor. Los libros a financiar quedar\u00e1n sujetos a la disponibilidad presupuestal de la Vicerrector\u00eda de Investigaciones, Innovaci\u00f3n y Extensi\u00f3n.<\/li>\n<\/ol>\n\n\n\n<p><span class=\"post-content__span\"> <strong>Nota 1:<\/strong> El banco de elegibles tendr\u00e1 vigencia \u00fanicamente de un a\u00f1o, por lo cual, los libros que no puedan ser financiados durante la vigencia fiscal del 2022 podr\u00e1n participar en futuras convocatorias.<\/p>\n\n\n\n<p><span class=\"post-content__span\"> <strong>Nota 2<\/strong>: La recepci\u00f3n de un trabajo no implica obligatoriedad ni compromiso alguno para la Universidad de asignar recursos, ni genera derecho a recibir apoyos econ\u00f3micos para quienes se hayan presentado en esta convocatoria.<\/p>\n\n\n\n<h3 class=\"wp-block-heading\"><strong>CRONOGRAMA: <\/strong><\/h3>\n\n\n\n<figure class=\"wp-block-table table\"><table><thead><tr><th>ACTIVIDAD<\/th><th>FECHA<\/th><\/tr><\/thead><tbody><tr><td>\n<p><span class=\"post-content__span\"> Aprobaci\u00f3n de criterios de la convocatoria por el Comit\u00e9 Editorial<\/p>\n<\/td><td>\n<p><span class=\"post-content__span\"> <strong>Febrero <\/strong><strong>11&nbsp; de 2022<\/strong><\/p>\n<\/td><\/tr><tr><td>\n<p><span class=\"post-content__span\"> Aprobaci\u00f3n de criterios de la convocatoria por el Consejo Acad\u00e9mico<\/p>\n<\/td><td>\n<p><span class=\"post-content__span\"> <strong>Febrero<\/strong><strong> 23 de 2022<\/strong><\/p>\n<\/td><\/tr><tr><td>\n<p><span class=\"post-content__span\"> Apertura de la Convocatoria<\/p>\n<\/td><td>\n<p><span class=\"post-content__span\"> <strong>Febrero 2<\/strong><strong>8&nbsp; de 2022<\/strong><\/p>\n<\/td><\/tr><tr><td>\n<p><span class=\"post-content__span\"> Fecha m\u00e1xima de solicitud de aval del Consejo de Facultad y evaluaci\u00f3n interna.&nbsp;<\/p>\n<\/td><td>\n<p><span class=\"post-content__span\"> <strong>Abril 18 de 2022 <\/strong><\/p>\n<\/td><\/tr><tr><td>\n<p><span class=\"post-content__span\"> Fecha m\u00e1xima de registro de propuestas (con el aval del Consejo de Facultad y la evaluaci\u00f3n interna) hasta las 11:59 p.m.<\/p>\n<p><span class=\"post-content__span\"> <strong>NOTA: Favor validar el horario de atenci\u00f3n de gesti\u00f3n de documentos para la radicaci\u00f3n de la carta de postulaci\u00f3n. <\/strong><\/p>\n<\/td><td>\n<p><span class=\"post-content__span\"> <strong>Mayo 27 de 202<\/strong><strong>2<\/strong><\/p>\n<\/td><\/tr><tr><td>\n<p><span class=\"post-content__span\"> Revisi\u00f3n de cumplimiento de requisitos m\u00ednimos por parte del Comit\u00e9 Editorial.<\/p>\n<\/td><td>\n<p><span class=\"post-content__span\"> <strong>Junio 10 de 2022 <\/strong><\/p>\n<\/td><\/tr><tr><td>\n<p><span class=\"post-content__span\"> Publicaci\u00f3n de resultados de los trabajos&nbsp; que cumplieron con los requisitos m\u00ednimos.<\/p>\n<\/td><td>\n<p><span class=\"post-content__span\"> <strong>Junio 13 de 202<\/strong><strong>2<\/strong><\/p>\n<\/td><\/tr><tr><td>\n<p><span class=\"post-content__span\"> Consultas y aclaraci\u00f3n de inquietudes sobre resultados publicados de los trabajos&nbsp; que cumplieron con los requisitos m\u00ednimos \u2013 enviar solicitud al correo electr\u00f3nico (procesoeditorial@utp.edu.co)<\/p>\n<\/td><td>\n<p><span class=\"post-content__span\"> <strong>Junio 14 y 15 de 202<\/strong><strong>2<\/strong><\/p>\n<\/td><\/tr><tr><td>\n<p><span class=\"post-content__span\"> Tiempo para la evaluaci\u00f3n de pares externos<\/p>\n<\/td><td>\n<p><span class=\"post-content__span\"> <strong>Junio 15 a Julio 29 de 202<\/strong><strong>2<\/strong><\/p>\n<\/td><\/tr><tr><td>\n<p><span class=\"post-content__span\"> Revisi\u00f3n de resultados de las evaluaciones externas por Comit\u00e9 Editorial.<\/p>\n<\/td><td>\n<p><span class=\"post-content__span\"> <strong>Agosto 5 de 202<\/strong><strong>2<\/strong><\/p>\n<\/td><\/tr><tr><td>\n<p><span class=\"post-content__span\"> Publicaci\u00f3n de resultados finales<\/p>\n<\/td><td>\n<p><span class=\"post-content__span\"> <strong>Agosto 12 de 202<\/strong><strong>2<\/strong><\/p>\n<\/td><\/tr><\/tbody><\/table><\/figure>\n\n\n\n<h3 class=\"wp-block-heading\"><strong>ANEXOS<\/strong><\/h3>\n\n\n\n<ul class=\"wp-block-list\">\n<li><a href=\"https:\/\/media2.utp.edu.co\/archivos\/CONVOCATORIA%20PARA%20LIBROS%20EDITORIAL%20textos%20acad.%202022-2%282%29.pdf\"><strong>T\u00c9RMINOS DE REFERENCIA: [VER]<\/strong><\/a><\/li>\n\n\n\n<li><a href=\"https:\/\/media2.utp.edu.co\/archivos\/Anexo%201.%20carta%20de%20intenci%C3%B3n%20convocatoria%202022%20T.acad%C3%A9micos%282%29.docx\"><strong>Anexo 1<\/strong>. Carta de intenci\u00f3n<\/a><\/li>\n\n\n\n<li><a href=\"https:\/\/media2.utp.edu.co\/archivos\/Anexo%202.%20Formato%20de%20registro%20de%20datos%20de%20autores-2%286%29.xlsx\"><strong>Anexo 2.<\/strong> Formato de registro de datos de autores<\/a><\/li>\n\n\n\n<li><a href=\"https:\/\/media2.utp.edu.co\/archivos\/Anexo%203.%20formato%20informaci%C3%B3n%20adicional%20T.%20academicos%202022%282%29.docx\"><strong>Anexo 3.<\/strong> Formato de informaci\u00f3n adicional<\/a><\/li>\n\n\n\n<li><a href=\"https:\/\/media2.utp.edu.co\/archivos\/Manual%20de%20Lineamientos%20final%202021%285%29.pdf\"><strong>Anexo 4:<\/strong> Manual de lineamientos Editorial UTP<\/a><\/li>\n<\/ul>\n\n\n\n<p><span class=\"post-content__span\"> <strong>INFORMACI\u00d3N<\/strong><\/p>\n\n\n\n<p><span class=\"post-content__span\"> Vicerrector\u00eda de Investigaciones, Innovaci\u00f3n y Extensi\u00f3n.<\/p>\n\n\n\n<p><span class=\"post-content__span\"> Email:&nbsp;<a href=\"http:\/\/procesoeditorial@utp.edu.co\">procesoeditorial@utp.edu.co<\/a><\/p>\n","protected":false},"excerpt":{"rendered":"<p>RESULTADOS [Ver]&nbsp;TRABAJOS QUE SER\u00c1N PUBLICADOS POR LA EDITORIAL \u200b\u200b\u200b\u200b\u200b\u200b\u200b\u200bFecha de Publicaci\u00f3n:&nbsp;12 de agosto&nbsp;del 2022 PUBLICACI\u00d3N \u200b[Ver]&nbsp;PROPUESTAS QUE CUMPLIERON CON LOS REQUISITOS M\u00cdNIMOS&nbsp; \u200b\u200b\u200b\u200b\u200b\u200b\u200b\u200bFecha de Publicaci\u00f3n:&nbsp;13 de junio de 2022 ACUERDO [&#8230;]<\/p>\n","protected":false},"author":0,"featured_media":0,"comment_status":"closed","ping_status":"closed","sticky":false,"template":"","format":"standard","meta":{"footnotes":""},"categories":[7],"tags":[],"class_list":["post-4661","post","type-post","status-publish","format-standard","hentry","category-convocatorias"],"_links":{"self":[{"href":"https:\/\/vicerrectorias.utp.edu.co\/viie\/wp-json\/wp\/v2\/posts\/4661","targetHints":{"allow":["GET"]}}],"collection":[{"href":"https:\/\/vicerrectorias.utp.edu.co\/viie\/wp-json\/wp\/v2\/posts"}],"about":[{"href":"https:\/\/vicerrectorias.utp.edu.co\/viie\/wp-json\/wp\/v2\/types\/post"}],"replies":[{"embeddable":true,"href":"https:\/\/vicerrectorias.utp.edu.co\/viie\/wp-json\/wp\/v2\/comments?post=4661"}],"version-history":[{"count":2,"href":"https:\/\/vicerrectorias.utp.edu.co\/viie\/wp-json\/wp\/v2\/posts\/4661\/revisions"}],"predecessor-version":[{"id":11865,"href":"https:\/\/vicerrectorias.utp.edu.co\/viie\/wp-json\/wp\/v2\/posts\/4661\/revisions\/11865"}],"wp:attachment":[{"href":"https:\/\/vicerrectorias.utp.edu.co\/viie\/wp-json\/wp\/v2\/media?parent=4661"}],"wp:term":[{"taxonomy":"category","embeddable":true,"href":"https:\/\/vicerrectorias.utp.edu.co\/viie\/wp-json\/wp\/v2\/categories?post=4661"},{"taxonomy":"post_tag","embeddable":true,"href":"https:\/\/vicerrectorias.utp.edu.co\/viie\/wp-json\/wp\/v2\/tags?post=4661"}],"curies":[{"name":"wp","href":"https:\/\/api.w.org\/{rel}","templated":true}]}}