{"id":4651,"date":"2022-08-12T15:16:36","date_gmt":"2023-12-01T14:53:00","guid":{"rendered":""},"modified":"2024-02-08T21:30:29","modified_gmt":"2024-02-08T20:30:29","slug":"convocatoria-interna-para-fomentar-la-publicacion-de-libros-de-ensayo-obra-literaria-ano-2022","status":"publish","type":"post","link":"https:\/\/vicerrectorias.utp.edu.co\/viie\/convocatoria-interna-para-fomentar-la-publicacion-de-libros-de-ensayo-obra-literaria-ano-2022\/","title":{"rendered":"CONVOCATORIA INTERNA PARA FOMENTAR LA PUBLICACI\u00d3N DE LIBROS DE ENSAYO &#8211; OBRA LITERARIA  A\u00d1O 2022"},"content":{"rendered":"\n<h3 class=\"wp-block-heading\"><span><strong>RESULTADOS<\/strong><\/span><\/h3>\n\n\n\n<p><span class=\"post-content__span\"> <a href=\"https:\/\/media2.utp.edu.co\/archivos\/CONV.%20Ensayos%20-obra%20literaria%20ganadores%202022.pdf\"><strong>[Ver]&nbsp;TRABAJOS QUE SER\u00c1N PUBLICADOS POR LA EDITORIAL<\/strong><\/a><\/p>\n\n\n\n<p><span class=\"post-content__span\"> <strong>\u200b\u200b\u200b\u200b\u200b\u200b\u200b\u200bFecha de Publicaci\u00f3n:<\/strong>&nbsp;12 de agosto&nbsp;del 2022<\/p>\n\n\n\n<h3 class=\"wp-block-heading\"><span><strong>PUBLICACI\u00d3N<\/strong><\/span><\/h3>\n\n\n\n<p><span class=\"post-content__span\"> <a href=\"https:\/\/media2.utp.edu.co\/archivos\/CONVOCATORIA%20Ensayos%20-obra%20literaria%20requisitos%20minimos%202022.pdf\"><strong>\u200b[Ver]&nbsp;PROPUESTAS QUE CUMPLIERON CON LOS REQUISITOS M\u00cdNIMOS&nbsp;<\/strong><\/a><\/p>\n\n\n\n<p><span class=\"post-content__span\"> <strong>\u200b\u200b\u200b\u200b\u200b\u200b\u200b\u200bFecha de Publicaci\u00f3n:<\/strong>&nbsp;13 de junio de 2022<\/p>\n\n\n\n<hr class=\"wp-block-separator has-css-opacity\"\/>\n\n\n\n<h3 class=\"wp-block-heading\"><strong>&nbsp;ACUERDO CONSEJO ACAD\u00c9MICO No. 05<\/strong><\/h3>\n\n\n\n<p><span class=\"post-content__span\"> <a href=\"https:\/\/media2.utp.edu.co\/archivos\/Acuerdo%2BNo.%2B05%2BConvocatoria%2BInterna%2BLibros%2BEnsayo%2BObra%2BLiteraria%2BArtista%2B2022%281%29.pdf\">POR MEDIO DEL CUAL SE APRUEBA LA CONVOCATORIA INTERNA PARA FOMENTAR&nbsp;LA PUBLICACI\u00d3N DE LIBROS DE ENSAYO \u2013 OBRA LITERARIA \u2013 LIBRO DE ARTISTA \u2013&nbsp;CRONICA &#8211; REPORTAJE A\u00d1O 2022.<\/a><\/p>\n\n\n\n<hr class=\"wp-block-separator has-css-opacity\"\/>\n\n\n\n<p><span class=\"post-content__span\"> La Vicerrector\u00eda de Investigaciones, Innovaci\u00f3n y Extensi\u00f3n de la Universidad Tecnol\u00f3gica de Pereira invitan a los docentes a participar en la presente convocatoria cumpliendo los siguientes t\u00e9rminos:<\/p>\n\n\n\n<h3 class=\"wp-block-heading\"><strong>OBJETIVO:<\/strong><\/h3>\n\n\n\n<p><span class=\"post-content__span\"> Fomentar la producci\u00f3n intelectual de los docentes de la Universidad Tecnol\u00f3gica de Pereira, a trav\u00e9s de la publicaci\u00f3n de textos en la l\u00ednea editorial Ensayo &#8211; Obra Literaria-&nbsp; Libro de Artista \u2013 Cr\u00f3nica &#8211; Reportaje.<\/p>\n\n\n\n<h3 class=\"wp-block-heading\"><strong>DIRIGIDO A:<\/strong><\/h3>\n\n\n\n<p><span class=\"post-content__span\"> Docentes de planta o transitorios de la Universidad Tecnol\u00f3gica de Pereira.<\/p>\n\n\n\n<h3 class=\"wp-block-heading\"><strong>REQUISITOS M\u00cdNIMOS PARA PARTICIPAR<\/strong><\/h3>\n\n\n\n<ol class=\"wp-block-list\">\n<li>Podr\u00e1n participar los docentes de planta o transitorios de la Universidad Tecnol\u00f3gica de Pereira. Se aceptar\u00e1 como coautores a docentes catedr\u00e1ticos.<\/li>\n\n\n\n<li>Por autor s\u00f3lo se podr\u00e1 presentar un trabajo en la convocatoria para la publicaci\u00f3n de libros de Ensayo &#8211; Obra Literaria \u2013 Libro de Artista &#8211; Cr\u00f3nica \u2013 Reportaje y no podr\u00e1 presentarse paralelamente en las convocatorias para la financiaci\u00f3n de publicaci\u00f3n de libros de investigaci\u00f3n ni de Textos Acad\u00e9micos.<\/li>\n\n\n\n<li>El monto m\u00e1ximo para financiar la publicaci\u00f3n en forma impresa o digital de libros de Ensayo &#8211; Obra Literaria &#8211; Libro de Artista \u2013 Cr\u00f3nica &#8211; Reportaje es por valor de $6.000.000. Los libros que excedan este valor se publicar\u00e1n en forma digital.<\/li>\n\n\n\n<li>No podr\u00e1n participar los autores a quienes se les financi\u00f3 la publicaci\u00f3n de un libro a trav\u00e9s de cualquiera de las convocatorias de las l\u00edneas editoriales de la vigencia 2021 o que cuenten con financiaci\u00f3n&nbsp; para tal fin.<\/li>\n\n\n\n<li>Los autores del libro ( docentes UTP) deber\u00e1n registrarse en el Google Scholar, researchgate y en ORCID.<\/li>\n\n\n\n<li>Para la participaci\u00f3n en esta convocatoria se deber\u00e1 diligenciar el formulario: <strong><a href=\"https:\/\/docs.google.com\/forms\/d\/e\/1FAIpQLScrCArPAm6aAh-k1ymMOyYUvVgEVhJ-U5UKOCSQFljTMJd8mw\/viewform\">REGISTRAR FORMULARIO<\/a>&nbsp;<\/strong>y anexar los siguientes documentos:<\/li>\n<\/ol>\n\n\n\n<ul class=\"wp-block-list\">\n<li>&nbsp;Carta de intenci\u00f3n con n\u00famero de radicaci\u00f3n en PDF <a href=\"https:\/\/media2.utp.edu.co\/archivos\/Anexo%201.%20carta%20de%20intenci%C3%B3n%20conv.%202022%20ensayo%20-%20obra%20literaria%283%29.docx\"><strong>(Anexo 1)<\/strong>.<\/a><\/li>\n<\/ul>\n\n\n\n<p><span class=\"post-content__span\"> <strong>NOTA: La carta deber\u00e1 ser radicada a trav\u00e9s del correo electr\u00f3nico <\/strong><a href=\"mailto:lazos@utp.edu.co\"><strong>lazos@utp.edu.co<\/strong><\/a><\/p>\n\n\n\n<ul class=\"wp-block-list\">\n<li>Formato de registro de datos de autores <a href=\"https:\/\/media2.utp.edu.co\/archivos\/Anexo%202.%20Formato%20de%20registro%20de%20datos%20de%20autores-2%2811%29.xlsx\"><strong>(Anexo 2)&nbsp; <\/strong><\/a><\/li>\n\n\n\n<li>Documento en archivo digital del libro a publicar en PDF. El documento debe ser in\u00e9dito y cumplir con los requisitos establecidos en el Manual de Lineamientos de la Editorial UTP y contar con correcci\u00f3n de texto (redacci\u00f3n, ortograf\u00eda y normas) previa por parte del autor y validada en la evaluaci\u00f3n interna realizada por la facultad. <strong><a href=\"https:\/\/media2.utp.edu.co\/archivos\/Manual%20de%20Lineamientos%20final%202021%2810%29.pdf\">(Anexo 4).<\/a><\/strong><\/li>\n\n\n\n<li>Carta de Aval del Consejo de Facultad respectivo para la publicaci\u00f3n del libro y la evaluaci\u00f3n interna realizada en formato PDF.<\/li>\n<\/ul>\n\n\n\n<h3 class=\"wp-block-heading\"><strong>CRITERIOS DE EVALUACI\u00d3N<\/strong><\/h3>\n\n\n\n<p><span class=\"post-content__span\"> <strong>Criterios de Exclusi\u00f3n<\/strong><\/p>\n\n\n\n<ol class=\"wp-block-list\">\n<li>El Comit\u00e9 Editorial revisar\u00e1 el cumplimiento de requisitos m\u00ednimos y establecer\u00e1 si algunos de los criterios son subsanables.<\/li>\n\n\n\n<li>Se excluir\u00e1n del proceso de la convocatoria los trabajos que no cumplan con el porcentaje definido en el manual de lineamientos y en el reglamento editorial sobre el \u00edndice de coincidencia y similitud. (30%)<\/li>\n<\/ol>\n\n\n\n<p><span class=\"post-content__span\"> <strong>Criterios de evaluaci\u00f3n y Selecci\u00f3n<\/strong><\/p>\n\n\n\n<ol class=\"wp-block-list\">\n<li>El Comit\u00e9 Editorial revisar\u00e1 los resultados de las evaluaciones externas de pares (Promedio) y aprobar\u00e1 una lista de banco de elegibles seg\u00fan puntuaci\u00f3n final y organizada de mayor a menor. Los libros a financiar quedar\u00e1n sujetos a la disponibilidad presupuestal de la Vicerrector\u00eda de Investigaciones, Innovaci\u00f3n y Extensi\u00f3n.<\/li>\n<\/ol>\n\n\n\n<p><span class=\"post-content__span\"> <strong>Nota 1:<\/strong> El banco de elegibles tendr\u00e1 vigencia \u00fanicamente de un a\u00f1o, por lo cual, los libros que no puedan ser financiados durante la vigencia fiscal del 2022 podr\u00e1n participar en futuras convocatorias.<\/p>\n\n\n\n<p><span class=\"post-content__span\"> <strong>Nota 2<\/strong>: La recepci\u00f3n de un trabajo no implica obligatoriedad ni compromiso alguno para la Universidad de asignar recursos, ni genera derecho a recibir apoyos econ\u00f3micos para quienes se hayan presentado en esta convocatoria.<\/p>\n\n\n\n<h3 class=\"wp-block-heading\"><strong>CRONOGRAMA:<\/strong><\/h3>\n\n\n\n<figure class=\"wp-block-table table\"><table><thead><tr><th>ACTIVIDAD<\/th><th>FECHA<\/th><\/tr><\/thead><tbody><tr><td>\n<p><span class=\"post-content__span\"> Aprobaci\u00f3n de criterios de la convocatoria por el Comit\u00e9 Editorial<\/p>\n<\/td><td>\n<p><span class=\"post-content__span\"> <strong>Febrero <\/strong><strong>11&nbsp; de 2022<\/strong><\/p>\n<\/td><\/tr><tr><td>\n<p><span class=\"post-content__span\"> Aprobaci\u00f3n de criterios de la convocatoria por el Consejo Acad\u00e9mico<\/p>\n<\/td><td>\n<p><span class=\"post-content__span\"> <strong>Febrero<\/strong><strong> 23 de 2022<\/strong><\/p>\n<\/td><\/tr><tr><td>\n<p><span class=\"post-content__span\"> Apertura de la Convocatoria<\/p>\n<\/td><td>\n<p><span class=\"post-content__span\"> <strong>Febrero 2<\/strong><strong>8&nbsp; de 2022<\/strong><\/p>\n<\/td><\/tr><tr><td>\n<p><span class=\"post-content__span\"> Fecha m\u00e1xima de solicitud de aval del Consejo de Facultad y evaluaci\u00f3n interna.&nbsp;<\/p>\n<\/td><td>\n<p><span class=\"post-content__span\"> <strong>Abril 18 de 2022 <\/strong><\/p>\n<\/td><\/tr><tr><td>\n<p><span class=\"post-content__span\"> Fecha m\u00e1xima de registro de propuestas (con el aval del Consejo de Facultad y la evaluaci\u00f3n interna) hasta las 11:59 p.m.<\/p>\n<p><span class=\"post-content__span\"> <strong>NOTA: Favor validar el horario de atenci\u00f3n de gesti\u00f3n de documentos para la radicaci\u00f3n de la carta de postulaci\u00f3n. <\/strong><\/p>\n<\/td><td>\n<p><span class=\"post-content__span\"> <strong>Mayo 27 de 202<\/strong><strong>2<\/strong><\/p>\n<\/td><\/tr><tr><td>\n<p><span class=\"post-content__span\"> Revisi\u00f3n de cumplimiento de requisitos m\u00ednimos por parte del Comit\u00e9 Editorial.<\/p>\n<\/td><td>\n<p><span class=\"post-content__span\"> <strong>Junio 10 de 2022 <\/strong><\/p>\n<\/td><\/tr><tr><td>\n<p><span class=\"post-content__span\"> Publicaci\u00f3n de resultados de los trabajos&nbsp; que cumplieron con los requisitos m\u00ednimos.<\/p>\n<\/td><td>\n<p><span class=\"post-content__span\"> <strong>Junio 13 de 202<\/strong><strong>2<\/strong><\/p>\n<\/td><\/tr><tr><td>\n<p><span class=\"post-content__span\"> Consultas y aclaraci\u00f3n de inquietudes sobre resultados publicados de los trabajos&nbsp; que cumplieron con los requisitos m\u00ednimos \u2013 enviar solicitud al correo electr\u00f3nico (procesoeditorial@utp.edu.co)<\/p>\n<\/td><td>\n<p><span class=\"post-content__span\"> <strong>Junio 14 y 15 de 202<\/strong><strong>2<\/strong><\/p>\n<\/td><\/tr><tr><td>\n<p><span class=\"post-content__span\"> Tiempo para la evaluaci\u00f3n de pares externos<\/p>\n<\/td><td>\n<p><span class=\"post-content__span\"> <strong>Junio 15 a Julio 29 de 202<\/strong><strong>2<\/strong><\/p>\n<\/td><\/tr><tr><td>\n<p><span class=\"post-content__span\"> Revisi\u00f3n de resultados de las evaluaciones externas por Comit\u00e9 Editorial.<\/p>\n<\/td><td>\n<p><span class=\"post-content__span\"> <strong>Agosto 5 de 202<\/strong><strong>2<\/strong><\/p>\n<\/td><\/tr><tr><td>\n<p><span class=\"post-content__span\"> Publicaci\u00f3n de resultados finales<\/p>\n<\/td><td>\n<p><span class=\"post-content__span\"> <strong>Agosto 12 de 202<\/strong><strong>2<\/strong><\/p>\n<\/td><\/tr><\/tbody><\/table><\/figure>\n\n\n\n<p><span class=\"post-content__span\"> <strong>NOTA:<\/strong> El Consejo Acad\u00e9mico de la Universidad Tecnol\u00f3gica de Pereira autoriza a la Vicerrector\u00eda de Investigaciones, Innovaci\u00f3n y Extensi\u00f3n, previa recomendaci\u00f3n del Comit\u00e9 Editorial, para modificar el cronograma de la presente convocatoria cuando las circunstancias lo requieran, modificaci\u00f3n que ser\u00e1 publicada a trav\u00e9s de adendas a la presente convocatoria.<\/p>\n\n\n\n<h3 class=\"wp-block-heading\"><strong>&nbsp;ANEXOS<\/strong><\/h3>\n\n\n\n<ul class=\"wp-block-list\">\n<li><a href=\"https:\/\/media2.utp.edu.co\/archivos\/CONVOCATORIA%20ENSAYOS%20-%20OBRA%20LITERARIA%202022-2%281%29.pdf\"><strong>T\u00c9RMINOS DE REFERENCIA: [VER]<\/strong><\/a><\/li>\n\n\n\n<li><a href=\"https:\/\/media2.utp.edu.co\/archivos\/Anexo%201.%20carta%20de%20intenci%C3%B3n%20conv.%202022%20ensayo%20-%20obra%20literaria%282%29.docx\"><span><strong>Anexo 1.<\/strong> Carta de intenci\u00f3n<\/span><\/a><\/li>\n\n\n\n<li><a href=\"https:\/\/media2.utp.edu.co\/archivos\/Anexo%202.%20Formato%20de%20registro%20de%20datos%20de%20autores-2%2810%29.xlsx\"><span><strong>Anexo 2.<\/strong> Formato de registro de datos de autores<\/span><\/a><\/li>\n\n\n\n<li><a href=\"https:\/\/media2.utp.edu.co\/archivos\/Manual%20de%20Lineamientos%20final%202021%289%29.pdf\"><span><strong>Anexo 4.&nbsp; <\/strong>Manual de Lineamientos de la Editorial UTP<\/span><\/a><\/li>\n<\/ul>\n\n\n\n<h3 class=\"wp-block-heading\"><span><strong>INFORMACI\u00d3N<\/strong><\/span><\/h3>\n\n\n\n<p><span class=\"post-content__span\"> <span>Vicerrector\u00eda de Investigaciones, Innovaci\u00f3n y Extensi\u00f3n.<\/span><\/p>\n\n\n\n<p><span class=\"post-content__span\"> <strong><span>Email:&nbsp;<\/span><\/strong><a href=\"http:\/\/procesoeditorial@utp.edu.co\">procesoeditorial@utp.edu.co<\/a><\/p>\n","protected":false},"excerpt":{"rendered":"<p>RESULTADOS [Ver]&nbsp;TRABAJOS QUE SER\u00c1N PUBLICADOS POR LA EDITORIAL \u200b\u200b\u200b\u200b\u200b\u200b\u200b\u200bFecha de Publicaci\u00f3n:&nbsp;12 de agosto&nbsp;del 2022 PUBLICACI\u00d3N \u200b[Ver]&nbsp;PROPUESTAS QUE CUMPLIERON CON LOS REQUISITOS M\u00cdNIMOS&nbsp; \u200b\u200b\u200b\u200b\u200b\u200b\u200b\u200bFecha de Publicaci\u00f3n:&nbsp;13 de junio de 2022 &nbsp;ACUERDO [&#8230;]<\/p>\n","protected":false},"author":0,"featured_media":0,"comment_status":"closed","ping_status":"closed","sticky":false,"template":"","format":"standard","meta":{"footnotes":""},"categories":[7],"tags":[],"class_list":["post-4651","post","type-post","status-publish","format-standard","hentry","category-convocatorias"],"_links":{"self":[{"href":"https:\/\/vicerrectorias.utp.edu.co\/viie\/wp-json\/wp\/v2\/posts\/4651","targetHints":{"allow":["GET"]}}],"collection":[{"href":"https:\/\/vicerrectorias.utp.edu.co\/viie\/wp-json\/wp\/v2\/posts"}],"about":[{"href":"https:\/\/vicerrectorias.utp.edu.co\/viie\/wp-json\/wp\/v2\/types\/post"}],"replies":[{"embeddable":true,"href":"https:\/\/vicerrectorias.utp.edu.co\/viie\/wp-json\/wp\/v2\/comments?post=4651"}],"version-history":[{"count":2,"href":"https:\/\/vicerrectorias.utp.edu.co\/viie\/wp-json\/wp\/v2\/posts\/4651\/revisions"}],"predecessor-version":[{"id":11866,"href":"https:\/\/vicerrectorias.utp.edu.co\/viie\/wp-json\/wp\/v2\/posts\/4651\/revisions\/11866"}],"wp:attachment":[{"href":"https:\/\/vicerrectorias.utp.edu.co\/viie\/wp-json\/wp\/v2\/media?parent=4651"}],"wp:term":[{"taxonomy":"category","embeddable":true,"href":"https:\/\/vicerrectorias.utp.edu.co\/viie\/wp-json\/wp\/v2\/categories?post=4651"},{"taxonomy":"post_tag","embeddable":true,"href":"https:\/\/vicerrectorias.utp.edu.co\/viie\/wp-json\/wp\/v2\/tags?post=4651"}],"curies":[{"name":"wp","href":"https:\/\/api.w.org\/{rel}","templated":true}]}}