{"id":4631,"date":"2022-04-19T14:39:56","date_gmt":"2023-12-01T14:53:00","guid":{"rendered":""},"modified":"2024-02-08T22:01:22","modified_gmt":"2024-02-08T21:01:22","slug":"primera-jornada-de-apropiacion-social-del-conocimiento-de-la-facultad-de-ciencias-de-la-educacion","status":"publish","type":"post","link":"https:\/\/vicerrectorias.utp.edu.co\/viie\/primera-jornada-de-apropiacion-social-del-conocimiento-de-la-facultad-de-ciencias-de-la-educacion\/","title":{"rendered":"PRIMERA JORNADA DE APROPIACI\u00d3N SOCIAL DEL CONOCIMIENTO DE LA FACULTAD DE CIENCIAS DE LA EDUCACI\u00d3N"},"content":{"rendered":"\n<h3 class=\"wp-block-heading\"><strong>PROGRAMACI\u00d3N<\/strong><\/h3>\n\n\n\n<p><span class=\"post-content__span\"> <a href=\"https:\/\/media2.utp.edu.co\/archivos\/PROGRAMACI%C3%93N%20VF%282%29.pdf\"><strong>[Ver] Programaci\u00f3n del evento viernes, 22 de abril del 2022.<\/strong><\/a><\/p>\n\n\n\n<h3 class=\"wp-block-heading\"><strong>INSCRIPCI\u00d3N ASISTENTES<\/strong><\/h3>\n\n\n\n<p><span class=\"post-content__span\"> <a href=\"https:\/\/docs.google.com\/forms\/d\/e\/1FAIpQLSc8p3TTSg9wkNBEa_TIjjh3dHQ_wHOHOtcC9eqj_wCMWyeh8g\/viewform\"><strong>[Ver]&nbsp;<\/strong>\u200b<strong>Formulario de inscripci\u00f3n<\/strong><\/a><\/p>\n\n\n\n<h3 class=\"wp-block-heading\"><strong><span>RESULTADOS<\/span><\/strong><\/h3>\n\n\n\n<p><span class=\"post-content__span\"> <a href=\"https:\/\/media2.utp.edu.co\/archivos\/Resultados%20preliminares%20Primera%20Jornada%20de%20Apropiacion%20Facultad%20de%20Educacion.pdf\"><strong>\u200b[Ver] Listado Ponencias Inscritas y cumplimiento de requisitos<\/strong>.<\/a><\/p>\n\n\n\n<p><span class=\"post-content__span\"> <strong>Fecha de publicaci\u00f3n:&nbsp;<\/strong>08 de abril de 2022.<\/p>\n\n\n\n<hr class=\"wp-block-separator has-css-opacity\"\/>\n\n\n\n<figure class=\"wp-block-image\"><img decoding=\"async\" src=\"https:\/\/media2.utp.edu.co\/imagenes\/jasc_1%281%29.png\" alt=\"\"\/><\/figure>\n\n\n\n<p><span class=\"post-content__span\"> <strong>LA UNIVERSIDAD TECNOL\u00d3GICA DE PEREIRA Y LA VICERRECTOR\u00cdA DE INVESTIGACIONES, INNOVACI\u00d3N Y EXTENSI\u00d3N LOS INVITA A PARTICIPAR<\/strong><\/p>\n\n\n\n<p><span class=\"post-content__span\"> En la Primera Jornada de Apropiaci\u00f3n Social del Conocimiento de la facultad de Ciencias de la Educaci\u00f3n, la cual se llevar\u00e1 a cabo el d\u00eda 22 de abril de 2022, Salas magistrales Y sala 1 y sala 2<\/p>\n\n\n\n<h3 class=\"wp-block-heading\"><strong><em>MODALIDADES DE PARTICIPACI\u00d3N<\/em><\/strong><\/h3>\n\n\n\n<ul class=\"wp-block-list\">\n<li><strong>PONENCIA: <\/strong>Presentaci\u00f3n oral de resultados de proyectos de investigaci\u00f3n, inscritos en la Vicerrector\u00eda de Investigaciones, Innovaci\u00f3n y Extensi\u00f3n concluidos en los \u00faltimos a\u00f1os, en el per\u00edodo comprendido del 1 de enero de 2017 al 1 enero de 2022. Para el desarrollo de la ponencia se otorgar\u00e1 un tiempo de 15 minutos, m\u00e1s 5 minutos para preguntas del p\u00fablico.<\/li>\n<\/ul>\n\n\n\n<p><span class=\"post-content__span\"> <strong>Nota: Los ponentes podr\u00e1n participar en la convocatoria con un proyecto diferente a los que se presentaron en:<\/strong><\/p>\n\n\n\n<ul class=\"wp-block-list\">\n<li>Cuarta, Quinta y Sexta Jornada de Apropiaci\u00f3n Social del Conocimiento \u201c<strong>INVESTIGACI\u00d3N, INNOVACI\u00d3N Y EXTENSI\u00d3N EN LA UTP<\/strong>\u201d, 2019 al 2021.<\/li>\n\n\n\n<li>Convocatoria para fomentar la publicaci\u00f3n de cap\u00edtulos de libro resultado de investigaci\u00f3n (Grupos de Investigaci\u00f3n) a\u00f1os 2019 al 2021.<\/li>\n\n\n\n<li>Convocatoria para fomentar la publicaci\u00f3n de cap\u00edtulos de libro resultado de investigaci\u00f3n a\u00f1o 2020. \u201cCatedr\u00e1ticos\u201d.<\/li>\n\n\n\n<li>Primera Jornada de Apropiaci\u00f3n Social del Conocimiento de Ciencias Ambientales, a\u00f1o 2020.<\/li>\n\n\n\n<li>Primera Jornada de Apropiaci\u00f3n Social del Conocimiento de la Facultad de Ingenier\u00eda Mec\u00e1nica, a\u00f1o 2020.<\/li>\n<\/ul>\n\n\n\n<p><span class=\"post-content__span\"> <strong>METODOLOG\u00cdA: <\/strong>Se contar\u00e1 con una conferencia central para la jornada (ma\u00f1ana), guiada por&nbsp; Ph.D Consuelo Orozco Giraldo&nbsp; titulada <strong>El asunto emocional en la Investigaci\u00f3n y la pr\u00e1ctica pedag\u00f3gica<\/strong> , seguido a ellas se realizar\u00e1n las ponencias orales de los proyectos de investigaci\u00f3n de la facultad de Ciencias de la Educaci\u00f3n.<\/p>\n\n\n\n<p><span class=\"post-content__span\"> <strong>PODR\u00c1N PARTICIPAR:<\/strong><\/p>\n\n\n\n<p><span class=\"post-content__span\"> En calidad de <strong>Ponentes<\/strong> los investigadores de la Universidad Tecnol\u00f3gica de Pereira que cuenten con un proyecto de investigaci\u00f3n inscrito en la Vicerrector\u00eda de Investigaciones, Innovaci\u00f3n y Extensi\u00f3n concluido en los \u00faltimos a\u00f1os,&nbsp; en el per\u00edodo comprendido del 1 de enero de 2017 al 1 enero de 2022.<\/p>\n\n\n\n<h3 class=\"wp-block-heading\"><strong><em>LINEAMIENTOS PARA LA INSCRIPCI\u00d3N<\/em><\/strong><\/h3>\n\n\n\n<p><span class=\"post-content__span\"> Para la inscripci\u00f3n a la Primera Jornada de apropiaci\u00f3n social del conocimiento de la Facultad de Ciencias de la Educaci\u00f3n &nbsp;se deber\u00e1 realizar lo siguiente:<\/p>\n\n\n\n<ul class=\"wp-block-list\">\n<li><strong>PONENCIA y A<\/strong><strong>NEXOS : <\/strong>Registrar la informaci\u00f3n solicitada en el enlace<a href=\"https:\/\/docs.google.com\/forms\/d\/e\/1FAIpQLSf6qqFUmacByJdn7dyFEdEvoO9sEinQ883lH6DGwQcJR4KQsw\/viewform?usp=sf_link\">:<strong>LINK<\/strong><\/a><\/li>\n\n\n\n<li>Formato para presentaci\u00f3n de las ponencias <a href=\"https:\/\/media2.utp.edu.co\/archivos\/ANEXO%20Presentacion.zip\">(Anexo 1).<\/a><\/li>\n\n\n\n<li>Formato de cap\u00edtulo de libro para memorias del evento <a href=\"https:\/\/media2.utp.edu.co\/archivos\/Anexo%202.Formato.Memorias%281%29.docx\">(Anexo 2)<\/a><\/li>\n\n\n\n<li>Formato de autorizaci\u00f3n de memorias <a href=\"https:\/\/media2.utp.edu.co\/archivos\/AUTORIZACION%20MEMORIAS..docx\">(Anexo 3)<\/a><\/li>\n<\/ul>\n\n\n\n<p><span class=\"post-content__span\"> <strong>Nota: Todos los documentos deben de ser subidos al momento de la inscripci\u00f3n en formulario de Google<\/strong><\/p>\n\n\n\n<h3 class=\"wp-block-heading\"><strong><em>PRODUCTO DEL EVENTO<\/em><\/strong><\/h3>\n\n\n\n<p><span class=\"post-content__span\"> Como resultado de esta jornada,&nbsp; se realizar\u00e1 la edici\u00f3n de un libro en ingl\u00e9s, donde cada memoria se constituye en un cap\u00edtulo del libro resultado de investigaci\u00f3n.<\/p>\n\n\n\n<p><span class=\"post-content__span\"> <strong>NOTA:<\/strong> El cap\u00edtulo debe de ser entregado en ingl\u00e9s por los autores, en caso&nbsp; de no presentar el art\u00edculo en ingl\u00e9s puede hacer la presentaci\u00f3n sin \u00e1nimo de publicaci\u00f3n.<\/p>\n\n\n\n<h3 class=\"wp-block-heading\"><strong><em>CRONOGRAMA DE INSCRIPCI\u00d3N<\/em><\/strong><\/h3>\n\n\n\n<p><span class=\"post-content__span\"> <strong>PONENCIAS:<\/strong><\/p>\n\n\n\n<figure class=\"wp-block-table is-style-stripes table\"><table class=\"has-fixed-layout\"><thead><tr><th>ACTIVIDAD<\/th><th>FECHAS<\/th><\/tr><\/thead><tbody><tr><td>\n<p><span class=\"post-content__span\"> Apertura y difusi\u00f3n de la convocatoria<\/p>\n<\/td><td>\n<p><span class=\"post-content__span\"> 18 de febrero de 2022<\/p>\n<\/td><\/tr><tr><td>\n<p><span class=\"post-content__span\"> Recepci\u00f3n de iniciativas, memorias y autorizaci\u00f3n de publicaci\u00f3n.<\/p>\n<p><span class=\"post-content__span\"> hasta el<\/p>\n<\/td><td>\n<p><span class=\"post-content__span\"> 1 de abril de 2022<\/p>\n<\/td><\/tr><tr><td>\n<p><span class=\"post-content__span\"> Publicaci\u00f3n de resultados<\/p>\n<\/td><td>\n<p><span class=\"post-content__span\"> 8 de abril de 2022<\/p>\n<\/td><\/tr><tr><td>\n<p><span class=\"post-content__span\"> Jornada de Apropiaci\u00f3n Social del Conocimiento<\/p>\n<\/td><td>\n<p><span class=\"post-content__span\"> 22 de abril de 2022<\/p>\n<\/td><\/tr><\/tbody><\/table><\/figure>\n\n\n\n<h3 class=\"wp-block-heading\"><strong><em>CERTIFICACI\u00d3N DEL EVENTO<\/em><\/strong><\/h3>\n\n\n\n<p><span class=\"post-content__span\"> A los investigadores que participen como ponentes en la Jornada de Apropiaci\u00f3n Social del Conocimiento de la facultad de Ciencias de la Educaci\u00f3n, se les certifica:<\/p>\n\n\n\n<ul class=\"wp-block-list\">\n<li>Su participaci\u00f3n en el evento como ponente.<\/li>\n\n\n\n<li>Certificados de cap\u00edtulo de libro resultado de investigaci\u00f3n de acuerdo a los criterios definidos por Minciencias.<\/li>\n<\/ul>\n\n\n\n<p><span class=\"post-content__span\"> <strong><em>ASISTENTES<\/em><\/strong><\/p>\n\n\n\n<p><span class=\"post-content__span\"> Se otorgar\u00e1 certificado de asistencia. Formulario de Inscripci\u00f3n:&nbsp;<a href=\"https:\/\/docs.google.com\/forms\/d\/e\/1FAIpQLSc8p3TTSg9wkNBEa_TIjjh3dHQ_wHOHOtcC9eqj_wCMWyeh8g\/viewform\"><strong>\u200bInscripciones Asistentes\u200b<\/strong><\/a><\/p>\n\n\n\n<figure class=\"wp-block-table is-style-stripes table\"><table class=\"has-fixed-layout\"><thead><tr><th>CRONOGRAMA<\/th><th>FEHAS<\/th><\/tr><\/thead><tbody><tr><td>\n<p><span class=\"post-content__span\"> Registro de asistentes<\/p>\n<\/td><td>\n<p><span class=\"post-content__span\"> 18 de febrero de 2022<\/p>\n<\/td><\/tr><tr><td>\n<p><span class=\"post-content__span\"> Jornada de Apropiaci\u00f3n Social del Conocimiento<\/p>\n<\/td><td>\n<p><span class=\"post-content__span\"> 21 de abril de 2022<\/p>\n<\/td><\/tr><\/tbody><\/table><\/figure>\n\n\n\n<h3 class=\"wp-block-heading\"><strong><em>M\u00c1S INFORMACI\u00d3N<\/em><\/strong><\/h3>\n\n\n\n<p><span class=\"post-content__span\"> <strong>Jhonnier Adrian Rios Galvis<\/strong><\/p>\n\n\n\n<p><span class=\"post-content__span\"> Vicerrector\u00eda de Investigaciones, Innovaci\u00f3n y Extensi\u00f3n<\/p>\n\n\n\n<p><span class=\"post-content__span\"> Tel\u00e9fono: 3206095784<\/p>\n\n\n\n<p><span class=\"post-content__span\"> Email: <a href=\"mailto:investigaciones@utp.edu.co\">investigaciones@utp.edu.co<\/a><\/p>\n","protected":false},"excerpt":{"rendered":"<p>PROGRAMACI\u00d3N [Ver] Programaci\u00f3n del evento viernes, 22 de abril del 2022. INSCRIPCI\u00d3N ASISTENTES [Ver]&nbsp;\u200bFormulario de inscripci\u00f3n RESULTADOS \u200b[Ver] Listado Ponencias Inscritas y cumplimiento de requisitos. Fecha de publicaci\u00f3n:&nbsp;08 de abril [&#8230;]<\/p>\n","protected":false},"author":0,"featured_media":10294,"comment_status":"closed","ping_status":"closed","sticky":false,"template":"","format":"standard","meta":{"footnotes":""},"categories":[7],"tags":[],"class_list":["post-4631","post","type-post","status-publish","format-standard","has-post-thumbnail","hentry","category-convocatorias"],"_links":{"self":[{"href":"https:\/\/vicerrectorias.utp.edu.co\/viie\/wp-json\/wp\/v2\/posts\/4631","targetHints":{"allow":["GET"]}}],"collection":[{"href":"https:\/\/vicerrectorias.utp.edu.co\/viie\/wp-json\/wp\/v2\/posts"}],"about":[{"href":"https:\/\/vicerrectorias.utp.edu.co\/viie\/wp-json\/wp\/v2\/types\/post"}],"replies":[{"embeddable":true,"href":"https:\/\/vicerrectorias.utp.edu.co\/viie\/wp-json\/wp\/v2\/comments?post=4631"}],"version-history":[{"count":3,"href":"https:\/\/vicerrectorias.utp.edu.co\/viie\/wp-json\/wp\/v2\/posts\/4631\/revisions"}],"predecessor-version":[{"id":11879,"href":"https:\/\/vicerrectorias.utp.edu.co\/viie\/wp-json\/wp\/v2\/posts\/4631\/revisions\/11879"}],"wp:featuredmedia":[{"embeddable":true,"href":"https:\/\/vicerrectorias.utp.edu.co\/viie\/wp-json\/wp\/v2\/media\/10294"}],"wp:attachment":[{"href":"https:\/\/vicerrectorias.utp.edu.co\/viie\/wp-json\/wp\/v2\/media?parent=4631"}],"wp:term":[{"taxonomy":"category","embeddable":true,"href":"https:\/\/vicerrectorias.utp.edu.co\/viie\/wp-json\/wp\/v2\/categories?post=4631"},{"taxonomy":"post_tag","embeddable":true,"href":"https:\/\/vicerrectorias.utp.edu.co\/viie\/wp-json\/wp\/v2\/tags?post=4631"}],"curies":[{"name":"wp","href":"https:\/\/api.w.org\/{rel}","templated":true}]}}