{"id":4611,"date":"2023-01-31T09:43:17","date_gmt":"2023-12-01T14:53:00","guid":{"rendered":""},"modified":"2023-08-01T11:30:46","modified_gmt":"2023-12-01T14:53:00","slug":"xii-encuentro-departamental-de-semilleros-de-investigacion-de-risaralda","status":"publish","type":"post","link":"https:\/\/vicerrectorias.utp.edu.co\/viie\/xii-encuentro-departamental-de-semilleros-de-investigacion-de-risaralda\/","title":{"rendered":"XII ENCUENTRO DEPARTAMENTAL DE SEMILLEROS DE INVESTIGACI\u00d3N DE RISARALDA"},"content":{"rendered":"<div class=\"wp-block-image\">\n<figure class=\"aligncenter is-resized\"><img loading=\"lazy\" decoding=\"async\" src=\"https:\/\/media2.utp.edu.co\/imagenes\/Encuentro%20copia.jpg\" alt=\"\" width=\"600\" height=\"338\"\/><\/figure>\n<\/div>\n\n\n<p><span class=\"post-content__span\"> <strong>PRESENTACI\u00d3N<\/strong><\/p>\n\n\n\n<p><span class=\"post-content__span\"> Este evento se desarrolla anualmente desde el a\u00f1o 2011 en el departamento de Risaralda, con la participaci\u00f3n de las siguientes Instituciones de Educaci\u00f3n:<\/p>\n\n\n\n<ul class=\"wp-block-list\">\n<li>Fundaci\u00f3n Universitaria del \u00c1rea Andina<\/li>\n\n\n\n<li>Universidad Cat\u00f3lica de Pereira<\/li>\n\n\n\n<li>Universidad Cooperativa de Colombia<\/li>\n\n\n\n<li>Corporaci\u00f3n Universitaria Santa Rosa de Cabal \u2013 UNISARC<\/li>\n\n\n\n<li>Universidad Tecnol\u00f3gica de Pereira<\/li>\n\n\n\n<li>Universidad Libre Seccional Pereira<\/li>\n\n\n\n<li>Instituto de Capacitaci\u00f3n Comfamiliar Risaralda<\/li>\n\n\n\n<li>Fundaci\u00f3n Universitaria Comfamiliar Risaralda<\/li>\n\n\n\n<li>Universidad Nacional Abierta y a Distancia \u2013 UNAD<\/li>\n\n\n\n<li>SENA Risaralda.<\/li>\n\n\n\n<li>Corporaci\u00f3n Universitaria Minuto de Dios \u2013 UNIMINUTO<\/li>\n\n\n\n<li>Instituci\u00f3n Universitaria Visi\u00f3n de las Am\u00e9ricas.<\/li>\n\n\n\n<li>Fundaci\u00f3n Universitaria Uniclaretiana<\/li>\n\n\n\n<li>Corporaci\u00f3n Instituto de Administraci\u00f3n y Finanzas \u2013 CIAF<\/li>\n\n\n\n<li>Corporaci\u00f3n Universitaria REMINGTON<\/li>\n<\/ul>\n\n\n\n<p><span class=\"post-content__span\"> Con el Encuentro se brinda la posibilidad a los integrantes de los semilleros de investigaci\u00f3n de reflexionar sobre problem\u00e1ticas del entorno y proponer alternativas que conduzcan a la comprensi\u00f3n y soluci\u00f3n de estas, en los diferentes campos del saber, conducentes al desarrollo regional y nacional.<\/p>\n\n\n\n<p><span class=\"post-content__span\"> Este evento est\u00e1 pensado como un espacio acad\u00e9mico de socializaci\u00f3n de experiencias y aprendizajes investigativos de estudiantes de pregrado, desarrollados con rigor cient\u00edfico, permitiendo de esta manera la consolidaci\u00f3n de una comunidad acad\u00e9mica multidisciplinar e interdisciplinar.<\/p>\n\n\n\n<h3 class=\"wp-block-heading\"><strong>OBJETIVOS<\/strong><\/h3>\n\n\n\n<p><span class=\"post-content__span\"> <strong>Objetivo General<\/strong><\/p>\n\n\n\n<p><span class=\"post-content__span\"> Propiciar espacios de encuentro acad\u00e9mico, entre los integrantes de los Semilleros de Investigaci\u00f3n para la socializaci\u00f3n de sus avances en investigaci\u00f3n, en los diferentes campos del saber.<\/p>\n\n\n\n<p><span class=\"post-content__span\"> <strong>Objetivos Espec\u00edficos<\/strong><\/p>\n\n\n\n<ul class=\"wp-block-list\">\n<li>Realizar un proceso de integraci\u00f3n regional a trav\u00e9s del fomento a la investigaci\u00f3n formativa en Ciencia, Tecnolog\u00eda e Innovaci\u00f3n en el Departamento.<\/li>\n\n\n\n<li>Fomentar la interacci\u00f3n de los Semilleros de Investigaci\u00f3n en \u00e1reas de inter\u00e9s com\u00fan.<\/li>\n\n\n\n<li>Socializar experiencias de la investigaci\u00f3n formativa y promover el debate acad\u00e9mico como un escenario propicio para los aprendizajes de los investigadores en formaci\u00f3n.<\/li>\n\n\n\n<li>Promover la difusi\u00f3n de los resultados de las investigaciones desarrolladas por los Semilleros de investigaci\u00f3n.<\/li>\n<\/ul>\n\n\n\n<h3 class=\"wp-block-heading\"><strong>\u00bfQUI\u00c9NES PUEDEN PARTICIPAR?<\/strong><\/h3>\n\n\n\n<p><span class=\"post-content__span\"> Podr\u00e1n participar en calidad de&nbsp;<em>Ponentes&nbsp;<\/em>los estudiantes de pregrado vinculados a Semilleros de Investigaci\u00f3n de las Instituciones de Educaci\u00f3n adscritas a la RREDSI nodo Risaralda, cuyos trabajos de investigaci\u00f3n sean evaluados y aprobados por los pares establecidos para dicho fin.<\/p>\n\n\n\n<p><span class=\"post-content__span\"> <strong>NOTA 1:<\/strong>&nbsp;Por cada ponencia o p\u00f3ster se podr\u00e1n inscribir un m\u00e1ximo de&nbsp;dos ponentes, es decir, los dem\u00e1s miembros del semillero o tutor del mismo en caso de participar en el evento deber\u00e1n inscribirse como asistentes.<\/p>\n\n\n\n<p><span class=\"post-content__span\"> <strong>NOTA 2:<\/strong>&nbsp;Los ponentes deben ser estudiantes activos de pregrado en el momento de cierre de la convocatoria&nbsp;<strong>(01 de abril de 2022).<\/strong><\/p>\n\n\n\n<p><span class=\"post-content__span\"> <strong>MODALIDADES DE PARTICIPACI\u00d3N DE LOS PONENTES<\/strong><\/p>\n\n\n\n<p><span class=\"post-content__span\"> <strong>Proyectos de Investigaci\u00f3n<\/strong><\/p>\n\n\n\n<p><span class=\"post-content__span\"> <span>Proyectos cuyo fin \u00faltimo sea generar un aporte en Ciencia, Tecnolog\u00eda e Innovaci\u00f3n:<\/span><\/p>\n\n\n\n<ul class=\"wp-block-list\">\n<li><strong>Proyectos en Curso<\/strong><\/li>\n<\/ul>\n\n\n\n<p><span class=\"post-content__span\"> Son aquellos que, teniendo un proyecto, se encuentran en alguna de las fases o etapas planteadas dentro del mismo, por ejemplo: elaboraci\u00f3n del estado del arte, elaboraci\u00f3n de instrumentos, recolecci\u00f3n de la informaci\u00f3n o an\u00e1lisis de la informaci\u00f3n.<\/p>\n\n\n\n<ul class=\"wp-block-list\">\n<li><strong>Proyectos Terminados<\/strong><\/li>\n<\/ul>\n\n\n\n<p><span class=\"post-content__span\"> Corresponde a los trabajos que ya han elaborado informe final y, por lo tanto, tienen resultados finales\/conclusiones de sus investigaciones.<\/p>\n\n\n\n<p><span class=\"post-content__span\"> <strong>NOTA:&nbsp;<\/strong>Los Proyectos de Investigaci\u00f3n ser\u00e1n presentados en forma oral; y contar\u00e1n con un espacio de 15 minutos para el desarrollo de la ponencia y 5 minutos para dar respuesta a los evaluadores, m\u00e1s 20 minutos para un panel que se realizar\u00e1 al finalizar cada jornada de exposiciones.<\/p>\n\n\n\n<p><span class=\"post-content__span\"> El trabajo ser\u00e1 presentado m\u00e1ximo por dos estudiantes del semillero, quienes deber\u00e1n estar en toda la jornada de exposici\u00f3n y permanecer hasta que finalicen las ponencias, para participar en el panel de discusi\u00f3n y obtener el puntaje que se asigna a dicho criterio en la evaluaci\u00f3n.<\/p>\n\n\n\n<p><span class=\"post-content__span\"> <strong>P\u00f3ster de Propuesta de Investigaci\u00f3n<\/strong><\/p>\n\n\n\n<p><span class=\"post-content__span\"> Son presentaciones gr\u00e1ficas de las propuestas de investigaci\u00f3n espec\u00edficas a modo de afiche, que no presentan resultados parciales o definitivos (No incluye proyectos en curso ni finalizados). La propuesta de p\u00f3ster debe contener el documento te\u00f3rico acompa\u00f1ado del dise\u00f1o digital.<\/p>\n\n\n\n<p><span class=\"post-content__span\"> Los posters ser\u00e1n sustentados por sus autores durante el evento en forma oral; y se establecer\u00e1 la metodolog\u00eda una vez publicados los resultados definitivos.<\/p>\n\n\n<div class=\"wp-block-image\">\n<figure class=\"aligncenter size-large is-resized\"><img loading=\"lazy\" decoding=\"async\" src=\"https:\/\/vicerrectorias.utp.edu.co\/viie\/wp-content\/uploads\/sites\/3\/cronograma%20XI%20encuentro.png\" alt=\"\" width=\"460\" height=\"214\"\/><\/figure>\n<\/div>\n\n\n<p><span class=\"post-content__span\"> <a href=\"https:\/\/docs.google.com\/forms\/d\/e\/1FAIpQLSfhJxBFI25tgcVwkdbhTCzWxJrXri-PEBD8koqKGwG4CIlvnw\/viewform\">FORMULARIO INSCRIPCI\u00d2N&nbsp; XII ENCUENTRO DEPARTAMENTAL DE SEMILLEROS DE INVESTIGACI\u00d2N&nbsp;<strong>[VER]<\/strong><\/a><\/p>\n\n\n\n<p><span class=\"post-content__span\"> <a href=\"https:\/\/docs.google.com\/forms\/d\/e\/1FAIpQLSd6g90QpcnQ-nc20DGUJ50E_qDp4mTtU4c2mv5x9kh05dZjvQ\/viewform\">FORMULARIO INSCRIPCI\u00d3N ASISTENTES<strong> [VER)<\/strong><\/a><\/p>\n\n\n\n<p><span class=\"post-content__span\"> <strong>DOCUMENTOS ANEXOS DE LA CONVOCATORIA<\/strong><\/p>\n\n\n\n<ul class=\"wp-block-list\">\n<li><strong>T\u00c9RMINOS DE REFERENCIA:&nbsp;<a href=\"https:\/\/media2.utp.edu.co\/archivos\/T%C3%89RMINOS-DE-REFERENCIA%20.pdf\">&nbsp;<\/a><\/strong><a href=\"https:\/\/media2.utp.edu.co\/archivos\/T%C3%89RMINOS-DE-REFERENCIA%20.pdf\">[DESCARGAR]<\/a><\/li>\n\n\n\n<li><strong>DESCARGAR ANEXO 1:<a class=\"download-link\" href=\"https:\/\/rredsi.co\/download\/2506\/\" rel=\"nofollow\" title=\"\">&nbsp;<\/a><\/strong><a href=\"https:\/\/media2.utp.edu.co\/archivos\/FORMATO-PROYECTO-EN-CURSO-O-TERMINADO.-1-1.docx\">FORMATO PROYECTO EN CURSO O TERMINADO&nbsp;<\/a><\/li>\n\n\n\n<li><strong>DESCARGAR ANEXO 2:<\/strong>&nbsp;<a href=\"https:\/\/media2.utp.edu.co\/archivos\/FORMATO-DE-PRESENTACI%C3%93N-DEL-P%C3%93STER.docx\">FORMATO DE PRESENTACI\u00d3N DEL P\u00d3STER&nbsp;<\/a><\/li>\n\n\n\n<li><strong>DESCARGAR ANEXO 3:&nbsp;<\/strong><a href=\"https:\/\/media2.utp.edu.co\/archivos\/CARTA-AVAL-DEL-TUTOR.docx\">CARTA AVAL DEL TUTOR<\/a><\/li>\n<\/ul>\n","protected":false},"excerpt":{"rendered":"<p>PRESENTACI\u00d3N Este evento se desarrolla anualmente desde el a\u00f1o 2011 en el departamento de Risaralda, con la participaci\u00f3n de las siguientes Instituciones de Educaci\u00f3n: Con el Encuentro se brinda la [&#8230;]<\/p>\n","protected":false},"author":0,"featured_media":0,"comment_status":"closed","ping_status":"closed","sticky":false,"template":"","format":"standard","meta":{"footnotes":""},"categories":[7],"tags":[],"class_list":["post-4611","post","type-post","status-publish","format-standard","hentry","category-convocatorias"],"_links":{"self":[{"href":"https:\/\/vicerrectorias.utp.edu.co\/viie\/wp-json\/wp\/v2\/posts\/4611","targetHints":{"allow":["GET"]}}],"collection":[{"href":"https:\/\/vicerrectorias.utp.edu.co\/viie\/wp-json\/wp\/v2\/posts"}],"about":[{"href":"https:\/\/vicerrectorias.utp.edu.co\/viie\/wp-json\/wp\/v2\/types\/post"}],"replies":[{"embeddable":true,"href":"https:\/\/vicerrectorias.utp.edu.co\/viie\/wp-json\/wp\/v2\/comments?post=4611"}],"version-history":[{"count":3,"href":"https:\/\/vicerrectorias.utp.edu.co\/viie\/wp-json\/wp\/v2\/posts\/4611\/revisions"}],"predecessor-version":[{"id":11129,"href":"https:\/\/vicerrectorias.utp.edu.co\/viie\/wp-json\/wp\/v2\/posts\/4611\/revisions\/11129"}],"wp:attachment":[{"href":"https:\/\/vicerrectorias.utp.edu.co\/viie\/wp-json\/wp\/v2\/media?parent=4611"}],"wp:term":[{"taxonomy":"category","embeddable":true,"href":"https:\/\/vicerrectorias.utp.edu.co\/viie\/wp-json\/wp\/v2\/categories?post=4611"},{"taxonomy":"post_tag","embeddable":true,"href":"https:\/\/vicerrectorias.utp.edu.co\/viie\/wp-json\/wp\/v2\/tags?post=4611"}],"curies":[{"name":"wp","href":"https:\/\/api.w.org\/{rel}","templated":true}]}}