{"id":4601,"date":"2022-02-16T09:28:33","date_gmt":"2022-02-16T08:28:33","guid":{"rendered":""},"modified":"2023-11-30T14:26:51","modified_gmt":"2023-11-30T13:26:51","slug":"convocatoria-para-elegir-representante-estudiantil-de-pregrado-comite-central-de-investigaciones","status":"publish","type":"post","link":"https:\/\/vicerrectorias.utp.edu.co\/viie\/convocatoria-para-elegir-representante-estudiantil-de-pregrado-comite-central-de-investigaciones\/","title":{"rendered":"CONVOCATORIA PARA ELEGIR REPRESENTANTE ESTUDIANTIL DE PREGRADO COMIT\u00c9 CENTRAL DE INVESTIGACIONES"},"content":{"rendered":"\n<p><span class=\"post-content__span\"> <span><strong>OBJETIVO:&nbsp;<\/strong>Seleccionar el representante estudiantil de pregrado ante el Comit\u00e9 Central de Investigaciones, seg\u00fan el Acuerdo del Consejo Superior Universitario&nbsp;<a href=\"https:\/\/www2.utp.edu.co\/vicerrectoria\/investigaciones\/acuerdos.html\" target=\"_blank\" rel=\"noopener noreferrer\">No 028 del 03 de agosto de 2016<\/a>&nbsp;por medio del cual se actualiza la normatividad vigente sobre fomento a la investigaci\u00f3n en la Universidad Tecnol\u00f3gica de Pereira y se adoptan otras disposiciones.<\/span><\/p>\n\n\n\n<p><span class=\"post-content__span\"> <strong>DIRIGIDO A:<\/strong><span>&nbsp;Estudiantes de pregrado de la Universidad Tecnol\u00f3gica de Pereira que se encuentren activos financiera y acad\u00e9micamente y est\u00e9n vinculados institucionalmente a un grupo o semillero de investigaci\u00f3n y que cuenten con al menos una publicaci\u00f3n (art\u00edculo, cap\u00edtulo de libro, libro, memorias en eventos, etc).<\/span><\/p>\n\n\n\n<h3 class=\"wp-block-heading\"><span><strong>GENERALIDADES<\/strong><\/span><\/h3>\n\n\n\n<ol class=\"wp-block-list\">\n<li><span>La presente convocatoria tiene como fin dar cumplimiento a lo establecido en el Acuerdo del Consejo Superior Universitario\u00a0<a href=\"https:\/\/vicerrectorias.utp.edu.co\/viie\/sin-categoria\/acuerdos\/\" target=\"_blank\" rel=\"noreferrer noopener\">No 028 del 03 de agosto de 2016<\/a>\u00a0por medio del cual se actualiza la normatividad vigente sobre fomento a la investigaci\u00f3n en la Universidad Tecnol\u00f3gica de Pereira y se adoptan otras disposiciones, en el cual en su cap\u00edtulo III y en su art\u00edculo 9, establece que el comit\u00e9 estar\u00e1 conformado por:<\/span><\/li>\n<\/ol>\n\n\n\n<ul class=\"wp-block-list\">\n<li><span><span>Un representante de los estudiantes de pregrado de la Universidad Tecnol\u00f3gica de Pereira, que pertenezca a un grupo de investigaci\u00f3n o semillero de investigaci\u00f3n y que cuente con al menos una publicaci\u00f3n.<\/span><\/span><\/li>\n<\/ul>\n\n\n\n<ol class=\"wp-block-list\" start=\"2\">\n<li><span>Las funciones del Comit\u00e9 Central de Investigaciones seg\u00fan el Acuerdo del Consejo Superior Universitario\u00a0<\/span><a href=\"https:\/\/vicerrectorias.utp.edu.co\/viie\/sin-categoria\/acuerdos\/\" target=\"_blank\" rel=\"noreferrer noopener\">No 028 del 03 de agosto de 2016<\/a><span>\u00a0\u00a0son las siguientes:<\/span><\/li>\n<\/ol>\n\n\n\n<ul class=\"wp-block-list\">\n<li><span>&nbsp;<span>Asesorar a la Vicerrector\u00eda de Investigaciones, Innovaci\u00f3n y Extensi\u00f3n en temas relacionados con el fomento a la investigaci\u00f3n, para el cumplimiento de sus objetivos.<\/span><\/span><\/li>\n\n\n\n<li><span>Recomendar al Consejo Acad\u00e9mico orientaciones o medidas concretas sobre pol\u00edticas o aspectos organizacionales de la investigaci\u00f3n.<\/span><\/li>\n\n\n\n<li><span>Presentar a consideraci\u00f3n del Consejo Acad\u00e9mico los criterios para la asignaci\u00f3n de los recursos en las convocatorias internas.<\/span><\/li>\n\n\n\n<li><span>Presentar a consideraci\u00f3n del Consejo Acad\u00e9mico los criterios para los distintos reconocimientos y premios de los investigadores de la Universidad.<\/span><\/li>\n\n\n\n<li><span>Asesorar en el dise\u00f1o de los t\u00e9rminos de referencia de las convocatorias para la financiaci\u00f3n interna de proyectos de investigaci\u00f3n.<\/span><\/li>\n\n\n\n<li><span>Acompa\u00f1ar el proceso de selecci\u00f3n y clasificar los proyectos a financiar de acuerdo con los resultados de cada convocatoria, respetando los criterios aprobados por el Consejo Acad\u00e9mico.<\/span><\/li>\n\n\n\n<li><span>Analizar y aprobar la creaci\u00f3n de nuevos grupos y semilleros de investigaci\u00f3n procurando la consolidaci\u00f3n y el fortalecimiento de los mismos, y de acuerdo con el Plan de Gesti\u00f3n de las facultades.<\/span><\/li>\n<\/ul>\n\n\n\n<ol class=\"wp-block-list\" start=\"3\">\n<li><span><span>Las reuniones del Comit\u00e9 Central de Investigaciones se llevan a cabo una vez al mes como m\u00ednimo, los viernes de 3:00 a 5:00 p.m.<\/span><\/span><\/li>\n<\/ol>\n\n\n\n<p><span class=\"post-content__span\"> <strong>MODO DE PARTICIPACI\u00d3N:&nbsp;<\/strong><span>Los estudiantes interesados deber\u00e1n diligenciar el siguiente formulario:&nbsp;<\/span><a href=\"https:\/\/forms.gle\/hf5ey7LK95ZE8ckRA\" target=\"_blank\" rel=\"noopener noreferrer\">VER<\/a><span>, para manifestar su postulaci\u00f3n.<\/span><\/p>\n\n\n\n<p><span class=\"post-content__span\"> <strong>PROCESO DE EVALUACI\u00d3N:<\/strong><span>&nbsp;La evaluaci\u00f3n la realizar\u00e1 el Comit\u00e9 Central de Investigaciones, con base en la trayectoria en investigaci\u00f3n del candidato (Verificaci\u00f3n Cvlac y base de datos interna Vicerrector\u00eda de Investigaciones, Innovaci\u00f3n y Extensi\u00f3n).<\/span><\/p>\n\n\n\n<h3 class=\"wp-block-heading\"><strong>CRONOGRAMA:<\/strong><\/h3>\n\n\n\n<p><span class=\"post-content__span\"> <span><strong>Fecha de apertura: <\/strong>lunes 14 de febrero de 2022<\/span><\/p>\n\n\n\n<p><span class=\"post-content__span\"> <span><strong>Fecha de cierre: <\/strong>lunes 28 de febrero de 2022<\/span><\/p>\n\n\n\n<h3 class=\"wp-block-heading\"><strong>MAYORES INFORMES:<\/strong><\/h3>\n\n\n\n<p><span class=\"post-content__span\"> <strong><span>Yesica Marcela Rojas Orozco<\/span><\/strong><\/p>\n\n\n\n<p><span class=\"post-content__span\"> <span>Profesional Administraci\u00f3n Institucional de la Investigaci\u00f3n<\/span><\/p>\n\n\n\n<p><span class=\"post-content__span\"> <span><a href=\"mailto:investigaciones@utp.edu.co\" target=\"_blank\" rel=\"noopener noreferrer\">investigaciones@utp.edu.co<\/a><\/span><\/p>\n\n\n\n<p><span class=\"post-content__span\"> <span>3137309<\/span><\/p>\n","protected":false},"excerpt":{"rendered":"<p>OBJETIVO:&nbsp;Seleccionar el representante estudiantil de pregrado ante el Comit\u00e9 Central de Investigaciones, seg\u00fan el Acuerdo del Consejo Superior Universitario&nbsp;No 028 del 03 de agosto de 2016&nbsp;por medio del cual se [&#8230;]<\/p>\n","protected":false},"author":0,"featured_media":10293,"comment_status":"closed","ping_status":"closed","sticky":false,"template":"","format":"standard","meta":{"footnotes":""},"categories":[7],"tags":[],"class_list":["post-4601","post","type-post","status-publish","format-standard","has-post-thumbnail","hentry","category-convocatorias"],"_links":{"self":[{"href":"https:\/\/vicerrectorias.utp.edu.co\/viie\/wp-json\/wp\/v2\/posts\/4601","targetHints":{"allow":["GET"]}}],"collection":[{"href":"https:\/\/vicerrectorias.utp.edu.co\/viie\/wp-json\/wp\/v2\/posts"}],"about":[{"href":"https:\/\/vicerrectorias.utp.edu.co\/viie\/wp-json\/wp\/v2\/types\/post"}],"replies":[{"embeddable":true,"href":"https:\/\/vicerrectorias.utp.edu.co\/viie\/wp-json\/wp\/v2\/comments?post=4601"}],"version-history":[{"count":2,"href":"https:\/\/vicerrectorias.utp.edu.co\/viie\/wp-json\/wp\/v2\/posts\/4601\/revisions"}],"predecessor-version":[{"id":11517,"href":"https:\/\/vicerrectorias.utp.edu.co\/viie\/wp-json\/wp\/v2\/posts\/4601\/revisions\/11517"}],"wp:featuredmedia":[{"embeddable":true,"href":"https:\/\/vicerrectorias.utp.edu.co\/viie\/wp-json\/wp\/v2\/media\/10293"}],"wp:attachment":[{"href":"https:\/\/vicerrectorias.utp.edu.co\/viie\/wp-json\/wp\/v2\/media?parent=4601"}],"wp:term":[{"taxonomy":"category","embeddable":true,"href":"https:\/\/vicerrectorias.utp.edu.co\/viie\/wp-json\/wp\/v2\/categories?post=4601"},{"taxonomy":"post_tag","embeddable":true,"href":"https:\/\/vicerrectorias.utp.edu.co\/viie\/wp-json\/wp\/v2\/tags?post=4601"}],"curies":[{"name":"wp","href":"https:\/\/api.w.org\/{rel}","templated":true}]}}