{"id":4321,"date":"2022-01-14T17:38:48","date_gmt":"2023-12-01T14:53:00","guid":{"rendered":""},"modified":"2023-07-17T15:54:12","modified_gmt":"2023-12-01T14:53:00","slug":"convocatoria-interna-para-financiar-proyectos-de-los-semilleros-de-investigacion-ano-2021","status":"publish","type":"post","link":"https:\/\/vicerrectorias.utp.edu.co\/viie\/convocatoria-interna-para-financiar-proyectos-de-los-semilleros-de-investigacion-ano-2021\/","title":{"rendered":"CONVOCATORIA INTERNA PARA FINANCIAR PROYECTOS DE LOS SEMILLEROS DE INVESTIGACI\u00d3N A\u00d1O 2021"},"content":{"rendered":"\n<h3 class=\"wp-block-heading\"><strong><span>RESULTADOS&nbsp;<\/span><\/strong><\/h3>\n\n\n\n<ul class=\"wp-block-list\">\n<li><a style=\"font-size: revert;\" href=\"https:\/\/media2.utp.edu.co\/archivos\/BANCO%20DE%20FINANCIABLES%20CONVOCATORIA%20SEMILLEROS.pdf\"><strong>[Ver]\u00a0Listado banco de proyectos financiables.<\/strong><\/a> <\/li>\n\n\n\n<li><strong>Fecha de Publicaci\u00f3n:&nbsp;<\/strong>14&nbsp;de enero de 2022.<\/li>\n<\/ul>\n\n\n\n<hr class=\"wp-block-separator has-css-opacity\"\/>\n\n\n\n<h3 class=\"wp-block-heading\">&nbsp;<strong>REVISI\u00d3N DE SUBSANACIONES<\/strong><\/h3>\n\n\n\n<ul class=\"wp-block-list\">\n<li><a style=\"font-size: revert;\" href=\"https:\/\/media2.utp.edu.co\/archivos\/RESULTADO%20DE%20REVISIO%CC%81N%20SUBSANACION%20SEMILLEROS.pdf\"><strong>[Ver]\u00a0<\/strong>Listado de las propuestas presentadas y su resultado de cumplimiento<\/a> <\/li>\n\n\n\n<li><strong style=\"font-size: revert; color: initial;\">Fecha de Publicaci\u00f3n:<\/strong><span style=\"font-size: revert; color: initial;\"> 19\u00a0de noviembre del 2021<\/span> <\/li>\n<\/ul>\n\n\n\n<hr class=\"wp-block-separator has-css-opacity\"\/>\n\n\n\n<h3 class=\"wp-block-heading\"><strong><span>RESULTADOS CUMPLIMIENTO DE REQUISITOS M\u00cdNIMOS<\/span><\/strong><\/h3>\n\n\n\n<ul class=\"wp-block-list\">\n<li><a style=\"font-size: revert;\" href=\"https:\/\/media2.utp.edu.co\/archivos\/CONVOCATORIA%20INTERNA%20SEMILLEROS%20DE%20INVESTIGACIO%CC%81N%20%281%29.pdf\"><strong>[Ver]\u00a0<\/strong>Listado de las propuestas presentadas y su resultado de cumplimiento<\/a> <\/li>\n\n\n\n<li><p><span class=\"post-content__span\"> <strong>Fecha de Publicaci\u00f3n: <\/strong>04\u00a0de noviembre del 2021<\/p> <\/li>\n<\/ul>\n\n\n\n<hr class=\"wp-block-separator has-css-opacity\"\/>\n\n\n\n<h3 class=\"wp-block-heading\"><strong>ACUERDO CONSEJO ACAD\u00c9MICO No.&nbsp;41<\/strong><\/h3>\n\n\n\n<p><span class=\"post-content__span\"> POR MEDIO DEL CUAL SE APRUEBA&nbsp;LA CONVOCATORIA PARA FINANCIAR PROYECTOS DE LOS SEMILLEROS DE INVESTIGACI\u00d3N DE LA UNIVERSIDAD TECNOL\u00d3GICA DE PEREIRA A\u00d1O 2021 <span><strong><a href=\"https:\/\/media2.utp.edu.co\/archivos\/Acuerdo%20No.%2041%20Convocatoria%20Interna%20Semilleros%20de%20Investigaci%C3%B3n%202021.pdf\">[Descargar]<\/a><\/strong><\/span><\/p>\n\n\n\n<hr class=\"wp-block-separator has-css-opacity\"\/>\n\n\n\n<h3 class=\"wp-block-heading\"><strong>CONVOCATORIA PARA FINANCIAR PROYECTOS DE LOS SEMILLEROS DE INVESTIGACI\u00d3N DE LA UNIVERSIDAD TECNOL\u00d3GICA DE PEREIRA A\u00d1O 2021<\/strong><\/h3>\n\n\n\n<p><span class=\"post-content__span\"> <span>La Universidad Tecnol\u00f3gica de Pereira en cumplimiento de su plan de desarrollo relacionado con el apoyo a la investigaci\u00f3n formativa a lo semilleros de investigaci\u00f3n, la presente convocatoria para financiar proyectos a partir del a\u00f1o 2022. En esta convocatoria se podr\u00e1n presentar propuestas en cualquier rama del saber, dentro del sano principio de la plena libertad de manifestaci\u00f3n de las actividades acad\u00e9micas.<\/span><\/p>\n\n\n\n<p><span class=\"post-content__span\"> <em><strong><span>Para evitar ser excluido por incumplimiento de los requisitos y formalidades descritos en la presente convocatoria, podr\u00e1 asesorarse&nbsp; en la Vicerrector\u00eda de Investigaciones, Innovaci\u00f3n y Extensi\u00f3n (VIIyE) antes de presentar finalmente el proyecto.<\/span><\/strong><\/em><\/p>\n\n\n\n<h3 class=\"wp-block-heading\"><strong>DIRIGIDO A<\/strong><\/h3>\n\n\n\n<p><span class=\"post-content__span\"> <span>Semilleros de investigaci\u00f3n que se encuentren formalmente institucionalizados en la Vicerrector\u00eda de Investigaciones, Innovaci\u00f3n y Extensi\u00f3n, con m\u00ednimo un a\u00f1o de creaci\u00f3n a la fecha de apertura de la presente convocatoria (03 de septiembre de 2021) y adscrito a un Grupo de Investigaci\u00f3n Institucional.<\/span><\/p>\n\n\n\n<p><span class=\"post-content__span\"> <span>Los semilleros que se han reactivado deber\u00e1n cumplir con un a\u00f1o desde la fecha de su activaci\u00f3n hasta la apertura de la presente convocatoria (03 de septiembre de 2021).<\/span><\/p>\n\n\n\n<h3 class=\"wp-block-heading\"><strong>REQUISITOS GENERALES<\/strong><\/h3>\n\n\n\n<p><span class=\"post-content__span\"> <span>1.&nbsp;Podr\u00e1 ser presentada una propuesta por Semillero de Investigaci\u00f3n.<\/span><\/p>\n\n\n\n<p><span class=\"post-content__span\"> <span>2. Deber radicarse a trav\u00e9s de lazos@utp.edu.co a&nbsp;la Vicerrector\u00eda de Investigaciones, Innovaci\u00f3n y Extensi\u00f3n la carta de presentaci\u00f3n a la convocatoria (Ver Anexo 1). Fecha m\u00e1xima de radicaci\u00f3n: 8 de octubre de 2021 a las 6:00 p.m.<\/span><\/p>\n\n\n\n<p><span class=\"post-content__span\"> 3.&nbsp;<span>Una vez se cuente con la carta de presentaci\u00f3n radicada, se debe diligenciar el formulario de Google Forms&nbsp;<\/span><strong><a href=\"https:\/\/docs.google.com\/forms\/d\/e\/1FAIpQLSfTq03iv35QPSZmZgOJGceI54OdL9N2m5dSIDm_Rsv5cfCnkg\/viewform\">[Aqu\u00ed]<\/a>&nbsp;<\/strong><span>dise\u00f1ado para tal fin<\/span><span>&nbsp;antes del 15 de octubre de 2021, en el cual se deber\u00e1 anexar:<\/span><\/p>\n\n\n\n<ul class=\"wp-block-list\">\n<li><span>Carta de presentaci\u00f3n a la convocatoria radicada en formato PDF. (Ver anexo 1)<\/span><\/li>\n\n\n\n<li><span>Cuadro de participantes y certificaci\u00f3n de la propuesta en formato PDF o Word. (Ver anexo 2)<\/span><\/li>\n\n\n\n<li><span>Formulaci\u00f3n de la propuesta en formato PDF. (Ver anexo 3)<\/span><\/li>\n\n\n\n<li><span>Presupuesto de la propuesta en formato de Excel. (Ver anexo 4)<\/span><\/li>\n<\/ul>\n\n\n\n<p><span class=\"post-content__span\"> <span>4.&nbsp;Los estudiantes beneficiados con la financiaci\u00f3n deben presentar a la Vicerrector\u00eda de Investigaciones, Innovaci\u00f3n y Extensi\u00f3n al concluir el proyecto: un informe t\u00e9cnico, un p\u00f3ster o ponencia y un manuscrito de art\u00edculo publicable del mismo, de acuerdo a la gu\u00eda establecida. El no cumplimiento de este requisito, lo excluir\u00e1 de apoyo para participar en posteriores proyectos coordinados por la VIIyE o para ser aceptado como candidato a ser becado por MinCiencias y no se tramitar\u00e1 el paz y salvo requerido por Admisiones, Registro y Control Acad\u00e9mico para la graduaci\u00f3n del (los) estudiante (s).<\/span><\/p>\n\n\n\n<p><span class=\"post-content__span\"> <em><strong><span>Nota: Los estudiantes deber\u00e1n contemplar en el presupuesto presentado en la convocatoria el valor correspondiente al costo de la impresi\u00f3n del p\u00f3ster.<\/span><\/strong><\/em><\/p>\n\n\n\n<h3 class=\"wp-block-heading\"><strong>REQUISITOS ESPEC\u00cdFICOS<\/strong><\/h3>\n\n\n\n<p><span class=\"post-content__span\"> <span>Se apoyar\u00e1n los proyectos de investigaci\u00f3n presentados por los semilleros de acuerdo con:<\/span><\/p>\n\n\n\n<ul class=\"wp-block-list\">\n<li><span>El monto m\u00e1ximo de cada proyecto no podr\u00e1 exceder $4.000.000.<\/span><\/li>\n\n\n\n<li><span>Los rubros financiables son los correspondientes a: 1) materiales e insumos, 2) viajes, 3) bibliograf\u00eda, 4) servicios t\u00e9cnicos, 5) publicaci\u00f3n del trabajo, 6) Monitores. No se financian los siguientes rubros: contrataci\u00f3n de personas naturales, compra de equipos, construcciones, mantenimiento.<\/span><\/li>\n\n\n\n<li><span>El tiempo m\u00e1ximo para la ejecuci\u00f3n del proyecto es de un (1) a\u00f1o. No se aprueban pr\u00f3rrogas para la ejecuci\u00f3n del proyecto.<\/span><\/li>\n\n\n\n<li><span>La propuesta debe ser presentada por m\u00ednimo tres estudiantes de pregrado miembros activos del Semillero de Investigaci\u00f3n a la fecha de apertura de la convocatoria (03 de septiembre de 2021), de los cuales dos estudiantes deber\u00e1n estar cursando como m\u00e1ximo el 60% de su&nbsp;pensum acad\u00e9mico. Dicha informaci\u00f3n se verificar\u00e1 en la base de datos de la Vicerrector\u00eda de Investigaciones, Innovaci\u00f3n y Extensi\u00f3n.<\/span><\/li>\n\n\n\n<li><span>Una vez aprobada la propuesta y firmada el acta de inicio no se aceptar\u00e1n solicitudes para desvincular a ning\u00fan participante del proyecto.<\/span><\/li>\n\n\n\n<li><span>Se deber\u00e1 anexar en la ficha de identificaci\u00f3n del proyecto, lo relacionado al compromiso del tutor, aval del director del grupo de investigaci\u00f3n y el nivel de riesgo del comit\u00e9 de bio\u00e9tica.<\/span><\/li>\n\n\n\n<li><span>Las investigaciones que involucran animales deben ser evaluadas por un comit\u00e9 de \u00e9tica veterinaria. Este tr\u00e1mite debe realizarlo directamente el investigador principal que presenta la propuesta y anexar en la documentaci\u00f3n que remita a la convocatoria.<\/span><\/li>\n\n\n\n<li><span>Para las investigaciones que involucren seres humanos o agentes potencialmente pat\u00f3genos, (virus, bacterias, hongos, etc), la Vicerrector\u00eda de Investigaciones, Innovaci\u00f3n y Extensi\u00f3n tramitar\u00e1 el aval respectivo ante el Comit\u00e9 de Bio\u00e9tica de la Universidad Tecnol\u00f3gica de Pereira.<\/span><\/li>\n<\/ul>\n\n\n\n<h3 class=\"wp-block-heading\"><strong>CRONOGRAMA<\/strong><\/h3>\n\n\n\n<figure class=\"wp-block-image\"><img decoding=\"async\" src=\"https:\/\/media2.utp.edu.co\/imagenes\/CRONOGRAMA%283%29.PNG\" alt=\"\"\/><\/figure>\n\n\n\n<h3 class=\"wp-block-heading\"><strong>DOCUMENTOS ANEXOS A LA CONVOCATORIA<\/strong><\/h3>\n\n\n\n<p><span class=\"post-content__span\"> <strong>FECHA DE PUBLICACI\u00d3N DE LA CONVOCATORIA:<\/strong>&nbsp;03&nbsp;de septiembre&nbsp;de 2021<\/p>\n\n\n\n<p><span class=\"post-content__span\"> <strong><a href=\"https:\/\/media2.utp.edu.co\/archivos\/Convocatoria%20Semilleros%202021.pdf\">T\u00c9RMINOS DE REFERENCIA (VER)<\/a><\/strong><\/p>\n\n\n\n<p><span class=\"post-content__span\"> <a href=\"https:\/\/media2.utp.edu.co\/archivos\/Formato%20de%20%20Evaluaci%C3%B3n%281%29.doc\"><strong>FORMATO DE EVALUACI\u00d3N (VER)<\/strong><\/a><\/p>\n\n\n\n<p><span class=\"post-content__span\"> <strong><a href=\"https:\/\/media2.utp.edu.co\/archivos\/Anexo%201%20-%20Carta%20de%20Presentaci%C3%B3n.docx\">DESCARGAR ANEXO 1:<\/a><\/strong>&nbsp;<span>Carta de presentaci\u00f3n en la convocatoria<\/span><\/p>\n\n\n\n<p><span class=\"post-content__span\"> <a href=\"https:\/\/media2.utp.edu.co\/archivos\/Anexo%202%20-%20Cuadro%20de%20participantes%20y%20certificaci%C3%B3n%20de%20la%20propuesta%281%29.docx\"><strong>DESCARGAR ANEXO 2:<\/strong><\/a>&nbsp;<span>Cuadro de participantes y certificaci\u00f3n de la propuesta<\/span><\/p>\n\n\n\n<p><span class=\"post-content__span\"> <a href=\"https:\/\/media2.utp.edu.co\/archivos\/Anexo%203%20-%20Formulaci%C3%B3n%20Semilleros.docx\"><strong>DESCARGAR ANEXO 3:<\/strong><\/a>&nbsp;&nbsp;<span>Formulaci\u00f3n de la propuesta<\/span><\/p>\n\n\n\n<p><span class=\"post-content__span\"> <a href=\"https:\/\/media2.utp.edu.co\/archivos\/Anexo%204%20-%20Presupuesto%20Semilleros.xlsx\"><strong>DESCARGAR ANEXO 4:<\/strong><\/a>&nbsp;<span>Presupuesto de la propuesta<\/span><\/p>\n\n\n\n<p><span class=\"post-content__span\"> <a href=\"https:\/\/media2.utp.edu.co\/archivos\/Anexo%205%20-%20ODS%281%29.docx\"><strong>DESCARGAR ANEXO 5:<\/strong><\/a>&nbsp;<span>ODS \u2013 Objetivos de desarrollo sostenible<\/span><\/p>\n","protected":false},"excerpt":{"rendered":"<p>RESULTADOS&nbsp; &nbsp;REVISI\u00d3N DE SUBSANACIONES RESULTADOS CUMPLIMIENTO DE REQUISITOS M\u00cdNIMOS ACUERDO CONSEJO ACAD\u00c9MICO No.&nbsp;41 POR MEDIO DEL CUAL SE APRUEBA&nbsp;LA CONVOCATORIA PARA FINANCIAR PROYECTOS DE LOS SEMILLEROS DE INVESTIGACI\u00d3N DE LA [&#8230;]<\/p>\n","protected":false},"author":0,"featured_media":0,"comment_status":"closed","ping_status":"closed","sticky":false,"template":"","format":"standard","meta":{"footnotes":""},"categories":[7],"tags":[],"class_list":["post-4321","post","type-post","status-publish","format-standard","hentry","category-convocatorias"],"_links":{"self":[{"href":"https:\/\/vicerrectorias.utp.edu.co\/viie\/wp-json\/wp\/v2\/posts\/4321","targetHints":{"allow":["GET"]}}],"collection":[{"href":"https:\/\/vicerrectorias.utp.edu.co\/viie\/wp-json\/wp\/v2\/posts"}],"about":[{"href":"https:\/\/vicerrectorias.utp.edu.co\/viie\/wp-json\/wp\/v2\/types\/post"}],"replies":[{"embeddable":true,"href":"https:\/\/vicerrectorias.utp.edu.co\/viie\/wp-json\/wp\/v2\/comments?post=4321"}],"version-history":[{"count":3,"href":"https:\/\/vicerrectorias.utp.edu.co\/viie\/wp-json\/wp\/v2\/posts\/4321\/revisions"}],"predecessor-version":[{"id":10634,"href":"https:\/\/vicerrectorias.utp.edu.co\/viie\/wp-json\/wp\/v2\/posts\/4321\/revisions\/10634"}],"wp:attachment":[{"href":"https:\/\/vicerrectorias.utp.edu.co\/viie\/wp-json\/wp\/v2\/media?parent=4321"}],"wp:term":[{"taxonomy":"category","embeddable":true,"href":"https:\/\/vicerrectorias.utp.edu.co\/viie\/wp-json\/wp\/v2\/categories?post=4321"},{"taxonomy":"post_tag","embeddable":true,"href":"https:\/\/vicerrectorias.utp.edu.co\/viie\/wp-json\/wp\/v2\/tags?post=4321"}],"curies":[{"name":"wp","href":"https:\/\/api.w.org\/{rel}","templated":true}]}}