{"id":4311,"date":"2021-09-23T18:10:31","date_gmt":"2023-12-01T14:53:00","guid":{"rendered":""},"modified":"2023-07-18T10:54:41","modified_gmt":"2023-12-01T14:53:00","slug":"convocatoria-interna-para-promover-la-publicacion-de-libro-facultad-de-ciencias-de-la-educacion-2021","status":"publish","type":"post","link":"https:\/\/vicerrectorias.utp.edu.co\/viie\/convocatoria-interna-para-promover-la-publicacion-de-libro-facultad-de-ciencias-de-la-educacion-2021\/","title":{"rendered":"CONVOCATORIA INTERNA PARA PROMOVER LA PUBLICACI\u00d3N DE LIBRO FACULTAD DE CIENCIAS DE LA EDUCACI\u00d3N 2021"},"content":{"rendered":"\n<ul class=\"wp-block-list\">\n<li><strong style=\"color: revert; font-size: revert;\">PUBLICACI\u00d3N<\/strong> <\/li>\n<\/ul>\n\n\n\n<p><span class=\"post-content__span\"> <a href=\"https:\/\/media2.utp.edu.co\/archivos\/CONVOCATORIA%20EDUCACI%C3%93N%202021%282%29.pdf\"><strong>\u200b[Ver]&nbsp;PROPUESTAS QUE CUMPLIERON CON LOS REQUISITOS M\u00cdNIMOS&nbsp;<\/strong><\/a><\/p>\n\n\n\n<p><span class=\"post-content__span\"> <strong>\u200b\u200b\u200b\u200b\u200b\u200b\u200b\u200bFecha de Publicaci\u00f3n:<\/strong>&nbsp;23 de septiembre de 2021<\/p>\n\n\n\n<hr class=\"wp-block-separator has-css-opacity\"\/>\n\n\n\n<p><span class=\"post-content__span\"> <strong>UNIVERSIDAD TECNOL\u00d3GICA DE PEREIRA<\/strong><\/p>\n\n\n\n<p><span class=\"post-content__span\"> <strong>FACULTAD DE CIENCIAS DE LA EDUCACION (FONDO DE FACULTAD) <\/strong><\/p>\n\n\n\n<p><span class=\"post-content__span\"> <strong>PROPUESTA <\/strong><strong>CONVOCATORIA INTERNA PARA PROMOVER LA PUBLICACI\u00d3N DE LIBROS RESULTADO DE INVESTIGACI\u00d3N, ENSAYO, TEXTO ACAD\u00c9MICO Y OBRA LITERARIA DE LOS PROFESORES DE LA FACULTAD DE CIENCIAS DE LA EDUCACI\u00d3N A\u00d1O 2021<\/strong><\/p>\n\n\n\n<p><span class=\"post-content__span\"> La Facultad de Ciencias de la Educaci\u00f3n y la Vicerrector\u00eda de Investigaciones, Innovaci\u00f3n y Extensi\u00f3n, invitan a participar en la presente convocatoria para financiar la publicaci\u00f3n de libros resultados de investigaci\u00f3n, ensayo, texto acad\u00e9mico y obra literaria a los profesores de la Facultad de Ciencias de la Educaci\u00f3n de la Universidad Tecnol\u00f3gica de Pereira, cumpliendo los siguientes t\u00e9rminos:<\/p>\n\n\n\n<h3 class=\"wp-block-heading\"><strong>OBJETIVOS:<\/strong><\/h3>\n\n\n\n<p><span class=\"post-content__span\"> Promover y fortalecer la producci\u00f3n intelectual de los profesores de la Facultad de Ciencias de la Educaci\u00f3n de la Universidad Tecnol\u00f3gica de Pereira, a trav\u00e9s de la publicaci\u00f3n de libros resultados de Investigaci\u00f3n, Ensayo, Texto Acad\u00e9mico y Obra literaria, productos de actividades acad\u00e9micas de su quehacer docente. Estos trabajos deben estar contextualizados en las L\u00edneas de Investigaci\u00f3n definidas para la Facultad (Pedagog\u00eda y Did\u00e1ctica, Educaci\u00f3n y Contexto, Educaci\u00f3n y Comunicaci\u00f3n).<\/p>\n\n\n\n<h3 class=\"wp-block-heading\"><strong>DIRIGIDO A:&nbsp;<\/strong><\/h3>\n\n\n\n<p><span class=\"post-content__span\"> Profesores de la Facultad de Ciencias de la Educaci\u00f3n de la Universidad Tecnol\u00f3gica de Pereira (Planta, Transitorios y Catedr\u00e1ticos).<\/p>\n\n\n\n<h3 class=\"wp-block-heading\"><strong>REQUISITOS M\u00cdNIMOS PARA PARTICIPAR:&nbsp;<\/strong><\/h3>\n\n\n\n<ul class=\"wp-block-list\">\n<li>Podr\u00e1n participar los profesores de la Facultad de Ciencias de la Educaci\u00f3n de la Universidad Tecnol\u00f3gica de Pereira de Planta, Transitorios y Catedr\u00e1ticos.<\/li>\n\n\n\n<li>Los libros productos de investigaci\u00f3n podr\u00e1n ser presentados por un grupo de investigaci\u00f3n de la facultad y\/o por diferentes grupos de investigaci\u00f3n en alianza, con la condici\u00f3n que el autor principal sea un profesor de la Facultad de Ciencias de la Educaci\u00f3n.<\/li>\n\n\n\n<li>Las dem\u00e1s obras de la convocatoria ser\u00e1n presentadas por profesores pertenecientes a la Facultad de Ciencias de la Educaci\u00f3n.&nbsp;<\/li>\n\n\n\n<li>Los profesores que presenten libros a la convocatoria deber\u00e1n encontrarse a paz y salvo en la Vicerrector\u00eda de Investigaciones, Innovaci\u00f3n y Extensi\u00f3n por todo concepto a la fecha de cierre de la presente convocatoria.<\/li>\n\n\n\n<li>Los autores s\u00f3lo podr\u00e1n participar con un tipo de publicaci\u00f3n (Libros de Investigaci\u00f3n, Ensayo, Texto acad\u00e9mico u Obra literaria).<\/li>\n\n\n\n<li>Se dar\u00e1 prioridad a los autores que no obtuvieron financiaci\u00f3n en la convocatoria anterior &nbsp;de publicaci\u00f3n de libros de la Facultad de Ciencias de la Educaci\u00f3n.<\/li>\n\n\n\n<li>Se dar\u00e1 prioridad a los autores que no se encuentran participando en otra convocatoria interna de la Universidad Tecnol\u00f3gica de Pereira.<\/li>\n\n\n\n<li>Se priorizar\u00e1 a los profesores que no cuentan con financiaci\u00f3n para producci\u00f3n en la presente vigencia.<\/li>\n\n\n\n<li>Para la participaci\u00f3n en esta convocatoria se deben enviar a la Vicerrector\u00eda de Investigaciones, Innovaci\u00f3n y Extensi\u00f3n en sobre cerrado radicado en Gesti\u00f3n de Documentos, Asunto: CONVOCATORIA INTERNA PARA FOMENTAR LA PUBLICACI\u00d3N DE LIBROS RESULTADO DE INVESTIGACI\u00d3N, ENSAYO TEXTO ACADEMICO Y OBRA LITERARIA DE LA FACULTAD DE CIENCIAS DE LA EDUCACI\u00d3N A\u00d1O 2021, los siguientes documentos:\n<ul class=\"wp-block-list\">\n<li><span style=\"font-size: revert; color: initial;\">Carta de intenci\u00f3n <\/span><em style=\"font-size: revert; color: initial;\">(Anexo 1) <\/em><span style=\"font-size: revert; color: initial;\">para la participaci\u00f3n en la convocatoria donde se establezca que el trabajo corresponde a la l\u00ednea editorial Resultado de Investigaci\u00f3n, Ensayo, Texto acad\u00e9mico u Obra literaria. Debe estar firmada por el autor del libro.<\/span> <\/li>\n\n\n\n<li><p><span class=\"post-content__span\"> Documento en archivo digital del libro a publicar. El documento debe ser in\u00e9dito y cumplir con los requisitos establecidos en el Manual de Lineamientos de la Editorial UTP <em>(Anexo 2)<\/em>.<\/p> <\/li>\n<\/ul>\n<\/li>\n<\/ul>\n\n\n\n<p><span class=\"post-content__span\"> <strong>NOTA 1: <\/strong>No se aceptar\u00e1n memorandos enviados por el aplicativo de Gesti\u00f3n de Documentos. El \u00fanico medio de entrega de la informaci\u00f3n para participar en la presente convocatoria es a &nbsp;&nbsp;&nbsp;&nbsp;&nbsp;trav\u00e9s de la Oficina de Gesti\u00f3n de Documentos.<\/p>\n\n\n\n<h3 class=\"wp-block-heading\"><strong>CRONOGRAMA:<\/strong><\/h3>\n\n\n<div class=\"wp-block-image\">\n<figure class=\"aligncenter\"><img decoding=\"async\" src=\"https:\/\/media2.utp.edu.co\/imagenes\/CRONOGRAMA%282%29.PNG\" alt=\"\"\/><\/figure>\n<\/div>\n\n\n<h3 class=\"wp-block-heading\"><strong>DOCUMENTOS ANEXOS A LA CONVOCATORIA:<\/strong><\/h3>\n\n\n\n<p><span class=\"post-content__span\"> <strong><a href=\"https:\/\/media2.utp.edu.co\/archivos\/CONVOCATORIA%20PUBLICACION%20DE%20LIBROS%20FACULTAD%20DE%20CIENCIAS%20DE%20LA%20EDUCACION%202021%20-%20VF.docx\">T\u00c9RMINOS DE REFERENCIA (VER)<\/a><\/strong><\/p>\n\n\n\n<p><span class=\"post-content__span\"> <strong><a href=\"https:\/\/media2.utp.edu.co\/archivos\/Anexo%201.%20Carta%20de%20intenci%C3%B3n%20convocatoria%20educacion.docx\">DESCARGAR ANEXO 1:<\/a><\/strong> Carta de Intenci\u00f3n Convocatoria de Educaci\u00f3n<\/p>\n\n\n\n<p><span class=\"post-content__span\"> <strong><a href=\"https:\/\/media2.utp.edu.co\/archivos\/Anexo%202.%20Manual-Lineamientos%20Editorial%20UTP%20-2021.pdf\">DESCARGAR ANEXO 2:<\/a><\/strong> Manual Lineamientos Editorial UTP &#8211; 2021<\/p>\n","protected":false},"excerpt":{"rendered":"<p>\u200b[Ver]&nbsp;PROPUESTAS QUE CUMPLIERON CON LOS REQUISITOS M\u00cdNIMOS&nbsp; \u200b\u200b\u200b\u200b\u200b\u200b\u200b\u200bFecha de Publicaci\u00f3n:&nbsp;23 de septiembre de 2021 UNIVERSIDAD TECNOL\u00d3GICA DE PEREIRA FACULTAD DE CIENCIAS DE LA EDUCACION (FONDO DE FACULTAD) PROPUESTA CONVOCATORIA INTERNA [&#8230;]<\/p>\n","protected":false},"author":0,"featured_media":0,"comment_status":"closed","ping_status":"closed","sticky":false,"template":"","format":"standard","meta":{"footnotes":""},"categories":[7],"tags":[],"class_list":["post-4311","post","type-post","status-publish","format-standard","hentry","category-convocatorias"],"_links":{"self":[{"href":"https:\/\/vicerrectorias.utp.edu.co\/viie\/wp-json\/wp\/v2\/posts\/4311","targetHints":{"allow":["GET"]}}],"collection":[{"href":"https:\/\/vicerrectorias.utp.edu.co\/viie\/wp-json\/wp\/v2\/posts"}],"about":[{"href":"https:\/\/vicerrectorias.utp.edu.co\/viie\/wp-json\/wp\/v2\/types\/post"}],"replies":[{"embeddable":true,"href":"https:\/\/vicerrectorias.utp.edu.co\/viie\/wp-json\/wp\/v2\/comments?post=4311"}],"version-history":[{"count":2,"href":"https:\/\/vicerrectorias.utp.edu.co\/viie\/wp-json\/wp\/v2\/posts\/4311\/revisions"}],"predecessor-version":[{"id":10667,"href":"https:\/\/vicerrectorias.utp.edu.co\/viie\/wp-json\/wp\/v2\/posts\/4311\/revisions\/10667"}],"wp:attachment":[{"href":"https:\/\/vicerrectorias.utp.edu.co\/viie\/wp-json\/wp\/v2\/media?parent=4311"}],"wp:term":[{"taxonomy":"category","embeddable":true,"href":"https:\/\/vicerrectorias.utp.edu.co\/viie\/wp-json\/wp\/v2\/categories?post=4311"},{"taxonomy":"post_tag","embeddable":true,"href":"https:\/\/vicerrectorias.utp.edu.co\/viie\/wp-json\/wp\/v2\/tags?post=4311"}],"curies":[{"name":"wp","href":"https:\/\/api.w.org\/{rel}","templated":true}]}}