{"id":4091,"date":"2022-08-11T14:39:49","date_gmt":"2023-12-01T14:53:00","guid":{"rendered":""},"modified":"2024-08-02T18:01:33","modified_gmt":"2024-08-02T16:01:33","slug":"actividades-y-proyectos-de-extension-destacados-facultades-integradas","status":"publish","type":"post","link":"https:\/\/vicerrectorias.utp.edu.co\/viie\/actividades-y-proyectos-de-extension-destacados-facultades-integradas\/","title":{"rendered":"Actividades y Proyectos de Extensi\u00f3n Destacados Facultades Integradas"},"content":{"rendered":"\n<div class=\"wp-block-buttons is-layout-flex wp-block-buttons-is-layout-flex\">\n<div class=\"wp-block-button has-custom-font-size has-small-font-size\"><a class=\"wp-block-button__link wp-element-button\" href=\"https:\/\/vicerrectorias.utp.edu.co\/viie\/actividades-y-proyectos-de-extension-destacados\/\">Atr\u00e1s<\/a><\/div>\n<\/div>\n\n\n\n<p><span class=\"post-content__span\"> <\/p>\n\n\n\n<div class=\"wp-block-media-text is-stacked-on-mobile is-vertically-aligned-center\" style=\"grid-template-columns:35% auto\"><figure class=\"wp-block-media-text__media\"><img decoding=\"async\" src=\"https:\/\/vicerrectorias.utp.edu.co\/viie\/wp-content\/uploads\/sites\/3\/PAGINA%20WEB%20CLIMA%20Y%20CAFE%20%2813%29.jpg\" alt=\"\"\/><\/figure><div class=\"wp-block-media-text__content\">\n<p><span class=\"post-content__span\"> <strong>Categor\u00eda: <\/strong>Jornadas<\/p>\n\n\n\n<p><span class=\"post-content__span\"> <strong>Descripci\u00f3n: <\/strong>Promover espacios de interacci\u00f3n donde se promueva la colaboraci\u00f3n interinstitucional generando un acercamiento de la academia- estado &#8211; industria, por medio de la socializaci\u00f3n de temas alrededor del caf\u00e9 y el cacao y la presentaci\u00f3n de proyectos de investigaci\u00f3n realizados por la Universidad tecnol\u00f3gica de Pereira y la Universidad de Purdue (Estados Unidos).<\/p>\n\n\n\n<p><span class=\"post-content__span\"> <strong>Docentes responsables: <\/strong>Diana Carolina Meza Sepulveda &#8211; John Mario Rodriguez &nbsp;<\/p>\n\n\n\n<p><span class=\"post-content__span\"> <strong>Facultades o Dependencias:&nbsp;<\/strong>Facultad de Ciencias Agrarias y Agroindustria &#8211; Facultad de tecnolog\u00eda &#8211; Facultad de Ciencias Empresariales &#8211; Oficina de Relaciones Internacionales<\/p>\n\n\n\n<p><span class=\"post-content__span\"> <a href=\"https:\/\/comunicaciones.utp.edu.co\/44127\/noticias\/utp-y-purdue-hicieron-1-jornada-de-socializacion-en-cafe-y-cacao\/\">[Ver mas informaci\u00f3n Aqu\u00ed]<\/a><\/p>\n<\/div><\/div>\n\n\n\n<p><span class=\"post-content__span\"> <\/p>\n\n\n\n<div class=\"wp-block-media-text has-media-on-the-right is-stacked-on-mobile is-vertically-aligned-center has-very-light-gray-to-cyan-bluish-gray-gradient-background has-background\" style=\"grid-template-columns:auto 35%\"><div class=\"wp-block-media-text__content\">\n<p><span class=\"post-content__span\"> <strong>Categoria:<\/strong>&nbsp;Publicaciones editoriales no especializadas<\/p>\n\n\n\n<p><span class=\"post-content__span\"> <strong>Descripci\u00f3n: <\/strong>Versi\u00f3n digital del libro \u00abLos proyectos de extensi\u00f3n social como mecanismos de intervenci\u00f3n\u00bb resultado de los &nbsp;proyectos de extensi\u00f3n social financiados a trav\u00e9s de la Vicerrector\u00eda mediante de la Convocatoria Interna de Extensi\u00f3n Social, Cultural y Art\u00edstica ejecutados en el a\u00f1o 2018,&nbsp;con el objetivo de incentivar la generaci\u00f3n de propuestas que contribuyan a la soluci\u00f3n y transformaci\u00f3n de problem\u00e1ticas del entorno a trav\u00e9s de componentes sociales, culturales o art\u00edsticos.<\/p>\n\n\n\n<p><span class=\"post-content__span\"> <strong>Docentes responsables:&nbsp;<\/strong>Carmen Eliza&nbsp;Vanegas,&nbsp;&nbsp;Andr\u00e9s Felipe Calvo Salcedo,&nbsp;Diego&nbsp;Gonz\u00e1lez Ocampo,&nbsp;Edwin Andr\u00e9s&nbsp;Quintero Salazar,&nbsp;Fredy&nbsp;Mu\u00f1oz Navarro,&nbsp;Johana&nbsp;Guar\u00edn Medina,&nbsp;Natalia&nbsp;Boh\u00f3rquez Bedoya&nbsp;<\/p>\n\n\n\n<p><span class=\"post-content__span\"> <strong>Facultades o Dependencias: <\/strong>Facultad de Bellas Artes y Humanidades,&nbsp;Facultad de Ciencias B\u00e1sicas, Facultad de Ciencias de la Educaci\u00f3n, Facultad de Ciencias Empresariales, Facultad de Ingenier\u00edas<\/p>\n\n\n\n<p><span class=\"post-content__span\"> <a href=\"https:\/\/repositorio.utp.edu.co\/items\/fcbfc4dc-10b8-4411-a718-dbc96e18033e\" target=\"_blank\" rel=\"noreferrer noopener\">[Ver mas informaci\u00f3n Aqu\u00ed]<\/a><\/p>\n<\/div><figure class=\"wp-block-media-text__media\"><img decoding=\"async\" src=\"https:\/\/media2.utp.edu.co\/imagenes\/unnamed%20%281%29%281%29.jpg\" alt=\"\"\/><\/figure><\/div>\n\n\n\n<p><span class=\"post-content__span\"> <\/p>\n\n\n\n<div class=\"wp-block-media-text is-stacked-on-mobile is-vertically-aligned-center\" style=\"grid-template-columns:35% auto\"><figure class=\"wp-block-media-text__media\"><img loading=\"lazy\" decoding=\"async\" width=\"531\" height=\"766\" src=\"https:\/\/vicerrectorias.utp.edu.co\/viie\/wp-content\/uploads\/sites\/3\/Contribucion-al-desarrollo-social.png\" alt=\"\" class=\"wp-image-15202 size-full\" srcset=\"https:\/\/vicerrectorias.utp.edu.co\/viie\/wp-content\/uploads\/sites\/3\/Contribucion-al-desarrollo-social.png 531w, https:\/\/vicerrectorias.utp.edu.co\/viie\/wp-content\/uploads\/sites\/3\/Contribucion-al-desarrollo-social-208x300.png 208w\" sizes=\"auto, (max-width: 531px) 100vw, 531px\" \/><\/figure><div class=\"wp-block-media-text__content\">\n<p><span class=\"post-content__span\"> <strong>Categor\u00eda:<\/strong>&nbsp;Publicaciones editoriales no especializadas<\/p>\n\n\n\n<p><span class=\"post-content__span\"> <strong>Descripci\u00f3n:<\/strong> Versi\u00f3n digital del libro \u00abContribuci\u00f3n al desarrollo social a trav\u00e9s de la extensi\u00f3n universitaria\u00bb resultado de los &nbsp;proyectos de extensi\u00f3n social financiados a trav\u00e9s de la Vicerrector\u00eda mediante de la Convocatoria Interna de Extensi\u00f3n Social, Cultural y Art\u00edstica&nbsp;ejecutados en el a\u00f1o 2019&nbsp;con el objetivo de incentivar la generaci\u00f3n de propuestas que contribuyan a la soluci\u00f3n y transformaci\u00f3n de problem\u00e1ticas del entorno a trav\u00e9s de componentes sociales, culturales o art\u00edsticos<\/p>\n\n\n\n<p><span class=\"post-content__span\"> <strong>Docentes responsables:<\/strong>&nbsp;Angela Jasmin G\u00f3mez &#8211;&nbsp;Carlos Alberto Ocampo &#8211;&nbsp;Edgar Alonso Salazar &#8211;&nbsp;Edwin Andr\u00e9s Quintero Salazar &#8211;&nbsp;Jhon Jaime Correa Ramirez &#8211;&nbsp;Jos\u00e9 Andr\u00e9s Chavez Osorio &#8211;&nbsp;Juan Manuel Ramirez Rave &#8211;&nbsp;Luz Estela Valencia &#8211;&nbsp;Natalia Bohorquez Bedoya &#8211;&nbsp;Nora Lucia Marulanda &#8211;&nbsp;Sandra Milena Perez Londo\u00f1o &#8211; Juan Jose Ospina &#8211;&nbsp;Jorge Hugo Garcia Sierra<\/p>\n\n\n\n<p><span class=\"post-content__span\"> <strong>Facultades o Dependencias:<\/strong>&nbsp;Facultad de Ciencias de la Salud &#8211; Facultad de Ingenierias &#8211; Facultad de Tecnologias &#8211; Facultad de&nbsp;Ciencias Basicas &#8211; Facultad de Ciencias de la Educacion &#8211; Facultad de Bellas Artes y Humanidades &#8211; Facultad de Ciencias Empresariales &#8211; Facultad de Ciencias Ambientales<\/p>\n\n\n\n<p><span class=\"post-content__span\"> <a href=\"https:\/\/repositorio.utp.edu.co\/items\/60522ca7-4709-48aa-be97-41d148fdf572\" target=\"_blank\" rel=\"noreferrer noopener\">[Ver mas informaci\u00f3n Aqu\u00ed]<\/a><\/p>\n<\/div><\/div>\n\n\n\n<p><span class=\"post-content__span\"> <\/p>\n\n\n\n<div class=\"wp-block-media-text has-media-on-the-right is-stacked-on-mobile is-vertically-aligned-center has-very-light-gray-to-cyan-bluish-gray-gradient-background has-background\" style=\"grid-template-columns:auto 35%\"><div class=\"wp-block-media-text__content\">\n<p><span class=\"post-content__span\"> <strong>Categor\u00eda:<\/strong>&nbsp;Publicaciones editoriales no especializadas<\/p>\n\n\n\n<p><span class=\"post-content__span\"> <strong>Descripci\u00f3n:<\/strong> Versi\u00f3n digital del libro \u00abLa Extensi\u00f3n Universitaria como una herramienta para la apropiaci\u00f3n social del conocimiento\u00bb resultado de los &nbsp;proyectos de extensi\u00f3n social financiados a trav\u00e9s de la Vicerrector\u00eda mediante de la Convocatoria Interna de Extensi\u00f3n Social, Cultural y Art\u00edstica&nbsp;ejecutados en el a\u00f1o 2019&nbsp;con el objetivo de incentivar la generaci\u00f3n de propuestas que contribuyan a la soluci\u00f3n y transformaci\u00f3n de problem\u00e1ticas del entorno a trav\u00e9s de componentes sociales, culturales o art\u00edsticos<\/p>\n\n\n\n<p><span class=\"post-content__span\"> <strong>Docentes responsables:&nbsp;<\/strong>Kevin Johan Villegas Mart\u00ednez &#8211;&nbsp;Mauricio Holgu\u00edn Londo\u00f1o &#8211;&nbsp;H\u00e9ctor Fabio Quintero Riaza&nbsp;&#8211;&nbsp; Julio C\u00e9sar S\u00e1nchez Naranjo&nbsp;&#8211;&nbsp;&nbsp;Jorge Iv\u00e1n Quintero Saavedra&nbsp;&#8211; Johana Guar\u00edn Medina&nbsp;&#8211; Calos Alfonso Victoria Mena &#8211;&nbsp;&nbsp;Felipe Anduquia Garaya &#8211;&nbsp;&nbsp;Adonai Zapata Gordon &#8211; Gloria In\u00e9s Correa Aristizabal&nbsp;&#8211;&nbsp;Cecilia Luca Escobar Vekeman &#8211;&nbsp;Diego Gonz\u00e1lez Ocampo<\/p>\n\n\n\n<p><span class=\"post-content__span\"> <strong>Facultades o Dependencias:<\/strong>&nbsp;Facultad de Ciencias de la Salud &#8211; Facultad de Ingenier\u00edas &#8211; Facultad de Tecnolog\u00eda&nbsp;&#8211; Facultad de&nbsp;Ciencias B\u00e1sicas &#8211; Facultad de Ciencias de la Educaci\u00f3n &#8211;&nbsp;Facultad de Ciencias Agrarias y Agroindustria&nbsp;&#8211; Facultad de Ciencias Ambientales &#8211; Facultad de Ingenier\u00eda Mec\u00e1nica.<\/p>\n\n\n\n<p><span class=\"post-content__span\"> <a href=\"https:\/\/repositorio.utp.edu.co\/items\/f048306c-aaf0-4fcc-9444-b5e2e977f69d\" target=\"_blank\" rel=\"noreferrer noopener\">[Ver mas informaci\u00f3n Aqu\u00ed]<\/a><\/p>\n<\/div><figure class=\"wp-block-media-text__media\"><img decoding=\"async\" src=\"https:\/\/media2.utp.edu.co\/imagenes\/Libro2020%281%29.png\" alt=\"\"\/><\/figure><\/div>\n\n\n\n<p><span class=\"post-content__span\"> <\/p>\n\n\n\n<div class=\"wp-block-buttons is-content-justification-right is-layout-flex wp-container-core-buttons-is-layout-765c4724 wp-block-buttons-is-layout-flex\">\n<div class=\"wp-block-button has-custom-font-size has-small-font-size\"><a class=\"wp-block-button__link wp-element-button\" href=\"https:\/\/vicerrectorias.utp.edu.co\/viie\/actividades-y-proyectos-de-extension-destacados\/\">Atr\u00e1s<\/a><\/div>\n<\/div>\n","protected":false},"excerpt":{"rendered":"<p>Categor\u00eda: Jornadas Descripci\u00f3n: Promover espacios de interacci\u00f3n donde se promueva la colaboraci\u00f3n interinstitucional generando un acercamiento de la academia- estado &#8211; industria, por medio de la socializaci\u00f3n de temas alrededor [&#8230;]<\/p>\n","protected":false},"author":0,"featured_media":0,"comment_status":"closed","ping_status":"closed","sticky":false,"template":"","format":"standard","meta":{"footnotes":""},"categories":[1],"tags":[],"class_list":["post-4091","post","type-post","status-publish","format-standard","hentry","category-sin-categoria"],"_links":{"self":[{"href":"https:\/\/vicerrectorias.utp.edu.co\/viie\/wp-json\/wp\/v2\/posts\/4091","targetHints":{"allow":["GET"]}}],"collection":[{"href":"https:\/\/vicerrectorias.utp.edu.co\/viie\/wp-json\/wp\/v2\/posts"}],"about":[{"href":"https:\/\/vicerrectorias.utp.edu.co\/viie\/wp-json\/wp\/v2\/types\/post"}],"replies":[{"embeddable":true,"href":"https:\/\/vicerrectorias.utp.edu.co\/viie\/wp-json\/wp\/v2\/comments?post=4091"}],"version-history":[{"count":8,"href":"https:\/\/vicerrectorias.utp.edu.co\/viie\/wp-json\/wp\/v2\/posts\/4091\/revisions"}],"predecessor-version":[{"id":15203,"href":"https:\/\/vicerrectorias.utp.edu.co\/viie\/wp-json\/wp\/v2\/posts\/4091\/revisions\/15203"}],"wp:attachment":[{"href":"https:\/\/vicerrectorias.utp.edu.co\/viie\/wp-json\/wp\/v2\/media?parent=4091"}],"wp:term":[{"taxonomy":"category","embeddable":true,"href":"https:\/\/vicerrectorias.utp.edu.co\/viie\/wp-json\/wp\/v2\/categories?post=4091"},{"taxonomy":"post_tag","embeddable":true,"href":"https:\/\/vicerrectorias.utp.edu.co\/viie\/wp-json\/wp\/v2\/tags?post=4091"}],"curies":[{"name":"wp","href":"https:\/\/api.w.org\/{rel}","templated":true}]}}