{"id":4071,"date":"2022-05-23T10:41:57","date_gmt":"2022-05-23T08:41:57","guid":{"rendered":""},"modified":"2024-07-25T23:23:39","modified_gmt":"2024-07-25T21:23:39","slug":"actividades-y-proyectos-de-extension-destacados-facultad-de-ciencias-de-la-educacion","status":"publish","type":"post","link":"https:\/\/vicerrectorias.utp.edu.co\/viie\/actividades-y-proyectos-de-extension-destacados-facultad-de-ciencias-de-la-educacion\/","title":{"rendered":"Actividades y Proyectos de Extensi\u00f3n Destacados De La Facultad de Ciencias de la Educaci\u00f3n"},"content":{"rendered":"\n<div class=\"wp-block-buttons has-custom-font-size has-small-font-size is-layout-flex wp-block-buttons-is-layout-flex\">\n<div class=\"wp-block-button\"><a class=\"wp-block-button__link wp-element-button\" href=\"https:\/\/vicerrectorias.utp.edu.co\/viie\/actividades-y-proyectos-de-extension-destacados\/\">Atr\u00e1s<\/a><\/div>\n<\/div>\n\n\n\n<p><span class=\"post-content__span\"> <\/p>\n\n\n\n<div class=\"wp-block-media-text is-stacked-on-mobile is-vertically-aligned-center\" style=\"grid-template-columns:35% auto\"><figure class=\"wp-block-media-text__media\"><img loading=\"lazy\" decoding=\"async\" width=\"300\" height=\"220\" src=\"https:\/\/vicerrectorias.utp.edu.co\/viie\/wp-content\/uploads\/sites\/3\/ID-3615-Practicas-comunitarias-territorios-de-paz.png\" alt=\"\" class=\"wp-image-11623 size-full\"\/><\/figure><div class=\"wp-block-media-text__content\">\n<p><span class=\"post-content__span\"> <strong>Categor\u00eda:&nbsp;<\/strong>Proyectos de extensi\u00f3n social.<\/p>\n\n\n\n<p><span class=\"post-content__span\"> <strong>Descripci\u00f3n:&nbsp;<\/strong>Reconocer el rol de las pr\u00e1cticas comunitarias en el tejido social y en las redes de cuidado en escenarios de acci\u00f3n de la Asociaci\u00f3n Territorios de Paz en el municipio de Pereira, Risaralda.<\/p>\n\n\n\n<p><span class=\"post-content__span\"> <strong>Docentes responsables:&nbsp;<\/strong>Cecilia Luca Escobar Vekeman.<\/p>\n\n\n\n<p><span class=\"post-content__span\"> <strong>Programa Acad\u00e9mico:&nbsp;<\/strong>Licenciatura en Ciencias Sociales.&nbsp;<\/p>\n\n\n\n<p><span class=\"post-content__span\"> <a href=\"https:\/\/www.youtube.com\/watch?v=AdsZCEmj1rk\" target=\"_blank\" rel=\"noreferrer noopener\">[Ver mas informaci\u00f3n Aqu\u00ed]<\/a><\/p>\n<\/div><\/div>\n\n\n\n<p><span class=\"post-content__span\"> <\/p>\n\n\n\n<div class=\"wp-block-media-text has-media-on-the-right is-stacked-on-mobile is-vertically-aligned-center has-very-light-gray-to-cyan-bluish-gray-gradient-background has-background\" style=\"grid-template-columns:auto 35%\"><div class=\"wp-block-media-text__content\">\n<p><span class=\"post-content__span\"> <strong>Categor\u00eda:&nbsp;<\/strong>Producciones de contenido digital.<\/p>\n\n\n\n<p><span class=\"post-content__span\"> <strong>Descripci\u00f3n:&nbsp;<\/strong>Crear procesos de investigaci\u00f3n filos\u00f3fica a partir de conocimientos y saberes de los estudiantes de dos escuelas rurales de Risaralda.<\/p>\n\n\n\n<p><span class=\"post-content__span\"> <strong>Docente responsable:&nbsp;<\/strong>Martha Luc\u00eda Garz\u00f3n Osorio.<\/p>\n\n\n\n<p><span class=\"post-content__span\"> <strong>Programa Acad\u00e9mico:&nbsp;<\/strong>Departamento de Psicopedagog\u00eda.<\/p>\n\n\n\n<p><span class=\"post-content__span\"> <a href=\"https:\/\/vicerrectorias.utp.edu.co\/investigaciones\/wp-content\/uploads\/sites\/3\/Cartilla%20ID%203591%20Po%C3%A9ticas%20de%20la%20cientificidad_%20hacia%20una%20filosof%C3%ADa%20en%20y%20desde%20la%20infancia.pdf\" target=\"_blank\" rel=\"noreferrer noopener\">[Ver mas informaci\u00f3n Aqu\u00ed]<\/a><\/p>\n<\/div><figure class=\"wp-block-media-text__media\"><img loading=\"lazy\" decoding=\"async\" width=\"300\" height=\"220\" src=\"https:\/\/vicerrectorias.utp.edu.co\/viie\/wp-content\/uploads\/sites\/3\/ID-3591-Poeticas-de-la-cientificidad.png\" alt=\"\" class=\"wp-image-11624 size-full\"\/><\/figure><\/div>\n\n\n\n<p><span class=\"post-content__span\"> <\/p>\n\n\n\n<div class=\"wp-block-media-text is-stacked-on-mobile is-vertically-aligned-center\" style=\"grid-template-columns:35% auto\"><figure class=\"wp-block-media-text__media\"><img loading=\"lazy\" decoding=\"async\" width=\"300\" height=\"220\" src=\"https:\/\/vicerrectorias.utp.edu.co\/viie\/wp-content\/uploads\/sites\/3\/ID-2459-AGROECOLOGIA-Y-SABERES-PROPIOS.png\" alt=\"\" class=\"wp-image-11626 size-full\"\/><\/figure><div class=\"wp-block-media-text__content\">\n<p><span class=\"post-content__span\"> <strong>Categor\u00eda:&nbsp;<\/strong>Producciones de contenido digital.<\/p>\n\n\n\n<p><span class=\"post-content__span\"> <strong>Descripci\u00f3n:&nbsp;<\/strong>Este proyecto de extensi\u00f3n se enmarca en la motivaci\u00f3n de analizar desde los saberes propios situados en la agroecolog\u00eda la manera como estos facilitan la convergencia de otras educaciones posibles. Con esto se espera identificar como se construyen otras educaciones posibles a partir de los saberes propios asociados a la agroecolog\u00eda en dos contextos diversos en la zona rural de Pereira uno con modalidad formal y el otro bajo la modalidad informal, que no obedecen siempre a unas l\u00f3gicas de pensamiento cient\u00edfico y acumulativo,&nbsp; para ello se describir\u00e1n las pr\u00e1cticas educativas, a su vez con esto se buscar\u00e1 reconocer los saberes propios en estos escenarios, para finalmente caracterizar las expresiones de educaciones posibles, que consolidan un proceso de visibilizaci\u00f3n de una educaci\u00f3n situada y contextualizada.<\/p>\n\n\n\n<p><span class=\"post-content__span\"> <strong>Docentes responsables:&nbsp;<\/strong>Claudia Viviana Hurtado Loaiza.<\/p>\n\n\n\n<p><span class=\"post-content__span\"> <strong>Programa Acad\u00e9mico:&nbsp;<\/strong>Licenciatura en Etnoeducaci\u00f3n.<\/p>\n\n\n\n<p><span class=\"post-content__span\"> <a href=\"https:\/\/vicerrectorias.utp.edu.co\/viie\/wp-content\/uploads\/sites\/3\/3.-Cartilla-digital-Reflexionando-desde-el-hacer.-Proyecto-Agroecologia-y-saberes-2459.pdf\">[Ver mas informaci\u00f3n Aqu\u00ed]<\/a><\/p>\n<\/div><\/div>\n\n\n\n<p><span class=\"post-content__span\"> <\/p>\n\n\n\n<div class=\"wp-block-media-text has-media-on-the-right is-stacked-on-mobile is-vertically-aligned-center has-very-light-gray-to-cyan-bluish-gray-gradient-background has-background\" style=\"grid-template-columns:auto 35%\"><div class=\"wp-block-media-text__content\">\n<p><span class=\"post-content__span\"> <strong>Categor\u00eda:&nbsp;<\/strong>Producciones de contenido digital<\/p>\n\n\n\n<p><span class=\"post-content__span\"> <strong>Descripci\u00f3n:&nbsp;<\/strong>Proyecto \u201cCONTAGIO: cursos de extensi\u00f3n de Educadores Noveles para poblaci\u00f3n migrante\u201d, apoy\u00e1ndose en Nuevas Pedagog\u00edas, Aprendizajes Profundos, el saber pr\u00e1ctico como parte fundamental del saber pedag\u00f3gico, y en la Gesti\u00f3n Educativa, busca contribuir, mediante cursos de extensi\u00f3n, a la generaci\u00f3n de espacios de aprendizajes profundos en los que se capacite a poblaci\u00f3n migrante venezolana escolarizada y a pereiranos escolarizados con potencial de ser migrante, en aspectos que les permitan una futura elaboraci\u00f3n y producci\u00f3n aut\u00f3noma de narrativas textuales, visuales y audiovisuales que den cuenta de su situaci\u00f3n.<\/p>\n\n\n\n<p><span class=\"post-content__span\"> <strong>Docente responsable:&nbsp;<\/strong>Gloria In\u00e9s Correa A.<\/p>\n\n\n\n<p><span class=\"post-content__span\"> <strong>Programa Acad\u00e9mico:&nbsp;<\/strong>Licenciatura en Tecnolog\u00eda&nbsp;<\/p>\n\n\n\n<p><span class=\"post-content__span\"> <a href=\"https:\/\/www.youtube.com\/watch?v=A2a8j86mLco\">[Ver mas informaci\u00f3n Aqu\u00ed]<\/a><\/p>\n<\/div><figure class=\"wp-block-media-text__media\"><img loading=\"lazy\" decoding=\"async\" width=\"300\" height=\"220\" src=\"https:\/\/vicerrectorias.utp.edu.co\/viie\/wp-content\/uploads\/sites\/3\/contagio.png\" alt=\"\" class=\"wp-image-11627 size-full\"\/><\/figure><\/div>\n\n\n\n<p><span class=\"post-content__span\"> <\/p>\n\n\n\n<div class=\"wp-block-media-text is-stacked-on-mobile is-vertically-aligned-center\" style=\"grid-template-columns:35% auto\"><figure class=\"wp-block-media-text__media\"><img loading=\"lazy\" decoding=\"async\" width=\"300\" height=\"220\" src=\"https:\/\/vicerrectorias.utp.edu.co\/viie\/wp-content\/uploads\/sites\/3\/charlas-leo.png\" alt=\"\" class=\"wp-image-11629 size-full\"\/><\/figure><div class=\"wp-block-media-text__content\">\n<p><span class=\"post-content__span\"> <strong>Categor\u00eda:&nbsp;<\/strong>Jornadas. <\/p>\n\n\n\n<p><span class=\"post-content__span\"> <strong>Descripci\u00f3n:&nbsp;<\/strong>Las charlas LEeO se establecen en el marco de la estrategia&nbsp; de acompa\u00f1amiento a los estudiantes de licenciatura de la Facultad de Ciencias de la Educci\u00f3n, en materia de Competencias Comunicativas y&nbsp;buscan la motivaci\u00f3n respecto a la Lectura, la Escritura, la Escucha y la Oralidad y est\u00e1n dirigidas a todos los estudiantes de la facultad, contando con conferencistas id\u00f3neos y comprometidos con el objetivo se\u00f1alado.&nbsp;<\/p>\n\n\n\n<p><span class=\"post-content__span\"> <strong>Docentes responsables:&nbsp;<\/strong>Maria Gladys Agudelo&nbsp;Gil,&nbsp; Gloria In\u00e9s Correa, Leandro Arbey Giraldo, Sebastian Mart\u00ednez, Alejandro Mesa<\/p>\n\n\n\n<p><span class=\"post-content__span\"> <strong>Programa Acad\u00e9mico:&nbsp;<\/strong>Licenciatura en Tecnolog\u00eda<\/p>\n\n\n\n<p><span class=\"post-content__span\"> <a href=\"https:\/\/archive.org\/details\/repositorio-digital-paronacional-2021\" target=\"_blank\" rel=\"noreferrer noopener\">[Ver mas informaci\u00f3n Aqu\u00ed]<\/a><\/p>\n<\/div><\/div>\n\n\n\n<p><span class=\"post-content__span\"> <\/p>\n\n\n\n<div class=\"wp-block-media-text has-media-on-the-right is-stacked-on-mobile has-very-light-gray-to-cyan-bluish-gray-gradient-background has-background\" style=\"grid-template-columns:auto 35%\"><div class=\"wp-block-media-text__content\">\n<p><span class=\"post-content__span\"> <strong>Categor\u00eda:&nbsp;<\/strong>Proyectos de Extensi\u00f3n Social&nbsp;<\/p>\n\n\n\n<p><span class=\"post-content__span\"> <strong>Descripci\u00f3n:&nbsp;<\/strong>El proyecto&nbsp;Repositorio Digital de la Protesta a prop\u00f3sito del Paro Nacional 2021 en la AMCO y Santa Rosa de Cabal, es una iniciativa que surge del Grupo de Investigaci\u00f3n Pol\u00edticas, Sociabilidades y Representaciones Hist\u00f3rico Educativas, que tiene como objetivo generar un espacio digital que alojar\u00e1 archivos (visuales, audiovisuales, textuales y sonoros) relacionados con las jornadas de protesta desarrolladas en todo el pa\u00eds, pero particularmente en Pereira, La Virginia, Dosquebradas y Santa Rosa de Cabal entre abril y junio del a\u00f1o 2021. Para la recopilaci\u00f3n del material se invita a toda la ciudadan\u00eda a donar copias de sus archivos relacionados con el Paro Nacional a trav\u00e9s del formulario de Google que ha sido habilitado para tal fin, el cual se puede encontrar en la p\u00e1gina de Facebook Maestr\u00eda en Historia UTP y en el perfil de Twitter @rep_protesta, igualmente, se estar\u00e1n desarrollando encuentros por la memoria en diferentes puntos del \u00e1rea metropolitana y en Santa Rosa de Cabal entre los meses de marzo y mayo del a\u00f1o en curso.<\/p>\n\n\n\n<p><span class=\"post-content__span\"> <strong>Docente&nbsp;responsable:&nbsp;<\/strong>Jhon Jaime Correa Ram\u00edrez<\/p>\n\n\n\n<p><span class=\"post-content__span\"> <strong>Programa Acad\u00e9mico:&nbsp;<\/strong>Maestr\u00eda en Historia<\/p>\n\n\n\n<p><span class=\"post-content__span\"> <a href=\"https:\/\/vicerrectorias.utp.edu.co\/viie\/wp-content\/uploads\/sites\/3\/Repositorio-Digital-VF.pdf\" target=\"_blank\" rel=\"noreferrer noopener\">[Ver mas informaci\u00f3n Aqu\u00ed]<\/a><\/p>\n<\/div><figure class=\"wp-block-media-text__media\"><img loading=\"lazy\" decoding=\"async\" width=\"300\" height=\"220\" src=\"https:\/\/vicerrectorias.utp.edu.co\/viie\/wp-content\/uploads\/sites\/3\/paro-nacional.png\" alt=\"\" class=\"wp-image-11630 size-full\"\/><\/figure><\/div>\n\n\n\n<p><span class=\"post-content__span\"> <\/p>\n\n\n\n<div class=\"wp-block-buttons has-custom-font-size has-small-font-size is-content-justification-right is-layout-flex wp-container-core-buttons-is-layout-765c4724 wp-block-buttons-is-layout-flex\">\n<div class=\"wp-block-button\"><a class=\"wp-block-button__link wp-element-button\" href=\"https:\/\/vicerrectorias.utp.edu.co\/viie\/actividades-y-proyectos-de-extension-destacados\/\">Atr\u00e1s<\/a><\/div>\n<\/div>\n","protected":false},"excerpt":{"rendered":"<p>Categor\u00eda:&nbsp;Proyectos de extensi\u00f3n social. Descripci\u00f3n:&nbsp;Reconocer el rol de las pr\u00e1cticas comunitarias en el tejido social y en las redes de cuidado en escenarios de acci\u00f3n de la Asociaci\u00f3n Territorios de [&#8230;]<\/p>\n","protected":false},"author":0,"featured_media":0,"comment_status":"closed","ping_status":"closed","sticky":false,"template":"","format":"standard","meta":{"footnotes":""},"categories":[1],"tags":[],"class_list":["post-4071","post","type-post","status-publish","format-standard","hentry","category-sin-categoria"],"_links":{"self":[{"href":"https:\/\/vicerrectorias.utp.edu.co\/viie\/wp-json\/wp\/v2\/posts\/4071","targetHints":{"allow":["GET"]}}],"collection":[{"href":"https:\/\/vicerrectorias.utp.edu.co\/viie\/wp-json\/wp\/v2\/posts"}],"about":[{"href":"https:\/\/vicerrectorias.utp.edu.co\/viie\/wp-json\/wp\/v2\/types\/post"}],"replies":[{"embeddable":true,"href":"https:\/\/vicerrectorias.utp.edu.co\/viie\/wp-json\/wp\/v2\/comments?post=4071"}],"version-history":[{"count":17,"href":"https:\/\/vicerrectorias.utp.edu.co\/viie\/wp-json\/wp\/v2\/posts\/4071\/revisions"}],"predecessor-version":[{"id":15113,"href":"https:\/\/vicerrectorias.utp.edu.co\/viie\/wp-json\/wp\/v2\/posts\/4071\/revisions\/15113"}],"wp:attachment":[{"href":"https:\/\/vicerrectorias.utp.edu.co\/viie\/wp-json\/wp\/v2\/media?parent=4071"}],"wp:term":[{"taxonomy":"category","embeddable":true,"href":"https:\/\/vicerrectorias.utp.edu.co\/viie\/wp-json\/wp\/v2\/categories?post=4071"},{"taxonomy":"post_tag","embeddable":true,"href":"https:\/\/vicerrectorias.utp.edu.co\/viie\/wp-json\/wp\/v2\/tags?post=4071"}],"curies":[{"name":"wp","href":"https:\/\/api.w.org\/{rel}","templated":true}]}}